{"id":70112,"date":"2024-06-22T11:00:13","date_gmt":"2024-06-22T09:00:13","guid":{"rendered":"https:\/\/miradordeatarfe.es\/?p=70112"},"modified":"2024-06-22T11:44:54","modified_gmt":"2024-06-22T09:44:54","slug":"atarfe-candidata-para-ser-villa-europea-del-deporte-en-2026","status":"publish","type":"post","link":"https:\/\/miradordeatarfe.es\/?p=70112","title":{"rendered":"\u00a1Atarfe candidata para ser Villa Europea del Deporte en 2026!"},"content":{"rendered":"<div class=\"x11i5rnm xat24cr x1mh8g0r x1vvkbs xtlvy1s x126k92a\">\n<h3 dir=\"auto\" style=\"text-align: justify;\">Una gran noticia para todos los deportistas y vecinos de Atarfe. El Ayuntamiento de Atarfe est\u00e1 materializando nuestra apuesta por construir un Atarfe m\u00e1s saludable, desarrollando los valores del deporte como clave para la salud de los Atarfe\u00f1os y las Atarfe\u00f1as.\u00a0<\/h3>\n<div dir=\"auto\" style=\"text-align: justify;\">\u00a0Atarfe ha presentado su candidatura para aspirar al t\u00edtulo de Villa Europea del Deporte en 2026. Este prestigioso reconocimiento se otorga anualmente por la Asociaci\u00f3n de Capitales Europeas del Deporte (ACES) a municipios menores de 25.000 habitantes que destacan por su pol\u00edtica deportiva local, basada en la integraci\u00f3n y mejora de la calidad de vida.\u00a0<\/div>\n<div dir=\"auto\" style=\"text-align: justify;\">\u00a0<\/div>\n<\/div>\n<div class=\"x11i5rnm xat24cr x1mh8g0r x1vvkbs xtlvy1s x126k92a\" style=\"text-align: justify;\">\n<div dir=\"auto\">Este t\u00edtulo nos brinda visibilidad y reconocimiento a nivel europeo,\u00a0 tambi\u00e9n ofrece oportunidades de patrocinio, colaboraci\u00f3n en subvenciones y un retorno econ\u00f3mico significativo por las actividades deportivas en nuestro municipio.Adem\u00e1s, este reconocimiento premia el esfuerzo conjunto de todo el tejido deportivo de Atarfe.\u00a0<\/div>\n<\/div>\n<div class=\"x11i5rnm xat24cr x1mh8g0r x1vvkbs xtlvy1s x126k92a\" style=\"text-align: justify;\">\n<div dir=\"auto\">\u00a0<\/div>\n<\/div>\n<div class=\"x11i5rnm xat24cr x1mh8g0r x1vvkbs xtlvy1s x126k92a\" style=\"text-align: justify;\">\n<div dir=\"auto\">\u00a0La evaluaci\u00f3n por parte de los miembros de ACES Europe <strong>se realizar\u00e1 el 6\/7 de mayo de 2025<\/strong>. Las ciudades que presentan su candidatura son evaluadas con 12 indicadores, entre los que se incluye el porcentaje de poblaci\u00f3n que practica deporte, las instalaciones deportivas, los proyectos futuros en materia deportiva, entre otros. Unos indicadores con los que se puede obtener una puntuaci\u00f3n m\u00e1xima de 100 puntos. Sin embargo, para poder conseguir ese t\u00edtulo de &#8216;Ciudad Europea del Deporte&#8217; se deber\u00e1 obtener una puntuaci\u00f3n de, al menos, 75 puntos sobre 100.<\/div>\n<div dir=\"auto\">\u00a0<\/div>\n<div dir=\"auto\">Con ello, desde la propia ACES Europe confirman que se trata de una \u00abherramienta emocional\u00bb y que busca fomentar las actividades deportivas \u00abdurante los 365 d\u00edas al a\u00f1o\u00bb. Precisamente, esta organizaci\u00f3n cuenta con varias categor\u00edas para reconocer la labor en Deporte.<\/p>\n<p><a class=\"extLink\" title=\"se abrir\u00e1 una nueva ventana en el navegador\" href=\"https:\/\/aceseurope.eu\/\" target=\"_blank\" rel=\"noreferrer nofollow noopener\"> ACES Europe <\/a> es una asociaci\u00f3n sin \u00e1nimo de lucro con sede en Bruselas que desde su creaci\u00f3n en 1999 otorga, entre otros, el T\u00edtulo de Capital Europea del Deporte, de acuerdo con los principios de responsabilidad y \u00e9tica, y buscando como objetivo promover el deporte entre todos los ciudadanos y ciudadanas de la Uni\u00f3n Europea; como canal de cohesi\u00f3n social y para mejorar la salud y la calidad de vida de la poblaci\u00f3n.<\/p>\n<p>La iniciativa y la labor que lleva a cabo ACES Europe tiene el reconocimiento de la Comisi\u00f3n Europea en el Libro Blanco del Deporte (art.50) y siendo su socio oficial en la Semana Europea del Deporte.<\/p>\n<\/div>\n<\/div>\n<div class=\"x11i5rnm xat24cr x1mh8g0r x1vvkbs xtlvy1s x126k92a\">\n<div dir=\"auto\" style=\"text-align: justify;\">\u00a0Vamos a demostrar que Atarfe merece ser Villa Europea del Deporte 2026.\u00a0<\/div>\n<\/div>\n","protected":false},"excerpt":{"rendered":"<p>Una gran noticia para todos los deportistas y vecinos de Atarfe. El Ayuntamiento de Atarfe&#8230;<\/p>\n","protected":false},"author":1,"featured_media":70113,"comment_status":"closed","ping_status":"closed","sticky":false,"template":"","format":"standard","meta":{"_coblocks_attr":"","_coblocks_dimensions":"","_coblocks_responsive_height":"","_coblocks_accordion_ie_support":"","jetpack_post_was_ever_published":false,"_jetpack_newsletter_access":"","_jetpack_dont_email_post_to_subs":false,"_jetpack_newsletter_tier_id":0,"_jetpack_memberships_contains_paywalled_content":false,"_jetpack_memberships_contains_paid_content":false,"footnotes":"","jetpack_publicize_message":"","jetpack_publicize_feature_enabled":true,"jetpack_social_post_already_shared":false,"jetpack_social_options":{"image_generator_settings":{"template":"highway","default_image_id":0,"enabled":false},"version":2}},"categories":[182,186,44],"tags":[],"class_list":["post-70112","post","type-post","status-publish","format-standard","has-post-thumbnail","hentry","category-deportes","category-instituciones","category-noticias-de-hoy"],"jetpack_publicize_connections":[],"jetpack_featured_media_url":"https:\/\/i0.wp.com\/miradordeatarfe.es\/wp-content\/uploads\/2024\/06\/web-2210.jpg?fit=600%2C556&ssl=1","jetpack_likes_enabled":true,"jetpack_sharing_enabled":true,"_links":{"self":[{"href":"https:\/\/miradordeatarfe.es\/index.php?rest_route=\/wp\/v2\/posts\/70112","targetHints":{"allow":["GET"]}}],"collection":[{"href":"https:\/\/miradordeatarfe.es\/index.php?rest_route=\/wp\/v2\/posts"}],"about":[{"href":"https:\/\/miradordeatarfe.es\/index.php?rest_route=\/wp\/v2\/types\/post"}],"author":[{"embeddable":true,"href":"https:\/\/miradordeatarfe.es\/index.php?rest_route=\/wp\/v2\/users\/1"}],"replies":[{"embeddable":true,"href":"https:\/\/miradordeatarfe.es\/index.php?rest_route=%2Fwp%2Fv2%2Fcomments&post=70112"}],"version-history":[{"count":1,"href":"https:\/\/miradordeatarfe.es\/index.php?rest_route=\/wp\/v2\/posts\/70112\/revisions"}],"predecessor-version":[{"id":70114,"href":"https:\/\/miradordeatarfe.es\/index.php?rest_route=\/wp\/v2\/posts\/70112\/revisions\/70114"}],"wp:featuredmedia":[{"embeddable":true,"href":"https:\/\/miradordeatarfe.es\/index.php?rest_route=\/wp\/v2\/media\/70113"}],"wp:attachment":[{"href":"https:\/\/miradordeatarfe.es\/index.php?rest_route=%2Fwp%2Fv2%2Fmedia&parent=70112"}],"wp:term":[{"taxonomy":"category","embeddable":true,"href":"https:\/\/miradordeatarfe.es\/index.php?rest_route=%2Fwp%2Fv2%2Fcategories&post=70112"},{"taxonomy":"post_tag","embeddable":true,"href":"https:\/\/miradordeatarfe.es\/index.php?rest_route=%2Fwp%2Fv2%2Ftags&post=70112"}],"curies":[{"name":"wp","href":"https:\/\/api.w.org\/{rel}","templated":true}]}}