{"id":70147,"date":"2024-06-20T11:42:35","date_gmt":"2024-06-20T09:42:35","guid":{"rendered":"https:\/\/miradordeatarfe.es\/?p=70147"},"modified":"2024-06-20T11:48:22","modified_gmt":"2024-06-20T09:48:22","slug":"70147","status":"publish","type":"post","link":"https:\/\/miradordeatarfe.es\/?p=70147","title":{"rendered":"ATARFE: Se pone en marcha la Comunidad Energ\u00e9tica. Energ\u00eda solar accesible a hogares y peque\u00f1os negocios."},"content":{"rendered":"<h1 style=\"text-align: justify;\">La COMUNIDAD ENERG\u00c9TICA DE ATARFE contin\u00faa su andadura. Tanto si has asistido a las reuniones precedentes como si no, ac\u00e9rcate para informarte y unirte al proyecto. Hoy a las <\/h1>\n<h1 style=\"text-align: justify;\"><strong>QU\u00c9 SUPONE TENER ACCESO A INSTALACION FOTOVOLT\u00c1ICA. AUTOCONSUMO ENERG\u00c9TICO<\/strong><\/h1>\n<p style=\"text-align: justify;\">Normalmente supone tener una instalaci\u00f3n de placas fotovoltaicas en tejado o terraza. La vida estimada de funcionamiento adecuado de las placas est\u00e1 en torno a 20-25 a\u00f1os. La cantidad a instalar va en funci\u00f3n de un estudio que se realiza sobre el consumo de un a\u00f1o. Suele estar entre 3 o 4 kW\/h en una vivienda normal. Mediante una Comunidad Energ\u00e9tica se puede disponer de autoconsumo con placas instaladas en un espacio compartido, normalmente por cesi\u00f3n municipal. Los peque\u00f1os negocios en bajos comerciales (aunque sean alquilados) pueden pertenecer a la Comunidad Energ\u00e9tica y tener todas las ventajas DEL AUTOCONSUMO.<\/p>\n<p style=\"text-align: justify;\"><strong><em>VENTAJAS.<\/em><\/strong>\u00a0Se reduce en consumo de energ\u00eda externa, en la medida que centramos nuestro consumo en horas en las que las placas est\u00e9n produciendo energ\u00eda.<\/p>\n<p style=\"text-align: justify;\"><strong><em>\u00bfCu\u00e1nto se ahorra?<\/em><\/strong>\u00a0En funci\u00f3n de c\u00f3mo se aprovecha la energ\u00eda producida. Se ahora m\u00e1s si se adaptan los h\u00e1bitos de consumo y se centran en horario de sol. El ahorro suele superar el 50% del recibo, pudiendo llegar al 80%. La inversi\u00f3n se suele amortizar entre 5 y 8 a\u00f1os.<\/p>\n<p style=\"text-align: justify;\"><strong><em>\u00bfQu\u00e9 pasa con la energ\u00eda que se produce y no se consume?<\/em><\/strong>\u00a0La empresa comercializadora te compensa en el recibo la energ\u00eda excedente, siempre a un precio inferior al que t\u00fa compras (por eso se recomienda ajustar y concentrar el gasto en el periodo de producci\u00f3n de energ\u00eda). En periodos de alta producci\u00f3n y bajo consumo (\u00bfvacaciones?) el exceso de producci\u00f3n no consumido se puede ahorrar en las llamadas \u201cbater\u00edas virtuales\u201d donde la empresa comercializadora te guarda el dinero compensado no gastado, para meses en que tengas m\u00e1s consumo.<\/p>\n<p style=\"text-align: justify;\"><strong><em>Ventajas Socio-Ambientales<\/em><\/strong>. Este tipo de estructura genera cohesi\u00f3n social, compacta la comunidad y dan entidad y valor a nuestro pueblo. Adem\u00e1s, es la forma m\u00e1s directa de participar en la lucha contra el cambio clim\u00e1tico y de democratizar la energ\u00eda, al ponerla en manos de usuarios y no de grandes empresas y monopolios especuladores.<\/p>\n<p style=\"text-align: justify;\"><a href=\"https:\/\/i0.wp.com\/miradordeatarfe.es\/wp-content\/uploads\/2024\/06\/charla-de-junio-2024.jpg?ssl=1\"><img data-recalc-dims=\"1\" loading=\"lazy\" decoding=\"async\" class=\"wp-image-70152  alignleft\" src=\"https:\/\/i0.wp.com\/miradordeatarfe.es\/wp-content\/uploads\/2024\/06\/charla-de-junio-2024.jpg?resize=484%2C685&#038;ssl=1\" alt=\"\" width=\"484\" height=\"685\" srcset=\"https:\/\/i0.wp.com\/miradordeatarfe.es\/wp-content\/uploads\/2024\/06\/charla-de-junio-2024.jpg?w=600&amp;ssl=1 600w, https:\/\/i0.wp.com\/miradordeatarfe.es\/wp-content\/uploads\/2024\/06\/charla-de-junio-2024.jpg?resize=212%2C300&amp;ssl=1 212w\" sizes=\"auto, (max-width: 484px) 100vw, 484px\" \/><\/a><\/p>\n<p style=\"text-align: justify;\"><strong>COMUNIDAD ENERG\u00c9TICA.<\/strong>\u00a0Es una estructura legal, creada por la Uni\u00f3n Europea, y con normativa a nivel estatal, que facilita el acceso al AUTOCONSUMO ENERG\u00c9TICO. Se crea una Asociaci\u00f3n o una Cooperativa, para este fin. Se acuerda con el Ayuntamiento una cesi\u00f3n de uso de espacio (tejado) municipal, por un tiempo en torno a 25 a\u00f1os, sin cuota de alquil\u00e9, aunque se le suele ceder un peque\u00f1o porcentaje de la producci\u00f3n para fines sociales. En ese espacio, la comunidad contrata la instalaci\u00f3n de placas, en cantidad adecuada a las necesidades de las personas asociadas (cada una con la cantidad que desee). Los gastos de instalaci\u00f3n son asumidos por las personas que van a usar la energ\u00eda producida, en funci\u00f3n de la cuota de participaci\u00f3n y uso. La compa\u00f1\u00eda distribuidora (Endesa) y la comercializadora (\u00bf?) asigna el porcentaje de producci\u00f3n al contador de la vivienda que se les diga, y asume toda la relaci\u00f3n comercial referente a la energ\u00eda (producida, consumida, excedente \u2026)<\/p>\n<p style=\"text-align: justify;\">Adem\u00e1s, la Comunidad hace frente a gastos de mantenimiento y posibles reparaciones, mediante cuotas de sus asociados. El mantenimiento de una instalaci\u00f3n fotovoltaica es muy bajo, una o dos limpiezas al a\u00f1o, m\u00e1s supervisi\u00f3n de conversores.<\/p>\n<p style=\"text-align: justify;\"><strong><em>\u00a0<\/em><\/strong><strong><em>PASOS PARA COMUNIDAD:<\/em><\/strong><\/p>\n<ol style=\"text-align: justify;\">\n<li>Personas dinamizadoras e interesadas. Equipo de asesoramiento (se tiene)<\/li>\n<li>Decidir el modelo organizativo: Asociaci\u00f3n o Cooperativa. Atraer m\u00e1s personas.<\/li>\n<li>Equipo motor (3-5) personas para gestora que analiza estatutos y elabora propuesta adaptada a Atarfe e intereses de personas interesadas.<\/li>\n<li>Asamblea para aprobar estatutos y elegir directiva<\/li>\n<li>Legalizar estatutos. Mientras se legaliza (un par de meses):<\/li>\n<\/ol>\n<p style=\"text-align: justify;\">\u00a0Ir elaborando el Reglamento de Funcionamiento.<\/p>\n<p style=\"text-align: justify;\">Difundir existencia de la Comunidad Energ\u00e9tica. Atraer socios.<\/p>\n<p>Estudio de necesidades de cada socio consumidor de energ\u00eda<\/p>\n<p>Concretar acuerdo con Ayuntamiento<\/p>\n<p>Presupuestos de empresas instaladoras<\/p>\n<ol start=\"6\">\n<li>Una vez aprobados los estatutos. Asamblea de personas asociadas.\n<ol>\n<li>Repaso de todo lo avanzado<\/li>\n<li>Establecer plan de trabajo. Equipos de trabajo y responsabilidades<\/li>\n<li>Plan de pago de gastos en funci\u00f3n de cuota de consumo energ\u00e9tico<\/li>\n<li>Comenzar la instalaci\u00f3n de placas,<\/li>\n<li>\u2026..<\/li>\n<\/ol>\n<\/li>\n<li>Comunicar a Endesa el reparto de porcentajes de energ\u00eda.<\/li>\n<li>Gestionar la empresa Comercializadora.<\/li>\n<li>FUNCIONAR \u2026<\/li>\n<\/ol>\n<h2><strong><em>PASOS PARA INCORPORARSE A NIVEL INDIVIDUAL<\/em><\/strong><\/h2>\n<p>Adem\u00e1s de conocer la existencia y funcionamiento, quien quiera pertenecer, ha de:<\/p>\n<ol>\n<li>Contacto con grupo motor\/Comisi\u00f3n gestora.<\/li>\n<li>Cumplimentar impreso de solicitud. Pago de cuota base.<\/li>\n<li>Se hace estudio de necesidades energ\u00e9ticas y de kW\/h que necesitar\u00eda<\/li>\n<li>Decidir en cuantos kW\/h participa y compromiso de pagos.<\/li>\n<\/ol>\n<p><strong><em>\u00a0<\/em><\/strong><\/p>\n<p><strong><em>LA COMUNIDAD ENERG\u00c9TICA DE ATARFE\u2026 \u00a1Ya est\u00e1 en marcha! \u00a1Inf\u00f3rmate! \u00a1\u00daNETE!<\/em><\/strong><\/p>\n<p><a href=\"https:\/\/i0.wp.com\/miradordeatarfe.es\/wp-content\/uploads\/2024\/06\/logo.png?ssl=1\"><img data-recalc-dims=\"1\" loading=\"lazy\" decoding=\"async\" class=\"alignnone wp-image-70148 \" src=\"https:\/\/i0.wp.com\/miradordeatarfe.es\/wp-content\/uploads\/2024\/06\/logo.png?resize=235%2C259&#038;ssl=1\" alt=\"\" width=\"235\" height=\"259\" \/><\/a><\/p>\n","protected":false},"excerpt":{"rendered":"<p>La COMUNIDAD ENERG\u00c9TICA DE ATARFE contin\u00faa su andadura. Tanto si has asistido a las reuniones&#8230;<\/p>\n","protected":false},"author":1,"featured_media":70149,"comment_status":"closed","ping_status":"closed","sticky":false,"template":"","format":"standard","meta":{"_coblocks_attr":"","_coblocks_dimensions":"","_coblocks_responsive_height":"","_coblocks_accordion_ie_support":"","jetpack_post_was_ever_published":false,"_jetpack_newsletter_access":"","_jetpack_dont_email_post_to_subs":false,"_jetpack_newsletter_tier_id":0,"_jetpack_memberships_contains_paywalled_content":false,"_jetpack_memberships_contains_paid_content":false,"footnotes":"","jetpack_publicize_message":"","jetpack_publicize_feature_enabled":true,"jetpack_social_post_already_shared":true,"jetpack_social_options":{"image_generator_settings":{"template":"highway","default_image_id":0,"enabled":false},"version":2}},"categories":[7725,186,44],"tags":[],"class_list":["post-70147","post","type-post","status-publish","format-standard","has-post-thumbnail","hentry","category-atarfe-sostenible","category-instituciones","category-noticias-de-hoy"],"jetpack_publicize_connections":[],"jetpack_featured_media_url":"https:\/\/i0.wp.com\/miradordeatarfe.es\/wp-content\/uploads\/2024\/06\/RTVE_INFORME_SEMANAL_EnergiaEnComunidad.jpg?fit=1350%2C759&ssl=1","jetpack_likes_enabled":true,"jetpack_sharing_enabled":true,"_links":{"self":[{"href":"https:\/\/miradordeatarfe.es\/index.php?rest_route=\/wp\/v2\/posts\/70147","targetHints":{"allow":["GET"]}}],"collection":[{"href":"https:\/\/miradordeatarfe.es\/index.php?rest_route=\/wp\/v2\/posts"}],"about":[{"href":"https:\/\/miradordeatarfe.es\/index.php?rest_route=\/wp\/v2\/types\/post"}],"author":[{"embeddable":true,"href":"https:\/\/miradordeatarfe.es\/index.php?rest_route=\/wp\/v2\/users\/1"}],"replies":[{"embeddable":true,"href":"https:\/\/miradordeatarfe.es\/index.php?rest_route=%2Fwp%2Fv2%2Fcomments&post=70147"}],"version-history":[{"count":3,"href":"https:\/\/miradordeatarfe.es\/index.php?rest_route=\/wp\/v2\/posts\/70147\/revisions"}],"predecessor-version":[{"id":70153,"href":"https:\/\/miradordeatarfe.es\/index.php?rest_route=\/wp\/v2\/posts\/70147\/revisions\/70153"}],"wp:featuredmedia":[{"embeddable":true,"href":"https:\/\/miradordeatarfe.es\/index.php?rest_route=\/wp\/v2\/media\/70149"}],"wp:attachment":[{"href":"https:\/\/miradordeatarfe.es\/index.php?rest_route=%2Fwp%2Fv2%2Fmedia&parent=70147"}],"wp:term":[{"taxonomy":"category","embeddable":true,"href":"https:\/\/miradordeatarfe.es\/index.php?rest_route=%2Fwp%2Fv2%2Fcategories&post=70147"},{"taxonomy":"post_tag","embeddable":true,"href":"https:\/\/miradordeatarfe.es\/index.php?rest_route=%2Fwp%2Fv2%2Ftags&post=70147"}],"curies":[{"name":"wp","href":"https:\/\/api.w.org\/{rel}","templated":true}]}}