{"id":70174,"date":"2024-06-22T11:29:14","date_gmt":"2024-06-22T09:29:14","guid":{"rendered":"https:\/\/miradordeatarfe.es\/?p=70174"},"modified":"2024-06-21T17:32:41","modified_gmt":"2024-06-21T15:32:41","slug":"atarfe-la-cora-de-ilbira-se-reune-con-la-concejala-de-cultura","status":"publish","type":"post","link":"https:\/\/miradordeatarfe.es\/?p=70174","title":{"rendered":"ATARFE: LA CORA DE ILBIRA SE RE\u00daNE CON LA CONCEJALA DE CULTURA"},"content":{"rendered":"<div class=\"panel-center col-lg-9 col-md-9 col-sm-12 col-md-push-3 col-sm-push-0\">\n<article id=\"post-2862\" class=\"post-2862 post type-post status-publish format-standard has-post-thumbnail category-actividades category-atarfe category-madinat-ilbira category-medina-elvira category-noticias category-voluntariado\">\n<div class=\"entry-content post-content\">\n<h3 style=\"text-align: justify;\">El pasado d\u00eda 18 de junio 2024, \u201cla ASOCIACI\u00d3N LA CORA DE ILBIRA\u201d, mantuvo una nueva reuni\u00f3n de coordinaci\u00f3n, con la Concejala de Cultura, responsable de la gesti\u00f3n municipal del yacimiento de Madinat Ilbira, D\u00aa Jennifer Moreno Garc\u00eda,<\/h3>\n<p style=\"text-align: justify;\">A dicha reuni\u00f3n asistieron los siguientes integrantes de la Junta Directiva justificando la ausencia de los dem\u00e1s miembros por motivos laborales:<\/p>\n<p style=\"text-align: justify;\">Fabiola Garc\u00eda Montijano<br \/>\nManuel Codina Valero<br \/>\nFrancisco Rodr\u00edguez Quesada<br \/>\nFrancisca Fuillerat P\u00e9rez<\/p>\n<p style=\"text-align: justify;\">El objetivo de dicha reuni\u00f3n, era compartir informaci\u00f3n entre la Concejala y la Asociaci\u00f3n, en torno a las actividades a programar entre la Asociaci\u00f3n y la Instituci\u00f3n Municipal.<\/p>\n<p style=\"text-align: justify;\">Como primera actividad se le present\u00f3 la iniciativa de<em><strong> elaborar un comic,<\/strong><\/em> en el que se relate la <strong><em>historia de Medina Elvira<\/em> <\/strong>de forma amena y accesible a toda la poblaci\u00f3n atarfe\u00f1a, especialmente a la m\u00e1s joven y de utilidad para los centros escolares. Fue una propuesta muy bien acogida, por considerar, que es muy importante concienciarnos sobre nuestro Patrimonio y nuestros antecesores.<\/p>\n<p style=\"text-align: justify;\">Igualmente se encontraba presente, D. Juanjo Meg\u00edas Jim\u00e9nez, paisano atarfe\u00f1o, experto dibujante, que trabaja entre Granada y Madrid (Espa\u00f1a) como dibujante de c\u00f3mics, ilustrador y humorista gr\u00e1fico. Tambi\u00e9n como dise\u00f1ador gr\u00e1fico, dise\u00f1ador web y de Apps. Es Licenciado en Bellas Artes, M\u00e1ster en Creaci\u00f3n Audiovisual Producci\u00f3n y Difusi\u00f3n por la Universidad de Granada con el que la A.C. \u00abCora de Ilbira\u00bb hab\u00eda mantenido ya una reuni\u00f3n de contacto para la realizaci\u00f3n de dicho comic.<\/p>\n<p style=\"text-align: justify;\">D.Juanjo Meg\u00edas Jim\u00e9nez\u00a0<strong> present\u00f3 un proyecto<\/strong> que incluir\u00e1 tanto la perspectiva digital, como la de papel, y las m\u00faltiples posibilidades que se pueden contemplar (ilustraciones, paneles, juegos\u2026), cuyo presupuesto, se estudiar\u00e1 con el fin de aunar la financiaci\u00f3n con cargo al presupuesto municipal en materia de Cultura y las subvenciones que pueda aportar la Asociaci\u00f3n Cultural \u201cCora de Ilbira\u201d. Igualmente se valor\u00f3 la necesidad de contar con la colaboraci\u00f3n y el apoyo cient\u00edfico e investigador de la C\u00e1tedra G\u00f3mez Moreno y de otras instituciones.<\/p>\n<p>&nbsp;<\/p>\n<p style=\"text-align: justify;\"><img data-recalc-dims=\"1\" loading=\"lazy\" decoding=\"async\" class=\"alignnone wp-image-2864 size-full\" src=\"https:\/\/i0.wp.com\/lacoradeilbira.es\/wp-content\/uploads\/2024\/06\/reunion-con-concejala1.jpg?resize=640%2C360\" sizes=\"auto, (max-width: 2040px) 100vw, 2040px\" srcset=\"https:\/\/lacoradeilbira.es\/wp-content\/uploads\/2024\/06\/reunion-con-concejala1.jpg 2040w, https:\/\/lacoradeilbira.es\/wp-content\/uploads\/2024\/06\/reunion-con-concejala1-300x169.jpg 300w, https:\/\/lacoradeilbira.es\/wp-content\/uploads\/2024\/06\/reunion-con-concejala1-1024x576.jpg 1024w, https:\/\/lacoradeilbira.es\/wp-content\/uploads\/2024\/06\/reunion-con-concejala1-768x432.jpg 768w, https:\/\/lacoradeilbira.es\/wp-content\/uploads\/2024\/06\/reunion-con-concejala1-1536x864.jpg 1536w\" alt=\"\" width=\"640\" height=\"360\" \/><\/p>\n<p style=\"text-align: justify;\">Con respecto a la programaci\u00f3n de actividades de la Asociaci\u00f3n, previstas para el segundo semestre de 2024, se seguir\u00e1n organizando conferencias de temas relacionados con la historia de Medina Elvira y se difundir\u00e1n los actos convocados por la el Museo Arqueol\u00f3gico de Granada a trav\u00e9s de la Campa\u00f1a \u201cLos Martes de Castril\u201d.<\/p>\n<p>Para dichas conferencias se acord\u00f3 invitar a la Directora del Museo, al Delegado de Cultura, el Legado Andalus\u00ed, Patronato de la Alhambra etc, para conocer m\u00e1s de cerca, los planes de la Junta de Andaluc\u00eda, con respecto al compromiso de la recuperaci\u00f3n de Madinat Ilbira.<\/p>\n<p>Seg\u00fan inform\u00f3 la Sra. Concejala, la limpieza de la nave, con uso de laboratorio y almac\u00e9n de propiedad municipal ubicada en el t\u00e9rmino de La Lastra, est\u00e1 muy pr\u00f3xima a concluir, como paso previo a la puesta en marcha de futuras visitas guiadas al Yacimiento.<\/p>\n<p>Un tema considerado muy importante es la existencia del Plan Director aprobado por el Pleno del Ayuntamiento de Atarfe en Mayo de 2023, documento que garantiza y define las diferentes l\u00edneas de acci\u00f3n necesarias para la ejecuci\u00f3n de los objetivos\u00a0 trazados para Medina Elvira y que ser\u00e1 presentado a nuestro pueblo y a las autoridades con competencia en la materia, en el contexto de las pr\u00f3ximas excavaciones que se desarrollen en el Yacimiento, como continuaci\u00f3n del Proyecto de Investigaci\u00f3n iniciado hace a\u00f1os.<\/p>\n<p>Finalmente, se coment\u00f3, la oportunidad de promocionar la m\u00fasica\u00a0 de Medina Elvira, creada por e<span class=\"x193iq5w xeuugli x13faqbe x1vvkbs x1xmvt09 x1lliihq x1s928wv xhkezso x1gmr53x x1cpjm7i x1fgarty x1943h6x xudqn12 x3x7a5m x6prxxf xvq8zen xo1l8bm xzsf02u\" dir=\"auto\">l Compositor Hugo Chinesta<\/span> y presentado el\u00a0 3 de\u00a0 diciembre de 2023, durante un magn\u00edfico acto musical en el Centro Cultural Medina Elvira, a cargo del preciado compositor \u00a0 donde\u00a0 los asistentes pudieron disfrutar de un pasodoble granadino, para voz y Banda <strong>denominado<\/strong><strong class=\"mce\"> \u00abG\u00f3mez-Moreno\u00bb<\/strong> con letra de<strong class=\"mce\"> Manuel Andr\u00e9s Zarapico, interpretado por la maravillosa voz de Mely Zafra.<\/strong> La segunda pieza musical se titul\u00f3 \u00ab<strong class=\"mce\">Evocaci\u00f3n de Madinat Ilbira\u00bb<\/strong>, un preludio sinf\u00f3nico, para Orquesta de Viento con Voz y narrada por la atarfe\u00f1a <strong class=\"mce\">Fuencisla Moreno<\/strong>. Como tercer acto pudimos disfrutar de\u00a0 <strong class=\"mce\">Las Puertas de la Alhambra<\/strong> que se compone de escenas sinf\u00f3nicas para Orquesta de Viento. La \u00faltima fue la de <strong class=\"mce\">Medina Elvira<\/strong>, una impresi\u00f3n Sinf\u00f3nica para Orquesta de Viento.\u00a0 La Concejala expuso la situaci\u00f3n de dichas composiciones\u00a0 que esperamos pronto vean la luz para\u00a0 su difusi\u00f3n.<\/p>\n<p>Ser\u00eda una fant\u00e1stica forma de divulgar el proyecto com\u00fan, a trav\u00e9s del buen hacer de la Banda Municipal de M\u00fasica \u201cCiudad de Atarfe\u201d.<\/p>\n<p>Igualmente se coment\u00f3 la idoneidad de incluir una obra po\u00e9tica, creada por el cantaor profesional Manuel Lorente,<\/p>\n<\/div>\n<\/article>\n<\/div>\n","protected":false},"excerpt":{"rendered":"<p>El pasado d\u00eda 18 de junio 2024, \u201cla ASOCIACI\u00d3N LA CORA DE ILBIRA\u201d, mantuvo una&#8230;<\/p>\n","protected":false},"author":1,"featured_media":70175,"comment_status":"closed","ping_status":"closed","sticky":false,"template":"","format":"standard","meta":{"_coblocks_attr":"","_coblocks_dimensions":"","_coblocks_responsive_height":"","_coblocks_accordion_ie_support":"","jetpack_post_was_ever_published":false,"_jetpack_newsletter_access":"","_jetpack_dont_email_post_to_subs":false,"_jetpack_newsletter_tier_id":0,"_jetpack_memberships_contains_paywalled_content":false,"_jetpack_memberships_contains_paid_content":false,"footnotes":"","jetpack_publicize_message":"","jetpack_publicize_feature_enabled":true,"jetpack_social_post_already_shared":true,"jetpack_social_options":{"image_generator_settings":{"template":"highway","default_image_id":0,"enabled":false},"version":2}},"categories":[2,186,5359,10431,44],"tags":[],"class_list":["post-70174","post","type-post","status-publish","format-standard","has-post-thumbnail","hentry","category-atarfe","category-instituciones","category-madinat-ilbira","category-medina-elvira-2","category-noticias-de-hoy"],"jetpack_publicize_connections":[],"jetpack_featured_media_url":"https:\/\/i0.wp.com\/miradordeatarfe.es\/wp-content\/uploads\/2024\/06\/reunion-con-concejala-thegem-blog-default.jpg?fit=1170%2C540&ssl=1","jetpack_likes_enabled":true,"jetpack_sharing_enabled":true,"_links":{"self":[{"href":"https:\/\/miradordeatarfe.es\/index.php?rest_route=\/wp\/v2\/posts\/70174","targetHints":{"allow":["GET"]}}],"collection":[{"href":"https:\/\/miradordeatarfe.es\/index.php?rest_route=\/wp\/v2\/posts"}],"about":[{"href":"https:\/\/miradordeatarfe.es\/index.php?rest_route=\/wp\/v2\/types\/post"}],"author":[{"embeddable":true,"href":"https:\/\/miradordeatarfe.es\/index.php?rest_route=\/wp\/v2\/users\/1"}],"replies":[{"embeddable":true,"href":"https:\/\/miradordeatarfe.es\/index.php?rest_route=%2Fwp%2Fv2%2Fcomments&post=70174"}],"version-history":[{"count":5,"href":"https:\/\/miradordeatarfe.es\/index.php?rest_route=\/wp\/v2\/posts\/70174\/revisions"}],"predecessor-version":[{"id":70180,"href":"https:\/\/miradordeatarfe.es\/index.php?rest_route=\/wp\/v2\/posts\/70174\/revisions\/70180"}],"wp:featuredmedia":[{"embeddable":true,"href":"https:\/\/miradordeatarfe.es\/index.php?rest_route=\/wp\/v2\/media\/70175"}],"wp:attachment":[{"href":"https:\/\/miradordeatarfe.es\/index.php?rest_route=%2Fwp%2Fv2%2Fmedia&parent=70174"}],"wp:term":[{"taxonomy":"category","embeddable":true,"href":"https:\/\/miradordeatarfe.es\/index.php?rest_route=%2Fwp%2Fv2%2Fcategories&post=70174"},{"taxonomy":"post_tag","embeddable":true,"href":"https:\/\/miradordeatarfe.es\/index.php?rest_route=%2Fwp%2Fv2%2Ftags&post=70174"}],"curies":[{"name":"wp","href":"https:\/\/api.w.org\/{rel}","templated":true}]}}