{"id":70181,"date":"2024-06-24T11:00:51","date_gmt":"2024-06-24T09:00:51","guid":{"rendered":"https:\/\/miradordeatarfe.es\/?p=70181"},"modified":"2024-06-23T17:41:45","modified_gmt":"2024-06-23T15:41:45","slug":"gira-del-grupo-atarfeno-sub-version","status":"publish","type":"post","link":"https:\/\/miradordeatarfe.es\/?p=70181","title":{"rendered":"GIRA DEL GRUPO ATARFE\u00d1O \u00abSUB VERSI\u00d3N\u00bb"},"content":{"rendered":"<h3>SUBVERSION, es un grupo de rock nacido en Atarfe hacia el a\u00f1o 2000, con varios de sus miembros provenientes de otras bandas todas ellas de nuestra localidad.<\/h3>\n<p>La m\u00fasica que hacen son versiones del rock nacional, todo en espa\u00f1ol, de grupos como Fito y fitipaldis, Sabina, Los enemigos, Mclan, Leyva, Le\u00f1o, Manolo Tena, etc.<\/p>\n<p>Sus componentes son:<br \/>\nBlas Mac\u00edas-Guitarra y voz, Manolo Rosillo- Bajo y voz, Jorge Carmona -Bater\u00eda, Lean Andonian- Guitarra.<\/p>\n<p>Son temas muy conocidos por todo el p\u00fablico, pasados por el filtro de la banda y d\u00e1ndoles un toque especial y muy original. Este verano se han lanzado a la carretera en su primera gira veraniega por distintos pueblos de nuestra ciudad, ofreciendo un concierto ameno, divertido, informal y de muy buena calidad de sonido.<\/p>\n<p>Estas son las fechas y lugares donde podremos escucharlos y vibrar con su m\u00fasica:<\/p>\n<p>\n<strong>D\u00eda 29 de Junio Terraza del Restaurante \u201cEL BALC\u00d3N DEL CUBILLAS\u201d<\/strong><br \/>\n<strong>D\u00eda 6 de Julio Gastrobar AQUA en Cogollos<\/strong><br \/>\n<strong>D\u00eda 20 de Julio Fiesta privada en Casilla Zurita Atarfe<\/strong><br \/>\n<strong>D\u00eda 17 de Agosto Chiringuito \u201cENTREMARES\u201d Playa de Calahonda<\/strong><br \/>\n<strong>D\u00eda 24 de Agosto La perla de Andaluc\u00eda (Carchuna)<\/strong><\/p>\n<p><a href=\"https:\/\/i0.wp.com\/miradordeatarfe.es\/wp-content\/uploads\/2024\/06\/448605593_7660404524070468_7625842642296979594_n.jpg?ssl=1\"><img data-recalc-dims=\"1\" loading=\"lazy\" decoding=\"async\" class=\"wp-image-70193 size-full aligncenter\" src=\"https:\/\/i0.wp.com\/miradordeatarfe.es\/wp-content\/uploads\/2024\/06\/448605593_7660404524070468_7625842642296979594_n.jpg?resize=526%2C697&#038;ssl=1\" alt=\"\" width=\"526\" height=\"697\" srcset=\"https:\/\/i0.wp.com\/miradordeatarfe.es\/wp-content\/uploads\/2024\/06\/448605593_7660404524070468_7625842642296979594_n.jpg?w=526&amp;ssl=1 526w, https:\/\/i0.wp.com\/miradordeatarfe.es\/wp-content\/uploads\/2024\/06\/448605593_7660404524070468_7625842642296979594_n.jpg?resize=226%2C300&amp;ssl=1 226w\" sizes=\"auto, (max-width: 526px) 100vw, 526px\" \/><\/a><\/p>\n","protected":false},"excerpt":{"rendered":"<p>SUBVERSION, es un grupo de rock nacido en Atarfe hacia el a\u00f1o 2000, con varios&#8230;<\/p>\n","protected":false},"author":1,"featured_media":70198,"comment_status":"closed","ping_status":"closed","sticky":false,"template":"","format":"standard","meta":{"_coblocks_attr":"","_coblocks_dimensions":"","_coblocks_responsive_height":"","_coblocks_accordion_ie_support":"","jetpack_post_was_ever_published":false,"_jetpack_newsletter_access":"","_jetpack_dont_email_post_to_subs":false,"_jetpack_newsletter_tier_id":0,"_jetpack_memberships_contains_paywalled_content":false,"_jetpack_memberships_contains_paid_content":false,"footnotes":"","jetpack_publicize_message":"","jetpack_publicize_feature_enabled":true,"jetpack_social_post_already_shared":true,"jetpack_social_options":{"image_generator_settings":{"template":"highway","default_image_id":0,"enabled":false},"version":2}},"categories":[12,186,44],"tags":[],"class_list":["post-70181","post","type-post","status-publish","format-standard","has-post-thumbnail","hentry","category-cultura","category-instituciones","category-noticias-de-hoy"],"jetpack_publicize_connections":[],"jetpack_featured_media_url":"https:\/\/i0.wp.com\/miradordeatarfe.es\/wp-content\/uploads\/2024\/06\/IMG-20240622-WA0014.jpg?fit=1079%2C720&ssl=1","jetpack_likes_enabled":true,"jetpack_sharing_enabled":true,"_links":{"self":[{"href":"https:\/\/miradordeatarfe.es\/index.php?rest_route=\/wp\/v2\/posts\/70181","targetHints":{"allow":["GET"]}}],"collection":[{"href":"https:\/\/miradordeatarfe.es\/index.php?rest_route=\/wp\/v2\/posts"}],"about":[{"href":"https:\/\/miradordeatarfe.es\/index.php?rest_route=\/wp\/v2\/types\/post"}],"author":[{"embeddable":true,"href":"https:\/\/miradordeatarfe.es\/index.php?rest_route=\/wp\/v2\/users\/1"}],"replies":[{"embeddable":true,"href":"https:\/\/miradordeatarfe.es\/index.php?rest_route=%2Fwp%2Fv2%2Fcomments&post=70181"}],"version-history":[{"count":2,"href":"https:\/\/miradordeatarfe.es\/index.php?rest_route=\/wp\/v2\/posts\/70181\/revisions"}],"predecessor-version":[{"id":70196,"href":"https:\/\/miradordeatarfe.es\/index.php?rest_route=\/wp\/v2\/posts\/70181\/revisions\/70196"}],"wp:featuredmedia":[{"embeddable":true,"href":"https:\/\/miradordeatarfe.es\/index.php?rest_route=\/wp\/v2\/media\/70198"}],"wp:attachment":[{"href":"https:\/\/miradordeatarfe.es\/index.php?rest_route=%2Fwp%2Fv2%2Fmedia&parent=70181"}],"wp:term":[{"taxonomy":"category","embeddable":true,"href":"https:\/\/miradordeatarfe.es\/index.php?rest_route=%2Fwp%2Fv2%2Fcategories&post=70181"},{"taxonomy":"post_tag","embeddable":true,"href":"https:\/\/miradordeatarfe.es\/index.php?rest_route=%2Fwp%2Fv2%2Ftags&post=70181"}],"curies":[{"name":"wp","href":"https:\/\/api.w.org\/{rel}","templated":true}]}}