{"id":70183,"date":"2024-06-23T11:00:25","date_gmt":"2024-06-23T09:00:25","guid":{"rendered":"https:\/\/miradordeatarfe.es\/?p=70183"},"modified":"2024-06-22T12:44:42","modified_gmt":"2024-06-22T10:44:42","slug":"la-cora-de-ilbira-difunde-el-patrimonio-de-medina-elvira-en-el-ies-iliberis","status":"publish","type":"post","link":"https:\/\/miradordeatarfe.es\/?p=70183","title":{"rendered":"LA CORA DE ILBIRA DIFUNDE EL PATRIMONIO DE MEDINA ELVIRA EN EL IES ILIBERIS"},"content":{"rendered":"<h3 style=\"text-align: justify;\">El d\u00eda 31 de mayo, y como continuaci\u00f3n del proyecto que desarrollamos con la colaboraci\u00f3n de la Diputaci\u00f3n Provincial de Granada sobre difusi\u00f3n en los Centros Educativos de Atarfe de la etapa de Al-andaluz en nuestro municipio, celebramos la \u00faltima charla\u00a0 de este curso escolar.<\/h3>\n<p style=\"text-align: justify;\"><em><i>La actividad incluy\u00f3 la instalaci\u00f3n y permanencia durante una semana en el hall del Instituto Il\u00edberis, de los <strong>11 paneles informativos, que componen la Exposici\u00f3n Itinerante, \u201cMadinat Ilbira: Un tesoro por descubrir\u201d,<\/strong> elaborada por la Junta Directiva de la Asociaci\u00f3n Cultural \u201cCora de Ilbira\u201d, bajo la direcci\u00f3n y asesoramiento de profesionales integrantes de la C\u00e1tedra \u201cG\u00f3mez Moreno\u201d de la Universidad de Granada, dirigida por D. Guillermo Garc\u00eda-Contreras.<\/i><\/em><\/p>\n<p style=\"text-align: justify;\">Al igual que en el curso 2023-2024, la profesora encargada de su organizaci\u00f3n ha sido D\u00aa Inmaculada Mart\u00ednez Varo, qui\u00e9n abri\u00f3 las puertas del Curso 1\u00ba de Bachillerato B, dedicando la asignatura Optativa \u201cPatrimonio Cultural de Andaluc\u00eda\u201d a dicha actividad.<\/p>\n<p style=\"text-align: justify;\">En esta ocasi\u00f3n, Manuel Codina Valero, Vocal de Redes Sociales y Paqui Fuillerat P\u00e9rez, Presidenta de la Asociaci\u00f3n Cultural \u201cCora de Ilbira\u201d, durante una hora, realizaron un paseo por la historia de Medina Elvira, compartiendo con el alumnado del Curso 1\u00ba de Bachillera B, una peque\u00f1a parte de toda la informaci\u00f3n disponible sobre Medina Elvira.<\/p>\n<p style=\"text-align: justify;\">Al comienzo de la intervenci\u00f3n, se expuso, qu\u00e9 es la Asociaci\u00f3n Cultural La \u201cCora de Ilbira\u201d, organizaci\u00f3n sin \u00e1nimo de lucro, cuyo objetivo es promover la investigaci\u00f3n de nuestro pasado hist\u00f3rico y descubrir lo que signific\u00f3 en aquella sociedad de Al-Andalus, las actividades que organiza, como conferencias y la existencia de un Grupo de Voluntariado, con experiencia en excavaciones arqueol\u00f3gicas.<\/p>\n<p style=\"text-align: justify;\">La Historia, la situaci\u00f3n geogr\u00e1fica de Medina Elvira en la Edad Media, los restos arqueol\u00f3gicos hallados y depositados en el \u00a0Museo Arqueol\u00f3gico Provincial de Granada, destacando el plato del Ataifor, por el que transitamos todos los d\u00edas, al cruzar la Plaza del Ayuntamiento de Atarfe en su versi\u00f3n de empedrado granadino, la redoma de las liebres, las l\u00e1mparas que indican la existencia de un Mezquita Mayor o Aljama, los numerosos testimonios escritos que dan cuenta de c\u00f3mo se desarrollaba la vida de\u00a0la poblaci\u00f3n que habitaba Medina Elvira\u00a0y finalmente el traslado a la Garnata, capital de Granada.<\/p>\n<p style=\"text-align: justify;\">A trav\u00e9s de los paneles mencionados, pudieron identificar lugares comunes de nuestro pueblo, sobre los que desconoc\u00edan que se encontraban en el coraz\u00f3n de una parte importante de nuestro pasado musulm\u00e1n.<\/p>\n<p style=\"text-align: justify;\"><a href=\"https:\/\/i0.wp.com\/miradordeatarfe.es\/wp-content\/uploads\/2024\/06\/1078853.jpg?ssl=1\"><img data-recalc-dims=\"1\" loading=\"lazy\" decoding=\"async\" class=\"wp-image-70185 size-full alignleft\" src=\"https:\/\/i0.wp.com\/miradordeatarfe.es\/wp-content\/uploads\/2024\/06\/1078853.jpg?resize=400%2C300&#038;ssl=1\" alt=\"\" width=\"400\" height=\"300\" srcset=\"https:\/\/i0.wp.com\/miradordeatarfe.es\/wp-content\/uploads\/2024\/06\/1078853.jpg?w=400&amp;ssl=1 400w, https:\/\/i0.wp.com\/miradordeatarfe.es\/wp-content\/uploads\/2024\/06\/1078853.jpg?resize=300%2C225&amp;ssl=1 300w\" sizes=\"auto, (max-width: 400px) 100vw, 400px\" \/><\/a><\/p>\n<p><em>FOTO: https:\/\/centrosdiagranadafaisem.weebly.com\/aacutelbum-de-fotos.html<\/em><\/p>\n<p style=\"text-align: justify;\">El Camino de las Monjas, la Lastra, el Cerro del Sombrerete, los Caballicos del Rey, espacio de ocio, inolvidable por ser un excelente mirador de la vega granadina donde se encuentra ubicada esa piedra lisa por la que se han deslizados a modo de tobog\u00e1n natural toda la poblaci\u00f3n adulta de Atarfe y donde se puede observar, la \u00fanica pieza expuesta al p\u00fablico de forma natural, de lo que fue parte de la muralla de una de las entradas a Medina Elvira.<\/p>\n<p style=\"text-align: justify;\">Tras la exposici\u00f3n, tuvo lugar un juego, que pone a prueba la capacidad de memoria y atenci\u00f3n del alumnado. Se trata del \u201cKahoot\u201d. El alumnado\u00a0sobre la proyecci\u00f3n en la pantalla puede responder a 10 preguntas, que est\u00e1n relacionadas con la informaci\u00f3n que se ha compartido. La experiencia nos indica, que es un ejercicio que favorece la reflexi\u00f3n en grupo, con unos resultados abrumadoramente positivos.<\/p>\n<p style=\"text-align: justify;\">Los temas sobre los que manifestaron m\u00e1s inter\u00e9s fueron el deseo de realizar una visita guiada al Yacimiento de Medina Elvira, la posibilidad de disponer de \u00a0un Centro de Interpretaci\u00f3n y un Museo, en\u00a0el que se pudieran contemplar originales y en su caso r\u00e9plicas de los materiales m\u00e1s significativos que se encuentran en el Museo Arqueol\u00f3gico. Propuestas que la Asociaci\u00f3n la Cora de Ilbira\u00a0Trasladar\u00e1 a la concejala de Cultura del Ayuntamiento de Atarfe, por ser materia de su competencia.<\/p>\n<p style=\"text-align: justify;\">Vaya nuestro agradecimiento a\u00a0D. <strong><em>Antonio Mar\u00eda L\u00f3pez Oca\u00f1a<\/em><\/strong>,Director y a D\u00aa<strong> <em>Inmaculada Mart\u00ednez Varo<\/em><\/strong>, Profesora del I.E.S. Il\u00edberis, por su colaboraci\u00f3n en una nueva edici\u00f3n de la campa\u00f1a informativa sobre Medina Elvira.<\/p>\n<p style=\"text-align: justify;\">Una vez m\u00e1s, la Asociaci\u00f3n Cultural la\u00a0\u201c\u00a0Cora de Ilbira\u201d ha cumplido con uno de sus objetivos m\u00e1s importantes y que la definen ante nuestro pueblo: \u201cDar a conocer al alumnado su patrimonio local y la historia de nuestro pueblo. Conocer el patrimonio para protegerlo\u201d.<\/p>\n<p style=\"text-align: justify;\"><a href=\"https:\/\/miradordeatarfe.es\/wp-content\/uploads\/2024\/06\/DSC08704-scaled.jpg\">\u00a0 <\/a><a href=\"https:\/\/i0.wp.com\/miradordeatarfe.es\/wp-content\/uploads\/2024\/06\/DSC08704-scaled.jpg?ssl=1\"><img data-recalc-dims=\"1\" loading=\"lazy\" decoding=\"async\" class=\"wp-image-70187 size-large aligncenter\" src=\"https:\/\/i0.wp.com\/miradordeatarfe.es\/wp-content\/uploads\/2024\/06\/DSC08704.jpg?resize=640%2C480&#038;ssl=1\" alt=\"\" width=\"640\" height=\"480\" srcset=\"https:\/\/i0.wp.com\/miradordeatarfe.es\/wp-content\/uploads\/2024\/06\/DSC08704-scaled.jpg?resize=1024%2C768&amp;ssl=1 1024w, https:\/\/i0.wp.com\/miradordeatarfe.es\/wp-content\/uploads\/2024\/06\/DSC08704-scaled.jpg?resize=300%2C225&amp;ssl=1 300w, https:\/\/i0.wp.com\/miradordeatarfe.es\/wp-content\/uploads\/2024\/06\/DSC08704-scaled.jpg?resize=768%2C576&amp;ssl=1 768w, https:\/\/i0.wp.com\/miradordeatarfe.es\/wp-content\/uploads\/2024\/06\/DSC08704-scaled.jpg?resize=1536%2C1152&amp;ssl=1 1536w, https:\/\/i0.wp.com\/miradordeatarfe.es\/wp-content\/uploads\/2024\/06\/DSC08704-scaled.jpg?resize=2048%2C1536&amp;ssl=1 2048w, https:\/\/i0.wp.com\/miradordeatarfe.es\/wp-content\/uploads\/2024\/06\/DSC08704-scaled.jpg?resize=1320%2C990&amp;ssl=1 1320w, https:\/\/i0.wp.com\/miradordeatarfe.es\/wp-content\/uploads\/2024\/06\/DSC08704-scaled.jpg?w=1920&amp;ssl=1 1920w\" sizes=\"auto, (max-width: 640px) 100vw, 640px\" \/><\/a> \u00a0<\/p>\n<p style=\"text-align: justify;\"><a href=\"https:\/\/i0.wp.com\/miradordeatarfe.es\/wp-content\/uploads\/2024\/06\/IES-ILIBERIS-scaled.jpg?ssl=1\"><img data-recalc-dims=\"1\" loading=\"lazy\" decoding=\"async\" class=\"wp-image-70188  aligncenter\" src=\"https:\/\/i0.wp.com\/miradordeatarfe.es\/wp-content\/uploads\/2024\/06\/IES-ILIBERIS.jpg?resize=505%2C464&#038;ssl=1\" alt=\"\" width=\"505\" height=\"464\" srcset=\"https:\/\/i0.wp.com\/miradordeatarfe.es\/wp-content\/uploads\/2024\/06\/IES-ILIBERIS-scaled.jpg?resize=1024%2C941&amp;ssl=1 1024w, https:\/\/i0.wp.com\/miradordeatarfe.es\/wp-content\/uploads\/2024\/06\/IES-ILIBERIS-scaled.jpg?resize=300%2C276&amp;ssl=1 300w, https:\/\/i0.wp.com\/miradordeatarfe.es\/wp-content\/uploads\/2024\/06\/IES-ILIBERIS-scaled.jpg?resize=768%2C706&amp;ssl=1 768w, https:\/\/i0.wp.com\/miradordeatarfe.es\/wp-content\/uploads\/2024\/06\/IES-ILIBERIS-scaled.jpg?resize=1536%2C1412&amp;ssl=1 1536w, https:\/\/i0.wp.com\/miradordeatarfe.es\/wp-content\/uploads\/2024\/06\/IES-ILIBERIS-scaled.jpg?resize=2048%2C1883&amp;ssl=1 2048w, https:\/\/i0.wp.com\/miradordeatarfe.es\/wp-content\/uploads\/2024\/06\/IES-ILIBERIS-scaled.jpg?resize=1320%2C1213&amp;ssl=1 1320w, https:\/\/i0.wp.com\/miradordeatarfe.es\/wp-content\/uploads\/2024\/06\/IES-ILIBERIS-scaled.jpg?w=1920&amp;ssl=1 1920w\" sizes=\"auto, (max-width: 505px) 100vw, 505px\" \/><\/a><\/p>\n","protected":false},"excerpt":{"rendered":"<p>El d\u00eda 31 de mayo, y como continuaci\u00f3n del proyecto que desarrollamos con la colaboraci\u00f3n&#8230;<\/p>\n","protected":false},"author":1,"featured_media":70190,"comment_status":"closed","ping_status":"closed","sticky":false,"template":"","format":"standard","meta":{"_coblocks_attr":"","_coblocks_dimensions":"","_coblocks_responsive_height":"","_coblocks_accordion_ie_support":"","jetpack_post_was_ever_published":false,"_jetpack_newsletter_access":"","_jetpack_dont_email_post_to_subs":false,"_jetpack_newsletter_tier_id":0,"_jetpack_memberships_contains_paywalled_content":false,"_jetpack_memberships_contains_paid_content":false,"footnotes":"","jetpack_publicize_message":"","jetpack_publicize_feature_enabled":true,"jetpack_social_post_already_shared":true,"jetpack_social_options":{"image_generator_settings":{"template":"highway","default_image_id":0,"enabled":false},"version":2}},"categories":[187,9029,5359,10431,44],"tags":[],"class_list":["post-70183","post","type-post","status-publish","format-standard","has-post-thumbnail","hentry","category-centros-educativos","category-la-cora-de-ilbira","category-madinat-ilbira","category-medina-elvira-2","category-noticias-de-hoy"],"jetpack_publicize_connections":[],"jetpack_featured_media_url":"https:\/\/i0.wp.com\/miradordeatarfe.es\/wp-content\/uploads\/2024\/06\/CLASE-IES-ILIBERIS-scaled.jpg?fit=2560%2C1928&ssl=1","jetpack_likes_enabled":true,"jetpack_sharing_enabled":true,"_links":{"self":[{"href":"https:\/\/miradordeatarfe.es\/index.php?rest_route=\/wp\/v2\/posts\/70183","targetHints":{"allow":["GET"]}}],"collection":[{"href":"https:\/\/miradordeatarfe.es\/index.php?rest_route=\/wp\/v2\/posts"}],"about":[{"href":"https:\/\/miradordeatarfe.es\/index.php?rest_route=\/wp\/v2\/types\/post"}],"author":[{"embeddable":true,"href":"https:\/\/miradordeatarfe.es\/index.php?rest_route=\/wp\/v2\/users\/1"}],"replies":[{"embeddable":true,"href":"https:\/\/miradordeatarfe.es\/index.php?rest_route=%2Fwp%2Fv2%2Fcomments&post=70183"}],"version-history":[{"count":4,"href":"https:\/\/miradordeatarfe.es\/index.php?rest_route=\/wp\/v2\/posts\/70183\/revisions"}],"predecessor-version":[{"id":70192,"href":"https:\/\/miradordeatarfe.es\/index.php?rest_route=\/wp\/v2\/posts\/70183\/revisions\/70192"}],"wp:featuredmedia":[{"embeddable":true,"href":"https:\/\/miradordeatarfe.es\/index.php?rest_route=\/wp\/v2\/media\/70190"}],"wp:attachment":[{"href":"https:\/\/miradordeatarfe.es\/index.php?rest_route=%2Fwp%2Fv2%2Fmedia&parent=70183"}],"wp:term":[{"taxonomy":"category","embeddable":true,"href":"https:\/\/miradordeatarfe.es\/index.php?rest_route=%2Fwp%2Fv2%2Fcategories&post=70183"},{"taxonomy":"post_tag","embeddable":true,"href":"https:\/\/miradordeatarfe.es\/index.php?rest_route=%2Fwp%2Fv2%2Ftags&post=70183"}],"curies":[{"name":"wp","href":"https:\/\/api.w.org\/{rel}","templated":true}]}}