{"id":70204,"date":"2024-06-24T08:37:18","date_gmt":"2024-06-24T06:37:18","guid":{"rendered":"https:\/\/miradordeatarfe.es\/?p=70204"},"modified":"2024-06-23T18:42:27","modified_gmt":"2024-06-23T16:42:27","slug":"el-gobierno-de-moreno-bonilla-dispara-el-crecimiento-de-la-sanidad-privada-a-costa-de-la-publica","status":"publish","type":"post","link":"https:\/\/miradordeatarfe.es\/?p=70204","title":{"rendered":"El Gobierno de Moreno Bonilla dispara el crecimiento de la sanidad privada, a costa de la p\u00fablica"},"content":{"rendered":"<h3 class=\"sumari\" style=\"text-align: justify;\">La sanidad privada crece con cifras de r\u00e9cord con el Gobierno de Juan Manuel Moreno Bonilla, desde que es presidente de la Junta de Andaluc\u00eda, hace ya 6 a\u00f1os<\/h3>\n<p style=\"text-align: justify;\">La sanidad privada crece con cifras de r\u00e9cord con el Gobierno de Juan Manuel Moreno Bonilla, desde que es presidente de la Junta de Andaluc\u00eda, hace ya 6 a\u00f1os. Mientras, se dispara el malestar creciente de la ciudadan\u00eda, sindicatos y partidos pol\u00edticos de la oposici\u00f3n con una sanidad p\u00fablica maltrecha, con cifras intolerables de listas de espera de especialistas y quir\u00fargicas (que pese al compromiso de la consejera Catalina Garc\u00eda de hacerlas p\u00fablicas cada mes, ha vuelto a incumplir) y citas de al menos diez d\u00edas para acudir a atenci\u00f3n primaria.<\/p>\n<p style=\"text-align: justify;\">La Consejer\u00eda de Salud y Consumo a\u00fan no ha concretado por provincias el plan de verano, ni aclara a cu\u00e1ntos de aquellos profesionales de refuerzo por el Covid ha contratado y en qu\u00e9 condiciones, que hace temer por la atenci\u00f3n sanitaria en la temporada estival, que ya comienza, lo que con sarcasmo fue respondido por la UGT de Granada con la advertencia de no enfermar porque \u00abno habr\u00e1 profesionales sanitarios suficiente para atenderlos\u00bb.<\/p>\n<div class=\"media media-element-container media-default\" style=\"text-align: justify;\">\n<div id=\"file-103852\" class=\"file file-image file-image-jpeg\">\n<div class=\"content\"><img data-recalc-dims=\"1\" loading=\"lazy\" decoding=\"async\" class=\"media-element file-default\" src=\"https:\/\/i0.wp.com\/www.elindependientedegranada.es\/sites\/default\/files\/pancarta_7.jpg?resize=640%2C480&#038;ssl=1\" alt=\"\" width=\"640\" height=\"480\" data-delta=\"2\" \/><\/div>\n<\/div>\n<\/div>\n<p class=\"pie\" style=\"text-align: justify;\">Pancarta contra la privatizaci\u00f3n sanitaria en Andaluc\u00eda, en una de las manifestaciones en Granada.<span class=\"firma\"> Indegranada.<\/span><\/p>\n<p class=\"sumari\" style=\"text-align: justify;\">En esta estrategia de ocultaci\u00f3n de la penosa gesti\u00f3n sanitaria, al Gobierno de Moreno Bonilla le incomoda, especialmente, la m\u00e1s que estrecha colaboraci\u00f3n que, desde el primer momento, suscribi\u00f3 con la sanidad privada, a la que ha enriquecido con contratos millonarios, sin que por ello la sanidad p\u00fablica haya mejorado<\/p>\n<p style=\"text-align: justify;\">En esta estrategia de ocultaci\u00f3n de la penosa gesti\u00f3n sanitaria, al Gobierno de Moreno Bonilla le incomoda, especialmente, la m\u00e1s que estrecha colaboraci\u00f3n que, desde el primer momento, suscribi\u00f3 con la sanidad privada, a la que ha enriquecido con contratos millonarios, sin que por ello la sanidad p\u00fablica haya mejorado. M\u00e1s bien, empeorado, seg\u00fan todos los \u00edndices posibles. El mantra del Gobierno absoluto del PP, como respuesta para sacar pecho, adem\u00e1s de la falta de m\u00e9dicos, es esgrimir el presupuesto m\u00e1s alto de su historia, con partida hist\u00f3rica para la sanidad, lo que es cierto, aunque con matices.<\/p>\n<p style=\"text-align: justify;\"><strong>M\u00e1s dinero a la privada que para todas las nuevas infraestructuras sanitarias<\/strong><\/p>\n<p style=\"text-align: justify;\">Es, precisamente, en este presupuesto r\u00e9cord para la sanidad de la Junta para 2024 donde figura como ejemplo un dato escalofriante sobre su apoyo decidido a las empresas privadas sanitarias, y sus verdaderas intenciones, en contraposici\u00f3n a lo que requiere la sanidad p\u00fablica para todas y todos los andaluces.<\/p>\n<p class=\"sumari\" style=\"text-align: justify;\">La Consejer\u00eda destina este a\u00f1o para nuevas infraestructuras sanitarias un total de 557 millones, seg\u00fan datos difundidos por la propia Junta de Andaluc\u00eda. Pero a los conciertos a la sanidad privada, en este mismo 2024, detrae una partida de todo el presupuesto sanitario que asciende a 579 millones<\/p>\n<p style=\"text-align: justify;\">La Consejer\u00eda destina este a\u00f1o para nuevas infraestructuras sanitarias un total de 557 millones, seg\u00fan datos difundidos por la propia Junta de Andaluc\u00eda. Pero a los conciertos a la sanidad privada, en este mismo 2024, detrae una partida de todo el presupuesto sanitario que asciende a 579 millones. Lo esconde la Junta, pero lo reconoce la fundaci\u00f3n de la patronal del sector privado, la Fundaci\u00f3n Instituto para el Desarrollo e Integraci\u00f3n de la Sanidad (IDIS), que aglutina a los principales grupos de hospitales, cl\u00ednicas privadas, y compa\u00f1\u00edas aseguradoras de Espa\u00f1a, en su informe Observatorio del sector sanitario privado 2024, publicado en abril pasado.<\/p>\n<p style=\"text-align: justify;\">As\u00ed que el Gobierno de Moreno Bonilla destina 22 millones m\u00e1s a la sanidad privada que a todo el presupuesto para nuevas infraestructuras sanitarias p\u00fablicas, entre las que sigue sin figurar el prometido, necesario e imprescindible, Hospital de la Alpujarra en \u00d3rgiva, reducido para eternizar su construcci\u00f3n en centro de especialidades. La Alpujarra es la \u00fanica comarca de Andaluc\u00eda sin hospital, a pesar de la singularidad de su territorio, y ser un destino tur\u00edstico de relevancia.<\/p>\n<p style=\"text-align: justify;\"><strong>M\u00e1s ayuda a la privada: un decreto a su medida<\/strong><\/p>\n<p style=\"text-align: justify;\">El Gobierno andaluz ha dado un paso m\u00e1s para favorecer a la privada con un decreto que \u00absimplificar\u00e1 y agilizar\u00e1\u00bb los tr\u00e1mites para abrir centros sanitarios privados.<\/p>\n<p class=\"sumari\" style=\"text-align: justify;\">Un decreto hecho a medida de la sanidad privada que en Andaluc\u00eda gestiona el 63 por ciento del total de hospitales (p\u00fablicos y privados) y el 24 por ciento de las camas<\/p>\n<p style=\"text-align: justify;\">Se conoci\u00f3 esta semana al someter el decreto al tr\u00e1mite de consulta p\u00fablica previa a su elaboraci\u00f3n, un paso imprescindible, que tiene como objetivo recabar aportaciones. As\u00ed se pudo revelar el plan de la Junta, que manten\u00eda en silencio. El PP cambia la norma vigente de 2008.<\/p>\n<p style=\"text-align: justify;\">Un decreto hecho a medida de la sanidad privada que en Andaluc\u00eda gestiona el 63 por ciento del total de hospitales (p\u00fablicos y privados) y el 24 por ciento de las camas, detalla el Observatorio del IDIS.<\/p>\n<p style=\"text-align: justify;\">Con ello, avanza Moreno Bonilla en una estrategia que sin disimulo puso en marcha, en detrimento de la sanidad p\u00fablica, desde que accedi\u00f3 al poder en la primera Junta de Andaluc\u00eda gestionada por la derecha, entonces, en coalici\u00f3n con Ciudadanos, con el apoyo parlamentario que necesitaba de la ultraderecha.<\/p>\n<p style=\"text-align: justify;\">En aquel primer gobierno de derechas en Andaluc\u00eda, su primer consejero de Salud y Familias (imposici\u00f3n de Vox), el controvertido Jes\u00fas Aguirre, -premiado en la segunda legislatura de mayor\u00eda absoluta con la presidencia del Parlamento andaluz-, visit\u00f3 un nuevo hospital privado, en un acto propagand\u00edstico sin precedentes, que public\u00f3 con im\u00e1genes en su cuenta de Twitter. Fue el primer consejero de salud en Andaluc\u00eda que se brind\u00f3 a publicitar a la sanidad privada.<\/p>\n<p style=\"text-align: justify;\"><strong>Moreno Bonilla aumenta los conciertos con la privada en un 38,32% en seis a\u00f1os<\/strong><\/p>\n<p style=\"text-align: justify;\">Ha sido una constante desde que es presidente de la Junta de Andaluc\u00eda Moreno Bonilla. Las partidas destinadas a la privada del total de presupuesto sanitario han ido creciendo a\u00f1o a a\u00f1o. Lo verifican los datos oficiales de la propia administraci\u00f3n auton\u00f3mica en que, sin embargo, no incluyen a\u00fan las partidas extrapresupuestarias, como contratos a dedo, por decretos de urgencia, como ya ha informado <em>El Independiente de Granada<\/em>.<\/p>\n<p class=\"sumari\" style=\"text-align: justify;\">La sanidad privada ha ganado en 6 a\u00f1os de Moreno Bonilla en Andaluc\u00eda, al menos, un total de 3.031 millones del presupuesto de la sanidad p\u00fablica<\/p>\n<p style=\"text-align: justify;\">La sanidad privada ha ganado en 6 a\u00f1os de Moreno Bonilla en Andaluc\u00eda, al menos, un total de 3.031 millones del presupuesto de la sanidad p\u00fablica.<\/p>\n<p style=\"text-align: justify;\">S\u00f3lo con lo que figura en los presupuestos andaluces desde 2019, primero de las derechas, a 2024, segundo de mayor\u00eda absoluta del PP, la sanidad privada ha sido beneficiada con un total de 3.031 millones. Es decir, la sanidad privada ha ganado en 6 a\u00f1os de Moreno Bonilla en Andaluc\u00eda, al menos, un total de 3.031 millones del presupuesto de la sanidad p\u00fablica.<\/p>\n<p style=\"text-align: justify;\">Entre 2018, \u00faltimo gobierno socialista, que destin\u00f3 a conciertos 418 millones, hasta el \u00faltimo presupuesto del PP, en el que figuran 579 millones, Moreno Bonilla ha incrementado las partidas a la sanidad privada en un 38,32 por ciento.<\/p>\n<p class=\"sumari\" style=\"text-align: justify;\">Entre 2018, \u00faltimo gobierno socialista, que destin\u00f3 a conciertos 418 millones, hasta el \u00faltimo presupuesto del PP, en el que figuran 579 millones, Moreno Bonilla ha incrementado las partidas a la sanidad privada en un 38,32 por ciento<\/p>\n<p style=\"text-align: justify;\">Fue entre 2021 y 2022, superada ya la pandemia del Coronavirus, cuando m\u00e1s crecieron estas partidas: de 463 a 540 millones de euros. Seg\u00fan el informe de la fundaci\u00f3n de la sanidad privada, entre 2021 y 2022 el presupuesto para conciertos creci\u00f3 un 0,6% en Andaluc\u00eda, s\u00f3lo superada por la Comunidad de Madrid (0,7%), mientras que en la mayor\u00eda se redujo.<\/p>\n<p style=\"text-align: justify;\">En este tiempo, las partidas para la sanidad p\u00fablica en los presupuestos andaluces han crecido significativamente. De los 9.834, en 2018 a los 14.246 de este a\u00f1o. Tambi\u00e9n han aumentado los presupuestos globales de la Junta en Andaluc\u00eda, en un 25,65 de los 34.759 millones de 2018 a los 46.753 del ejercicio actual.<\/p>\n<p style=\"text-align: justify;\">Pero si en 2018, la partida de la sanidad en el conjunto del total de presupuestos andaluces representaba el 28,29 por ciento. En el de 2024 es del 30,04. Tan solo 1,73 puntos porcentuales m\u00e1s en 7 a\u00f1os.<\/p>\n<p class=\"sumari\" style=\"text-align: justify;\">Y otro favor. La acreditaci\u00f3n como hospitales universitarios a centros privados. El 15 de junio de 2023 el HLA Inmaculada de Granada se convirti\u00f3 en el primer hospital privado de Andaluc\u00eda que podr\u00e1 formar a estudiantes de las titulaciones relacionadas con Ciencias de la Salud<\/p>\n<p style=\"text-align: justify;\">Y otro favor. La acreditaci\u00f3n como hospitales universitarios a centros privados. El 15 de junio de 2023 el HLA Inmaculada de Granada se convirti\u00f3 en el primer hospital privado de Andaluc\u00eda que podr\u00e1 formar a estudiantes de las titulaciones relacionadas con Ciencias de la Salud. Fue en la etapa de Miguel \u00c1ngel Guzm\u00e1n como viceconsejero de Salud. La historia posterior ya se conoce. Guzm\u00e1n dej\u00f3 la Junta para fichar por una aseguradora privada, aunque el proceso lo ralentiz\u00f3 la Junta.<\/p>\n<p style=\"text-align: justify;\"><strong>Casi uno de cada cuatro andaluces tiene seguro privado<\/strong><\/p>\n<p style=\"text-align: justify;\">As\u00ed, no es de extra\u00f1ar que el peso del seguro privado crezca y de qu\u00e9 forma en Andaluc\u00eda. Ya hay un total de 1.840.928 andaluces y andaluzas con seguro privado. El 21,33 por ciento de toda la poblaci\u00f3n, casi uno de cada cuatro, con datos de 2023 del Observatorio del IDIS.<\/p>\n<p class=\"sumari\" style=\"text-align: justify;\">Desde 2018 a 2023, el n\u00famero de asegurados ha aumentado en Andaluc\u00eda un 20,83 por ciento<\/p>\n<p style=\"text-align: justify;\">Desde 2018 a 2023, el n\u00famero de asegurados ha aumentado en Andaluc\u00eda un 20,83 por ciento.<\/p>\n<p style=\"text-align: justify;\">El volumen de primas de las aseguradoras privadas en Andaluc\u00eda asciende a 1.502 millones, con datos, igualmente de 2023, seg\u00fan la misma fuente. Lo que supone que la sanidad privada ha aumentado su negocio en Andaluc\u00eda un 33,98 por ciento en seis a\u00f1os.<\/p>\n<p class=\"sumari\" style=\"text-align: justify;\">Andaluc\u00eda es la comunidad de Espa\u00f1a con menor gasto sanitario por habitante<\/p>\n<p style=\"text-align: justify;\">Una tasa de crecimiento anual compuesta del 3,9% en el n\u00famero de asegurados para el per\u00edodo de 2018 a 2023, y una tasa del 6% en el volumen de primas para el per\u00edodo de tiempo de 2018 a 2023 que, a su vez, representa el 14,6% del mercado nacional en volumen de primas.<\/p>\n<p style=\"text-align: justify;\">Andaluc\u00eda es la comunidad de Espa\u00f1a con menor gasto sanitario por habitante. El Ministerio de Sanidad acaba de publicar sus estad\u00edsticas de gasto sanitario p\u00fablico per c\u00e1pita. Corresponden a 2022, \u00faltimos datos cerrados aportados por las comunidades aut\u00f3nomas, a la espera de las liquidaciones definitivas de 2023.<\/p>\n<p style=\"text-align: justify;\">Andaluc\u00eda sigue a la cola, con 1.533 euros por habitantes (la media son 1.769). Hasta en Madrid el gasto fue m\u00e1s elevado, con 1.625. Los que m\u00e1s destinaron fueron Pa\u00eds Vasco (2.142 euros) y Asturias (2.057).\u00a0 En 2021, Andaluc\u00eda, tambi\u00e9n la \u00faltima, con un gasto de 1.486. En la imagen de EP, la consejera de Salud y Consumo, Catalina Garcia.<\/p>\n<p><strong>Juan I. P\u00e9rez\u00a0<\/strong>lo escribe en este peri\u00f3dico, <a href=\"https:\/\/www.elindependientedegranada.es\/politica\/gobierno-moreno-bonilla-dispara-crecimiento-sanidad-privada-costa-publica\"><em>El Independiente de Granada<\/em><\/a>.<\/p>\n","protected":false},"excerpt":{"rendered":"<p>La sanidad privada crece con cifras de r\u00e9cord con el Gobierno de Juan Manuel Moreno&#8230;<\/p>\n","protected":false},"author":1,"featured_media":70205,"comment_status":"closed","ping_status":"closed","sticky":false,"template":"","format":"standard","meta":{"_coblocks_attr":"","_coblocks_dimensions":"","_coblocks_responsive_height":"","_coblocks_accordion_ie_support":"","jetpack_post_was_ever_published":false,"_jetpack_newsletter_access":"","_jetpack_dont_email_post_to_subs":false,"_jetpack_newsletter_tier_id":0,"_jetpack_memberships_contains_paywalled_content":false,"_jetpack_memberships_contains_paid_content":false,"footnotes":"","jetpack_publicize_message":"","jetpack_publicize_feature_enabled":true,"jetpack_social_post_already_shared":true,"jetpack_social_options":{"image_generator_settings":{"template":"highway","default_image_id":0,"enabled":false},"version":2}},"categories":[10791,186,44,10],"tags":[],"class_list":["post-70204","post","type-post","status-publish","format-standard","has-post-thumbnail","hentry","category-andalucia","category-instituciones","category-noticias-de-hoy","category-salud"],"jetpack_publicize_connections":[],"jetpack_featured_media_url":"https:\/\/i0.wp.com\/miradordeatarfe.es\/wp-content\/uploads\/2024\/06\/sanidad.jpg?fit=300%2C168&ssl=1","jetpack_likes_enabled":true,"jetpack_sharing_enabled":true,"_links":{"self":[{"href":"https:\/\/miradordeatarfe.es\/index.php?rest_route=\/wp\/v2\/posts\/70204","targetHints":{"allow":["GET"]}}],"collection":[{"href":"https:\/\/miradordeatarfe.es\/index.php?rest_route=\/wp\/v2\/posts"}],"about":[{"href":"https:\/\/miradordeatarfe.es\/index.php?rest_route=\/wp\/v2\/types\/post"}],"author":[{"embeddable":true,"href":"https:\/\/miradordeatarfe.es\/index.php?rest_route=\/wp\/v2\/users\/1"}],"replies":[{"embeddable":true,"href":"https:\/\/miradordeatarfe.es\/index.php?rest_route=%2Fwp%2Fv2%2Fcomments&post=70204"}],"version-history":[{"count":1,"href":"https:\/\/miradordeatarfe.es\/index.php?rest_route=\/wp\/v2\/posts\/70204\/revisions"}],"predecessor-version":[{"id":70206,"href":"https:\/\/miradordeatarfe.es\/index.php?rest_route=\/wp\/v2\/posts\/70204\/revisions\/70206"}],"wp:featuredmedia":[{"embeddable":true,"href":"https:\/\/miradordeatarfe.es\/index.php?rest_route=\/wp\/v2\/media\/70205"}],"wp:attachment":[{"href":"https:\/\/miradordeatarfe.es\/index.php?rest_route=%2Fwp%2Fv2%2Fmedia&parent=70204"}],"wp:term":[{"taxonomy":"category","embeddable":true,"href":"https:\/\/miradordeatarfe.es\/index.php?rest_route=%2Fwp%2Fv2%2Fcategories&post=70204"},{"taxonomy":"post_tag","embeddable":true,"href":"https:\/\/miradordeatarfe.es\/index.php?rest_route=%2Fwp%2Fv2%2Ftags&post=70204"}],"curies":[{"name":"wp","href":"https:\/\/api.w.org\/{rel}","templated":true}]}}