{"id":70221,"date":"2024-06-26T11:37:04","date_gmt":"2024-06-26T09:37:04","guid":{"rendered":"https:\/\/miradordeatarfe.es\/?p=70221"},"modified":"2024-06-26T09:41:23","modified_gmt":"2024-06-26T07:41:23","slug":"la-fundacion-sierra-elvira-de-atarfe-da-a-conocer-al-ganador-del-premio-novela-corta-francisco-ayala","status":"publish","type":"post","link":"https:\/\/miradordeatarfe.es\/?p=70221","title":{"rendered":"LA FUNDACI\u00d3N SIERRA ELVIRA DE ATARFE DA A CONOCER AL GANADOR DEL PREMIO NOVELA CORTA \u00abFRANCISCO AYALA\u00bb"},"content":{"rendered":"<h3 style=\"text-align: justify;\"><strong><b>Antonio Tocornal gana el I Premio Internacional de Novela Corta \u201cFrancisco Ayala\u201d convocado por la Fundaci\u00f3n Sierra Elvira de Atarfe.<\/b><\/strong>Al galard\u00f3n, convocado por la Fundaci\u00f3n Sierra Elvira, se han presentado 808 originales de casi 20 pa\u00edses. La bolsa para el ganador es de 6.000 euros<\/h3>\n<p style=\"text-align: justify;\">El Jurado del I Premio Internacional de Novela Corta \u201cFrancisco Ayala\u201d convocado por la Fundaci\u00f3n Sierra Elvira, en colaboraci\u00f3n con la Fundaci\u00f3n Francisco Ayala y la editorial Traspi\u00e9s, <strong><b>ha decidido premiar la obra <\/b><\/strong><strong><em><b><i>\u00c1rida<\/i><\/b><\/em><\/strong><strong><b>\u00a0del autor<\/b><\/strong>\u00a0<strong><b>Antonio Tocornal<\/b><\/strong>\u00a0por ser una novela de gran potencia narrativa, llena de im\u00e1genes audaces y con una conseguida atm\u00f3sfera literaria. Es una historia repleta de simbolismo que mezcla la tradici\u00f3n literaria de las danzas de la muerte con una reinterpretaci\u00f3n del mundo rulfiano de <em><i>Pedro P\u00e1ramo.<\/i><\/em>\u00a0<em><i>\u00c1rida <\/i><\/em>presenta una galer\u00eda de personajes dantescos -en el borde de la ultratumba- dentro de un espacio cargado de desolaci\u00f3n, apocal\u00edptico, de inquietante final de los tiempos.<\/p>\n<p style=\"text-align: justify;\"><a href=\"https:\/\/i0.wp.com\/miradordeatarfe.es\/wp-content\/uploads\/2024\/06\/images.jpg?ssl=1\"><img data-recalc-dims=\"1\" loading=\"lazy\" decoding=\"async\" class=\"wp-image-70290 size-full alignleft\" src=\"https:\/\/i0.wp.com\/miradordeatarfe.es\/wp-content\/uploads\/2024\/06\/images.jpg?resize=275%2C183&#038;ssl=1\" alt=\"\" width=\"275\" height=\"183\" \/><\/a>El ganador, <strong><b>Antonio Tocornal<\/b><\/strong>, naci\u00f3 en San Fernando (C\u00e1diz) en 1964. Curs\u00f3 estudios de Bellas Artes en Sevilla y, tras una larga estancia en Par\u00eds, se instal\u00f3 definitivamente en Mallorca. Sus cuentos cortos han sido premiados en cerca de cuarenta cert\u00e1menes, entre los que se encuentran algunos de los m\u00e1s prestigiosos en castellano. Ha publicado las novela <em><i>La noche en que pude haber visto tocar a Dizzy Gillespie<\/i><\/em>\u00a0(Premio de Novela Vargas Llosa, 2017), <em><i>Bajamares<\/i><\/em>\u00a0(Premio de Novela Corta Diputaci\u00f3n de C\u00f3rdoba, 2018) y <em><i>P\u00e1jaros en un cielo de esta\u00f1o<\/i><\/em>\u00a0(Premio Val\u00e8ncia de Narrativa en Castellano Alfons el Magn\u00e0nim, 2020). Compagina la escritura con los trabajos de edici\u00f3n y la cr\u00edtica literaria.<\/p>\n<p style=\"text-align: justify;\">El fallo del jurado se ha dado hoy a conocer en el Hotel Senator de Granada en un acto informativo dirigido por el presidente de la Fundaci\u00f3n Sierra Elvira, <strong><b>Cecilio Mart\u00edn Garc\u00eda<\/b><\/strong>, quien ha destacado la colaboraci\u00f3n con la Fundaci\u00f3n Francisco Ayala en la creaci\u00f3n de este premio internacional de novela corta tanto para la promoci\u00f3n de la cultura, como uno de los objetivos (adem\u00e1s de las artes, las ciencias y la acci\u00f3n social) del fil\u00e1ntropo y fundador de la Fundaci\u00f3n Sierra Elvira, Marcos Antonio Lamolda Palacios, y en homenaje a uno de los escritores granadinos m\u00e1s universales, como es Francisco Ayala, uno de los m\u00e1ximos exponentes del subg\u00e9nero de la novela corta en lengua espa\u00f1ola con obras como<em><i>\u00a0La cabeza del cordero<\/i><\/em>\u00a0(1949), <em><i>Los usurpadores<\/i><\/em>\u00a0(1949) o <em><i>Historia de Macacos<\/i><\/em>\u00a0(1955),<\/p>\n<p style=\"text-align: justify;\">Han formado parte de Jurado el distinguido escritor y acad\u00e9mico de la RAE, <strong><b>Jos\u00e9 Mar\u00eda Merino,<\/b><\/strong>\u00a0que actu\u00f3 como presidente; acompa\u00f1ado por la periodista y escritora, <strong><b>Eva D\u00edaz P\u00e9rez<\/b><\/strong>; el poeta y profesor de Literatura, <strong><b>Miguel \u00c1ngel Contreras<\/b><\/strong>; la catedr\u00e1tica de Literatura y decana de la Facultad de Letras de la UGR, <strong><b>Ana Gallego<\/b><\/strong>; el escritor, <strong><b>Pedro Ruiz-Cabello<\/b><\/strong>; el escritor y editor, <strong><b>Miguel \u00c1ngel C\u00e1liz <\/b><\/strong>y el director de la Fundaci\u00f3n Francisco Ayala, <strong><b>Manuel G\u00f3mez Ros<\/b><\/strong>.<\/p>\n<p class=\"v-p\" style=\"text-align: justify;\">Seg\u00fan leemos en Ideal : <em>\u00abEl autor, en conversaci\u00f3n con IDEAL, declar\u00f3 sentirse muy feliz por haber obtenido el galard\u00f3n. \u00abHa sido una grat\u00edsima sorpresa, mucho m\u00e1s por cuanto el premio, a pesar de celebrarse por primera vez, ha atra\u00eddo una gran cantidad de autores, nada menos que 808, as\u00ed que no puedo estar m\u00e1s contento\u00bb. Tocornal define &#8216;\u00c1rida&#8217; como una novela fant\u00e1stica, que homenajea a la literatura de Juan Rulfo, y en particular a su m\u00e1s emblem\u00e1tica obra, &#8216;Pedro P\u00e1ramo&#8217;. \u00abSi tuviera que definirla, hablar\u00eda de un &#8216;western de zombies&#8217;, con seis voces contando la historia, tres hombres y tres mujeres, cuya caracter\u00edstica com\u00fan es que todos est\u00e1n muertos\u00bb, comenta.<\/em><\/p>\n<p class=\"v-p\" style=\"text-align: justify;\"><em>El proceso creativo le ha ocupado casi dos a\u00f1os, en los que compagin\u00f3 su escritura con la de otras obras que tambi\u00e9n han obtenido el benepl\u00e1cito de p\u00fablico y cr\u00edtica, y que han ganado o han sido finalistas de premios de prestigio, como la novela &#8216;Malasanta&#8217; y el libro de relatos &#8216;Cadillac Ranch&#8217;, el cual este mismo a\u00f1o obtuvo el Premio de la Cr\u00edtica de Andaluc\u00eda. A este respecto, el autor comenta que su din\u00e1mica productiva no es iniciar la escritura de un libro hasta terminarlo, sino que suele construir varias obras en paralelo. En el caso de &#8216;\u00c1rida&#8217;, trabaj\u00f3 en ella entre 2022 y 2023. \u00abEmpec\u00e9 con los primeros textos y fue luego cuando me di cuenta de que en realidad no estaba escribiendo un relato, sino una novela corta\u00bb, afirma.\u00bb<\/em><\/p>\n<p style=\"text-align: justify;\">A esta primera edici\u00f3n del certamen han concurrido 808 novelas de escritores hispanohablantes de dieciocho pa\u00edses, cumpliendo las expectativas de hacer del premio un evento verdaderamente internacional. Espa\u00f1a ha aportado el grueso de las obras, con 451; seguida de Argentina, con 118;<\/p>\n<p><a href=\"https:\/\/i0.wp.com\/miradordeatarfe.es\/wp-content\/uploads\/2024\/06\/Imagen-de-WhatsApp-2024-06-25-a-las-17.10.43_6e9f8b1a.jpg?ssl=1\"><img data-recalc-dims=\"1\" loading=\"lazy\" decoding=\"async\" class=\"alignnone wp-image-70287 size-full\" src=\"https:\/\/i0.wp.com\/miradordeatarfe.es\/wp-content\/uploads\/2024\/06\/Imagen-de-WhatsApp-2024-06-25-a-las-17.10.43_6e9f8b1a.jpg?resize=640%2C426&#038;ssl=1\" alt=\"\" width=\"640\" height=\"426\" srcset=\"https:\/\/i0.wp.com\/miradordeatarfe.es\/wp-content\/uploads\/2024\/06\/Imagen-de-WhatsApp-2024-06-25-a-las-17.10.43_6e9f8b1a.jpg?w=1600&amp;ssl=1 1600w, https:\/\/i0.wp.com\/miradordeatarfe.es\/wp-content\/uploads\/2024\/06\/Imagen-de-WhatsApp-2024-06-25-a-las-17.10.43_6e9f8b1a.jpg?resize=300%2C200&amp;ssl=1 300w, https:\/\/i0.wp.com\/miradordeatarfe.es\/wp-content\/uploads\/2024\/06\/Imagen-de-WhatsApp-2024-06-25-a-las-17.10.43_6e9f8b1a.jpg?resize=1024%2C682&amp;ssl=1 1024w, https:\/\/i0.wp.com\/miradordeatarfe.es\/wp-content\/uploads\/2024\/06\/Imagen-de-WhatsApp-2024-06-25-a-las-17.10.43_6e9f8b1a.jpg?resize=768%2C511&amp;ssl=1 768w, https:\/\/i0.wp.com\/miradordeatarfe.es\/wp-content\/uploads\/2024\/06\/Imagen-de-WhatsApp-2024-06-25-a-las-17.10.43_6e9f8b1a.jpg?resize=1536%2C1022&amp;ssl=1 1536w, https:\/\/i0.wp.com\/miradordeatarfe.es\/wp-content\/uploads\/2024\/06\/Imagen-de-WhatsApp-2024-06-25-a-las-17.10.43_6e9f8b1a.jpg?resize=1320%2C879&amp;ssl=1 1320w\" sizes=\"auto, (max-width: 640px) 100vw, 640px\" \/><\/a><\/p>\n<p style=\"text-align: justify;\"><a href=\"https:\/\/i0.wp.com\/miradordeatarfe.es\/wp-content\/uploads\/2024\/06\/imagen54148_0_original.jpg?ssl=1\"><img data-recalc-dims=\"1\" loading=\"lazy\" decoding=\"async\" class=\"alignnone wp-image-70293 size-full\" src=\"https:\/\/i0.wp.com\/miradordeatarfe.es\/wp-content\/uploads\/2024\/06\/imagen54148_0_original.jpg?resize=640%2C390&#038;ssl=1\" alt=\"\" width=\"640\" height=\"390\" srcset=\"https:\/\/i0.wp.com\/miradordeatarfe.es\/wp-content\/uploads\/2024\/06\/imagen54148_0_original.jpg?w=1100&amp;ssl=1 1100w, https:\/\/i0.wp.com\/miradordeatarfe.es\/wp-content\/uploads\/2024\/06\/imagen54148_0_original.jpg?resize=300%2C183&amp;ssl=1 300w, https:\/\/i0.wp.com\/miradordeatarfe.es\/wp-content\/uploads\/2024\/06\/imagen54148_0_original.jpg?resize=1024%2C624&amp;ssl=1 1024w, https:\/\/i0.wp.com\/miradordeatarfe.es\/wp-content\/uploads\/2024\/06\/imagen54148_0_original.jpg?resize=768%2C468&amp;ssl=1 768w\" sizes=\"auto, (max-width: 640px) 100vw, 640px\" \/><\/a><\/p>\n","protected":false},"excerpt":{"rendered":"<p>Antonio Tocornal gana el I Premio Internacional de Novela Corta \u201cFrancisco Ayala\u201d convocado por la&#8230;<\/p>\n","protected":false},"author":1,"featured_media":70292,"comment_status":"closed","ping_status":"closed","sticky":false,"template":"","format":"standard","meta":{"_coblocks_attr":"","_coblocks_dimensions":"","_coblocks_responsive_height":"","_coblocks_accordion_ie_support":"","jetpack_post_was_ever_published":false,"_jetpack_newsletter_access":"","_jetpack_dont_email_post_to_subs":false,"_jetpack_newsletter_tier_id":0,"_jetpack_memberships_contains_paywalled_content":false,"_jetpack_memberships_contains_paid_content":false,"footnotes":"","jetpack_publicize_message":"","jetpack_publicize_feature_enabled":true,"jetpack_social_post_already_shared":true,"jetpack_social_options":{"image_generator_settings":{"template":"highway","default_image_id":0,"enabled":false},"version":2}},"categories":[10781,186,44],"tags":[],"class_list":["post-70221","post","type-post","status-publish","format-standard","has-post-thumbnail","hentry","category-granada","category-instituciones","category-noticias-de-hoy"],"jetpack_publicize_connections":[],"jetpack_featured_media_url":"https:\/\/i0.wp.com\/miradordeatarfe.es\/wp-content\/uploads\/2024\/06\/579e7368-bd00-46ee-adf6-344778328b5e_16-9-aspect-ratio_1200w_0.webp?fit=1200%2C675&ssl=1","jetpack_likes_enabled":true,"jetpack_sharing_enabled":true,"_links":{"self":[{"href":"https:\/\/miradordeatarfe.es\/index.php?rest_route=\/wp\/v2\/posts\/70221","targetHints":{"allow":["GET"]}}],"collection":[{"href":"https:\/\/miradordeatarfe.es\/index.php?rest_route=\/wp\/v2\/posts"}],"about":[{"href":"https:\/\/miradordeatarfe.es\/index.php?rest_route=\/wp\/v2\/types\/post"}],"author":[{"embeddable":true,"href":"https:\/\/miradordeatarfe.es\/index.php?rest_route=\/wp\/v2\/users\/1"}],"replies":[{"embeddable":true,"href":"https:\/\/miradordeatarfe.es\/index.php?rest_route=%2Fwp%2Fv2%2Fcomments&post=70221"}],"version-history":[{"count":4,"href":"https:\/\/miradordeatarfe.es\/index.php?rest_route=\/wp\/v2\/posts\/70221\/revisions"}],"predecessor-version":[{"id":70294,"href":"https:\/\/miradordeatarfe.es\/index.php?rest_route=\/wp\/v2\/posts\/70221\/revisions\/70294"}],"wp:featuredmedia":[{"embeddable":true,"href":"https:\/\/miradordeatarfe.es\/index.php?rest_route=\/wp\/v2\/media\/70292"}],"wp:attachment":[{"href":"https:\/\/miradordeatarfe.es\/index.php?rest_route=%2Fwp%2Fv2%2Fmedia&parent=70221"}],"wp:term":[{"taxonomy":"category","embeddable":true,"href":"https:\/\/miradordeatarfe.es\/index.php?rest_route=%2Fwp%2Fv2%2Fcategories&post=70221"},{"taxonomy":"post_tag","embeddable":true,"href":"https:\/\/miradordeatarfe.es\/index.php?rest_route=%2Fwp%2Fv2%2Ftags&post=70221"}],"curies":[{"name":"wp","href":"https:\/\/api.w.org\/{rel}","templated":true}]}}