{"id":70248,"date":"2024-06-24T12:12:56","date_gmt":"2024-06-24T10:12:56","guid":{"rendered":"https:\/\/miradordeatarfe.es\/?p=70248"},"modified":"2024-06-24T12:12:56","modified_gmt":"2024-06-24T10:12:56","slug":"2a-edicion-de-la-feria-steam-del-colegio-atalaya-de-atarfe","status":"publish","type":"post","link":"https:\/\/miradordeatarfe.es\/?p=70248","title":{"rendered":"\u00a12\u00aa edici\u00f3n de la Feria STEAM del Colegio Atalaya de Atarfe!"},"content":{"rendered":"<h3 style=\"text-align: justify;\">EL CURSO TERMIN\u00d3 PARA EL ALUMNADO DE NUESTROS CENTROS ESCOLARES DE ATARFE. Y QUE MEJOR FINAL QUE LA REALIZACI\u00d3N DE LA 2 EDICI\u00d3N DE LA FERIA STEAM EN EL CEIP ATALAYA .<\/h3>\n<p style=\"text-align: justify;\">La Educaci\u00f3n STEAM (Science, Technology, Engineering, Arts and Mathematics por sus siglas en ingl\u00e9s) es un<em><strong> enfoque educativo que integra las asignaturas cient\u00edficas, tecnol\u00f3gicas, de ingenier\u00eda, arte y matem\u00e1ticas.<\/strong><\/em> El objetivo es aplicar los conocimientos de estas \u00e1reas de <strong>manera pr\u00e1ctica y en contextos del mundo real<\/strong> para desarrollar en los estudiantes habilidades del siglo XXI como la resoluci\u00f3n de problemas, el pensamiento cr\u00edtico, la creatividad y la colaboraci\u00f3n.<\/p>\n<p style=\"text-align: justify;\">El alumnadoaprenden resolviendo problemas reales mediante el m\u00e9todo cient\u00edfico, con el apoyo de las herramientas tecnol\u00f3gicas y la perspectiva de las ingenier\u00edas y el arte. De esta forma desarrollan habilidades blandas muy valoradas en el mercado laboral actual como el trabajo en equipo, la comunicaci\u00f3n efectiva, el pensamiento cr\u00edtico y la resoluci\u00f3n creativa de problemas.<\/p>\n<p style=\"text-align: justify;\">El Concejal de Innovaci\u00f3n, Francisco Javier P\u00e9rez, junto a los concejales de Deportes y Cultura, V\u00edctor Almohano y Jennifer Garc\u00eda, han inaugurado este emocionante evento.<\/p>\n<p style=\"text-align: justify;\">Estamos inmensamente orgullosos del equipo de docentes del Colegio Atalaya. Con pasi\u00f3n y dedicaci\u00f3n, est\u00e1n sembrando la semilla del conocimiento en nuestros ni\u00f1os y ni\u00f1as, inspir\u00e1ndolos a convertirse en los grandes cient\u00edficos e ingenieros del futuro.<\/p>\n<p style=\"text-align: justify;\">Nos ha sorprendido el ingenio y la creatividad de los alumnos del Colegio Atalaya. Han dise\u00f1ado impresionantes experimentos de rob\u00f3tica y otras especialidades cient\u00edficas, demostrando una excelencia admirable.<\/p>\n<p style=\"text-align: justify;\">Adem\u00e1s, durante esta jornada, estos j\u00f3venes talentos han podido compartir sus creaciones y conocimientos con los alumnos de otros centros de Atarfe, motiv\u00e1ndolos a seguir este apasionante camino de descubrimiento y aprendizaje.<\/p>\n<p style=\"text-align: justify;\">\u00a1Enhorabuena a todos los participantes y organizadores! Es un orgullo para Atarfe ver c\u00f3mo nuestros ni\u00f1os y ni\u00f1as destacan y se preparan para un futuro brillante.<\/p>\n<p style=\"text-align: justify;\"><iframe loading=\"lazy\" src=\"\/\/www.youtube.com\/embed\/ilMdjl8Uyt0\" width=\"560\" height=\"314\" allowfullscreen=\"allowfullscreen\"><\/iframe><\/p>\n","protected":false},"excerpt":{"rendered":"<p>EL CURSO TERMIN\u00d3 PARA EL ALUMNADO DE NUESTROS CENTROS ESCOLARES DE ATARFE. Y QUE MEJOR&#8230;<\/p>\n","protected":false},"author":1,"featured_media":70249,"comment_status":"closed","ping_status":"closed","sticky":false,"template":"","format":"standard","meta":{"_coblocks_attr":"","_coblocks_dimensions":"","_coblocks_responsive_height":"","_coblocks_accordion_ie_support":"","jetpack_post_was_ever_published":false,"_jetpack_newsletter_access":"","_jetpack_dont_email_post_to_subs":false,"_jetpack_newsletter_tier_id":0,"_jetpack_memberships_contains_paywalled_content":false,"_jetpack_memberships_contains_paid_content":false,"footnotes":"","jetpack_publicize_message":"","jetpack_publicize_feature_enabled":true,"jetpack_social_post_already_shared":true,"jetpack_social_options":{"image_generator_settings":{"template":"highway","default_image_id":0,"enabled":false},"version":2}},"categories":[187,186,44],"tags":[],"class_list":["post-70248","post","type-post","status-publish","format-standard","has-post-thumbnail","hentry","category-centros-educativos","category-instituciones","category-noticias-de-hoy"],"jetpack_publicize_connections":[],"jetpack_featured_media_url":"https:\/\/i0.wp.com\/miradordeatarfe.es\/wp-content\/uploads\/2024\/06\/Screenshot-2024-06-24-at-12-12-08-20-Facebook.png?fit=338%2C354&ssl=1","jetpack_likes_enabled":true,"jetpack_sharing_enabled":true,"_links":{"self":[{"href":"https:\/\/miradordeatarfe.es\/index.php?rest_route=\/wp\/v2\/posts\/70248","targetHints":{"allow":["GET"]}}],"collection":[{"href":"https:\/\/miradordeatarfe.es\/index.php?rest_route=\/wp\/v2\/posts"}],"about":[{"href":"https:\/\/miradordeatarfe.es\/index.php?rest_route=\/wp\/v2\/types\/post"}],"author":[{"embeddable":true,"href":"https:\/\/miradordeatarfe.es\/index.php?rest_route=\/wp\/v2\/users\/1"}],"replies":[{"embeddable":true,"href":"https:\/\/miradordeatarfe.es\/index.php?rest_route=%2Fwp%2Fv2%2Fcomments&post=70248"}],"version-history":[{"count":1,"href":"https:\/\/miradordeatarfe.es\/index.php?rest_route=\/wp\/v2\/posts\/70248\/revisions"}],"predecessor-version":[{"id":70250,"href":"https:\/\/miradordeatarfe.es\/index.php?rest_route=\/wp\/v2\/posts\/70248\/revisions\/70250"}],"wp:featuredmedia":[{"embeddable":true,"href":"https:\/\/miradordeatarfe.es\/index.php?rest_route=\/wp\/v2\/media\/70249"}],"wp:attachment":[{"href":"https:\/\/miradordeatarfe.es\/index.php?rest_route=%2Fwp%2Fv2%2Fmedia&parent=70248"}],"wp:term":[{"taxonomy":"category","embeddable":true,"href":"https:\/\/miradordeatarfe.es\/index.php?rest_route=%2Fwp%2Fv2%2Fcategories&post=70248"},{"taxonomy":"post_tag","embeddable":true,"href":"https:\/\/miradordeatarfe.es\/index.php?rest_route=%2Fwp%2Fv2%2Ftags&post=70248"}],"curies":[{"name":"wp","href":"https:\/\/api.w.org\/{rel}","templated":true}]}}