{"id":70271,"date":"2024-06-29T09:13:44","date_gmt":"2024-06-29T07:13:44","guid":{"rendered":"https:\/\/miradordeatarfe.es\/?p=70271"},"modified":"2024-06-29T13:12:49","modified_gmt":"2024-06-29T11:12:49","slug":"llega-al-congreso-una-propuesta-para-emular-a-francia-y-poder-compartir-autoconsumo-en-hasta-20-kilometros","status":"publish","type":"post","link":"https:\/\/miradordeatarfe.es\/?p=70271","title":{"rendered":"Llega al Congreso una propuesta para emular a Francia y poder compartir autoconsumo en hasta 20 kil\u00f3metros"},"content":{"rendered":"<h2 style=\"text-align: justify;\">ERC plantea ampliar los 2 kil\u00f3metros actuales hasta 10 en las regiones periurbanas y a 20 kil\u00f3metros en zonas rurales, en la l\u00ednea de lo que aprob\u00f3 el gobierno franc\u00e9s a finales de 2023<\/h2>\n<p class=\"article-text\" style=\"text-align: justify;\">El Congreso de los Diputados va a tener que posicionarse sobre una propuesta para ampliar el radio para compartir el autoconsumo fuera de zonas urbanas hasta una horquilla de entre 10 y 20 kil\u00f3metros, frente a actuales dos kil\u00f3metros.<\/p>\n<aside class=\"know-more know-more--with-image\">\n<p class=\"know-more__title\">Espa\u00f1a cumplir\u00eda sus objetivos de potencia solar para 2030 con instalar el 24% de lo ya anunciado<\/p>\n<p><a href=\"https:\/\/www.eldiario.es\/economia\/espana-cumpliria-objetivos-potencia-solar-2030-instalar-24-anunciado_1_11441011.html\" data-mrf-recirculation=\"saber-mas\" data-mrf-link=\"https:\/\/www.eldiario.es\/economia\/espana-cumpliria-objetivos-potencia-solar-2030-instalar-24-anunciado_1_11441011.html\"><picture class=\"know-more__img\"><source srcset=\"https:\/\/static.eldiario.es\/clip\/2adc0de9-c0fd-49da-ae75-242a23c0289f_16-9-aspect-ratio_50p_0.webp\" type=\"image\/webp\" media=\"(max-width: 767px)\" \/><source srcset=\"https:\/\/static.eldiario.es\/clip\/2adc0de9-c0fd-49da-ae75-242a23c0289f_16-9-aspect-ratio_50p_0.jpg\" type=\"image\/jpg\" media=\"(max-width: 767px)\" \/><source srcset=\"https:\/\/static.eldiario.es\/clip\/2adc0de9-c0fd-49da-ae75-242a23c0289f_16-9-aspect-ratio_50p_0.webp\" type=\"image\/webp\" media=\"(min-width: 768px)\" \/><source srcset=\"https:\/\/static.eldiario.es\/clip\/2adc0de9-c0fd-49da-ae75-242a23c0289f_16-9-aspect-ratio_50p_0.jpg\" type=\"image\/jpg\" media=\"(min-width: 768px)\" \/><source srcset=\"https:\/\/static.eldiario.es\/clip\/2adc0de9-c0fd-49da-ae75-242a23c0289f_16-9-aspect-ratio_default_0.webp\" type=\"image\/webp\" \/><\/picture><\/a>La propuesta figura en una proposici\u00f3n no de ley de Esquerra Republicana de Catalunya (ERC) que, en l\u00ednea con lo aprobado por Francia a finales del a\u00f1o pasado, plantea una ampliaci\u00f3n de ese l\u00edmite y que, si saliera adelante, podr\u00eda ser un revulsivo para las denominadas comunidades energ\u00e9ticas, muy poco desarrolladas en Espa\u00f1a.<\/aside>\n<div class=\"edi-advertising ad__no-dotted ad__no-legend ad-desktop-intext hide-in-mobile\" style=\"text-align: justify;\">\n<div class=\"advertising-wrapper\">\n<div id=\"10_mediumRectangle\" class=\"advertising\" data-google-query-id=\"CJGPmc2U9IYDFVM7BgAdcrgJHw\">\n<div id=\"sm-it-main-container-1719229400623\" class=\"sm-it-main-container\" data-it=\"6619fbaf-4de7-41ba-ad72-4d7020fbdf16\" data-device=\"desktop\" data-index=\"0\">\n<div id=\"sm-reference-1719229400623\" class=\"sm-reference\">\u00a0<\/div>\n<\/div>\n<div id=\"google_ads_iframe_\/123333327\/eldiario.es\/noticia_intext_0__container__\">La propuesta figura en una iniciativa \u201csobre la ampliaci\u00f3n de las distancias entre los miembros de las comunidades energ\u00e9ticas de autoconsumo para favorecer la democratizaci\u00f3n de la energ\u00eda\u201d, presentada para su debate en instancia en la Comisi\u00f3n de Transici\u00f3n Ecol\u00f3gica y Reto Demogr\u00e1fico de la C\u00e1mara Baja.<\/div>\n<\/div>\n<\/div>\n<\/div>\n<p class=\"article-text\" style=\"text-align: justify;\">Los republicanos plantean extender las iniciativas de autoconsumo colectivo hasta una distancia m\u00e1xima de 10 km en las regiones periurbanas y hasta 20 kil\u00f3metros en las zonas rurales. Se llevar\u00eda a cabo a trav\u00e9s de una modificaci\u00f3n del Real Decreto 244\/2019, de 5 de abril, por el que se regulan las condiciones administrativas, t\u00e9cnicas y econ\u00f3micas del autoconsumo de energ\u00eda el\u00e9ctrica.<\/p>\n<p class=\"article-text\" style=\"text-align: justify;\">La idea va en la l\u00ednea de lo que ya plante\u00f3 a comienzos de a\u00f1o la Generalitat de Catalunya. En enero, el consejero catal\u00e1n de Acci\u00f3n Clim\u00e1tica, David Mascort, reclam\u00f3 esta medida al Ministerio para la Transici\u00f3n Ecol\u00f3gica para \u201chacer m\u00e1s atractivo\u201d el autoconsumo colectivo y facilitarlo en las zonas industriales y m\u00e1s all\u00e1 de las \u00e1reas urbanas, y favorecer que se impulsen las instalaciones de autoconsumo de m\u00e1s potencia.<\/p>\n<p class=\"article-text\" style=\"text-align: justify;\">\u201cLa energ\u00eda proveniente de los sistemas de autoconsumo es una electricidad m\u00e1s barata, que genera cero emisiones y, sobre todo, que pertenece a las familias y a las empresas que la utilizan\u201d, esgrimi\u00f3 entonces Mascort. La idea llega ahora al Congreso, con ERC tensando la cuerda para la investidura\u00a0en Catalunya.\u00a0<\/p>\n<p class=\"article-text\" style=\"text-align: justify;\">La propuesta de la formaci\u00f3n independentista, socios del Gobierno central en Madrid, va en la estela del camino seguido por el Gobierno franc\u00e9s en octubre de 2023, cuando aprob\u00f3 un decreto para aumentar de 2 km a 20 km la distancia m\u00e1xima entre los miembros de las comunidades energ\u00e9ticas de autoconsumo.<\/p>\n<p class=\"article-text\" style=\"text-align: justify;\">De esta manera, las iniciativas de autoconsumo colectivo se extendieron all\u00ed hasta 10 km en las regiones periurbanas (pueblos peque\u00f1os y determinados cinturones urbanos) y hasta 20 kil\u00f3metros en las zonas rurales.<\/p>\n<p class=\"article-text\" style=\"text-align: justify;\">\u201cSi en el Estado espa\u00f1ol se ejecutara la misma medida, este cambio transformar\u00eda radicalmente el potencial de las comunidades energ\u00e9ticas, puesto que permitir\u00eda el acceso a muchos m\u00e1s vecinos y ser\u00eda un gran paso adelante para permitir una mejor retribuci\u00f3n y retorno en el territorio cuando se genere renovables\u201d, expone la formaci\u00f3n republicana.<\/p>\n<p class=\"article-text\" style=\"text-align: justify;\">ERC recuerda que a finales de 2022, y \u201cdespu\u00e9s de la presi\u00f3n y negociaci\u00f3n\u201d de la formaci\u00f3n independentista, el departamento de Teresa Ribera ya ampli\u00f3 el l\u00edmite de redes de autoconsumo hasta los 2 kil\u00f3metros del n\u00facleo urbano, en l\u00ednea con lo que ya se estaba haciendo en ese momento en Francia o Portugal.<\/p>\n<p class=\"article-text\" style=\"text-align: justify;\">Lo hizo poco despu\u00e9s de que, en octubre de ese a\u00f1o, el l\u00edmite se incrementara de 500 metros hasta 1 kil\u00f3metro, <a class=\"link\" href=\"https:\/\/www.eldiario.es\/economia\/autoconsumo-renovables-concrecion-son-73-medidas-plan-contingencia_1_9615204.html\" data-mrf-recirculation=\"links-noticia\" data-mrf-link=\"https:\/\/www.eldiario.es\/economia\/autoconsumo-renovables-concrecion-son-73-medidas-plan-contingencia_1_9615204.html\">en un decreto ley de medidas de ahorro energ\u00e9tico y protecci\u00f3n de los consumidores<\/a> en aplicaci\u00f3n del Plan + Seguridad energ\u00e9tica frente a las consecuencias de la guerra en Ucrania.<\/p>\n<p class=\"article-text\" style=\"text-align: justify;\">Esa primera ampliaci\u00f3n, recuerda Esquerra, fue \u201cduramente criticada ya que se entend\u00eda como una soluci\u00f3n de m\u00ednimos que buscaba aplacar las cr\u00edticas\u201d recibidas por el \u201cincumplimiento\u201d de los compromisos recogidos por un decreto de 2019, el Real Decreto 244\/2019.<\/p>\n<p class=\"article-text\" style=\"text-align: justify;\">La propuesta de ERC se\u00f1ala que aunque la ampliaci\u00f3n del aumento de la distancia para el autoconsumo colectivo hasta los dos kil\u00f3metros \u201cha sido celebrada por el sector, ya que supone una disminuci\u00f3n de barreras y un empuj\u00f3n en la creaci\u00f3n de Comunidades Energ\u00e9ticas\u201d, todav\u00eda supone \u201cun freno, en especial para los emplazamientos rurales\u201d.\u00a0<\/p>\n<p class=\"article-text\" style=\"text-align: justify;\">M\u00e1s que \u201cpasar de un modelo dominado por los combustibles f\u00f3siles a un modelo basado en energ\u00edas renovables que est\u00e9 concentrado en las mismas grandes empresas, lo que hace falta es un proceso de democratizaci\u00f3n de la energ\u00eda\u201d.<\/p>\n<p class=\"article-text\" style=\"text-align: justify;\">Por eso, reclaman apostar por el autoconsumo compartido y por la regulaci\u00f3n de las Comunidades Energ\u00e9ticas. Potenciarlas es \u201cuna oportunidad para que la ciudadan\u00eda sea soberana de la energ\u00eda que produce y por eso es una herramienta esencial para hacer realidad el empoderamiento de la ciudadan\u00eda respecto al oligopolio el\u00e9ctrico\u201d.<\/p>\n<h3 class=\"article-text\" style=\"text-align: justify;\">Incertidumbre<\/h3>\n<p class=\"article-text\" style=\"text-align: justify;\">La propuesta llega en un momento de incertidumbre para el autoconsumo, <a class=\"link\" href=\"https:\/\/www.eldiario.es\/economia\/ocaso-holaluz-43-millones-perdidas-electrica-vendia-precios-justos-cambiar-mundo_1_11354625.html\" data-mrf-recirculation=\"links-noticia\" data-mrf-link=\"https:\/\/www.eldiario.es\/economia\/ocaso-holaluz-43-millones-perdidas-electrica-vendia-precios-justos-cambiar-mundo_1_11354625.html\">con empresas como Holaluz en graves dificultades<\/a>. Seg\u00fan la Uni\u00f3n Espa\u00f1ola Fotovoltaica (UNEF), en el primer trimestre de este a\u00f1o, con el precio mayorista de la luz cotizando en negativo por primera vez en la historia en Espa\u00f1a, y tras el fin de las ayudas del Plan de Recuperaci\u00f3n para ponerse placas, <a class=\"link\" href=\"https:\/\/www.eldiario.es\/economia\/autoconsumo-retrocede-26-3-primer-trimestre-caida-30-segmento-industrial_1_11401446.html\" data-mrf-recirculation=\"links-noticia\" data-mrf-link=\"https:\/\/www.eldiario.es\/economia\/autoconsumo-retrocede-26-3-primer-trimestre-caida-30-segmento-industrial_1_11401446.html\">la instalaci\u00f3n de nuevas plantas de autoconsumo cay\u00f3 un 26,3%<\/a>. La ca\u00edda fue especialmente fuerte, del 30%, en el segmento industrial (instalaciones con m\u00e1s de 50 kilovatios de potencia), el que mejor hab\u00eda aguantado hasta ahora.<\/p>\n<p class=\"article-text\" style=\"text-align: justify;\"><a class=\"link\" href=\"https:\/\/www.eldiario.es\/economia\/autoconsumo-desborda-expectativas-potencia-instalada-duplica-ano_1_9797727.html\" data-mrf-recirculation=\"links-noticia\" data-mrf-link=\"https:\/\/www.eldiario.es\/economia\/autoconsumo-desborda-expectativas-potencia-instalada-duplica-ano_1_9797727.html\">Tras un 2022 hist\u00f3rico por la explosi\u00f3n de precios de la luz<\/a> (la potencia instalada se duplic\u00f3 en un a\u00f1o), derivada de la guerra en Ucrania, el pasado ejercicio la nueva potencia de autoconsumo ya cay\u00f3 un 32%, con un batacazo especialmente duro (del 54%) en el sector residencial, aunque con cifras todav\u00eda hist\u00f3ricas en comparaci\u00f3n con los a\u00f1os previos a ese 2022 de r\u00e9cord.<\/p>\n<p class=\"article-text\" style=\"text-align: justify;\">La potencia acumulada en autoconsumo <a class=\"link\" href=\"https:\/\/www.eldiario.es\/economia\/autoconsumo-supera-potencia-nucleares-pese-frenazo-ultimos-meses_1_11412934.html\" data-mrf-recirculation=\"links-noticia\" data-mrf-link=\"https:\/\/www.eldiario.es\/economia\/autoconsumo-supera-potencia-nucleares-pese-frenazo-ultimos-meses_1_11412934.html\">ha superado en este comienzo del ejercicio la de todo el parque nuclear<\/a> espa\u00f1ol. Pese a ese hito, un reciente informe de Global Energy Monitor (GEM) advierte de que en Espa\u00f1a estamos \u201crezagados\u201d respecto a otros pa\u00edses europeos y <a class=\"link\" href=\"https:\/\/www.eldiario.es\/economia\/espana-cumpliria-objetivos-potencia-solar-2030-instalar-24-anunciado_1_11441011.html\" data-mrf-recirculation=\"links-noticia\" data-mrf-link=\"https:\/\/www.eldiario.es\/economia\/espana-cumpliria-objetivos-potencia-solar-2030-instalar-24-anunciado_1_11441011.html\">ve \u201cdif\u00edcil\u201d pasar de los 7 GW instalados al cierre de 2023 a los 19 GW<\/a> que aspira a alcanzar la \u00faltima actualizaci\u00f3n del Plan Nacional de Energ\u00eda y Clima (PNIEC) para 2030.<\/p>\n<p class=\"article-text\" style=\"text-align: justify;\">GEM, organizaci\u00f3n sin \u00e1nimo de lucro que elabora y comparte informaci\u00f3n para respaldar el movimiento mundial en favor de las energ\u00edas limpias,\u00a0ha recomendado \u201crevertir la reciente disminuci\u00f3n de paneles solares en tejados y volver a apostar por los incentivos\u201d, como el 0% de IVA que ha reclamado la patronal UNEF, \u201cinspirado en el \u00e9xito de medidas parecidas en Alemania y el Reino Unido\u201d, tras el fin de las ayudas del Plan de Recuperaci\u00f3n.<\/p>\n<p class=\"article-text\" style=\"text-align: justify;\">Seg\u00fan esta organizaci\u00f3n, \u201ccomparando las cifras de GEM a escala comercial con las cifras totales de energ\u00eda solar de IRENA [la Agencia Internacional de Energ\u00edas Renovables], se observa que solo el 5% de la capacidad solar de Espa\u00f1a corresponde a instalaciones a peque\u00f1a escala y en tejados residenciales, frente al 62% en Europa\u201d.<\/p>\n<p class=\"article-text\" style=\"text-align: justify;\">Esta soluci\u00f3n energ\u00e9tica, recuerda la ONG, \u201cadem\u00e1s de democratizar el acceso a la energ\u00eda, ayuda a aliviar los cuellos de botella de la red y evita que los terrenos agr\u00edcolas y los campos verdes se conviertan en huertos solares\u201d.<\/p>\n<p style=\"text-align: justify;\"><a href=\"https:\/\/www.eldiario.es\/autores\/antonio_m_velez\/\" data-mrf-link=\"https:\/\/www.eldiario.es\/autores\/antonio_m_velez\/\"><strong>Antonio M. V\u00e9lez<\/strong><\/a><\/p>\n<p><span class=\"title\">FOTO: Instalaci\u00f3n de placas fotovoltaicas para autoconsumo colectivo. <span class=\"author\"> ENDESA<\/span> <\/span><\/p>\n<p>https:\/\/www.eldiario.es\/economia\/llega-congreso-propuesta-emular-francia-compartir-autoconsumo-20-kilometros_1_11468650.html<\/p>\n<div class=\"news-info has-button-follow\" data-mrf-recirculation=\"firma\">\n<div class=\"info-wrapper\">\n<p class=\"authors\">\u00a0<\/p>\n<\/div>\n<\/div>\n","protected":false},"excerpt":{"rendered":"<p>ERC plantea ampliar los 2 kil\u00f3metros actuales hasta 10 en las regiones periurbanas y a&#8230;<\/p>\n","protected":false},"author":1,"featured_media":70272,"comment_status":"closed","ping_status":"closed","sticky":false,"template":"","format":"standard","meta":{"_coblocks_attr":"","_coblocks_dimensions":"","_coblocks_responsive_height":"","_coblocks_accordion_ie_support":"","jetpack_post_was_ever_published":false,"_jetpack_newsletter_access":"","_jetpack_dont_email_post_to_subs":false,"_jetpack_newsletter_tier_id":0,"_jetpack_memberships_contains_paywalled_content":false,"_jetpack_memberships_contains_paid_content":false,"footnotes":"","jetpack_publicize_message":"","jetpack_publicize_feature_enabled":true,"jetpack_social_post_already_shared":true,"jetpack_social_options":{"image_generator_settings":{"template":"highway","default_image_id":0,"enabled":false},"version":2}},"categories":[7725,186,44],"tags":[],"class_list":["post-70271","post","type-post","status-publish","format-standard","has-post-thumbnail","hentry","category-atarfe-sostenible","category-instituciones","category-noticias-de-hoy"],"jetpack_publicize_connections":[],"jetpack_featured_media_url":"https:\/\/i0.wp.com\/miradordeatarfe.es\/wp-content\/uploads\/2024\/06\/ec3e92c3-6608-41a4-8aa3-6f4cf342c489_16-9-discover-aspect-ratio_default_0.webp?fit=1200%2C675&ssl=1","jetpack_likes_enabled":true,"jetpack_sharing_enabled":true,"_links":{"self":[{"href":"https:\/\/miradordeatarfe.es\/index.php?rest_route=\/wp\/v2\/posts\/70271","targetHints":{"allow":["GET"]}}],"collection":[{"href":"https:\/\/miradordeatarfe.es\/index.php?rest_route=\/wp\/v2\/posts"}],"about":[{"href":"https:\/\/miradordeatarfe.es\/index.php?rest_route=\/wp\/v2\/types\/post"}],"author":[{"embeddable":true,"href":"https:\/\/miradordeatarfe.es\/index.php?rest_route=\/wp\/v2\/users\/1"}],"replies":[{"embeddable":true,"href":"https:\/\/miradordeatarfe.es\/index.php?rest_route=%2Fwp%2Fv2%2Fcomments&post=70271"}],"version-history":[{"count":1,"href":"https:\/\/miradordeatarfe.es\/index.php?rest_route=\/wp\/v2\/posts\/70271\/revisions"}],"predecessor-version":[{"id":70273,"href":"https:\/\/miradordeatarfe.es\/index.php?rest_route=\/wp\/v2\/posts\/70271\/revisions\/70273"}],"wp:featuredmedia":[{"embeddable":true,"href":"https:\/\/miradordeatarfe.es\/index.php?rest_route=\/wp\/v2\/media\/70272"}],"wp:attachment":[{"href":"https:\/\/miradordeatarfe.es\/index.php?rest_route=%2Fwp%2Fv2%2Fmedia&parent=70271"}],"wp:term":[{"taxonomy":"category","embeddable":true,"href":"https:\/\/miradordeatarfe.es\/index.php?rest_route=%2Fwp%2Fv2%2Fcategories&post=70271"},{"taxonomy":"post_tag","embeddable":true,"href":"https:\/\/miradordeatarfe.es\/index.php?rest_route=%2Fwp%2Fv2%2Ftags&post=70271"}],"curies":[{"name":"wp","href":"https:\/\/api.w.org\/{rel}","templated":true}]}}