{"id":70274,"date":"2024-06-28T10:08:19","date_gmt":"2024-06-28T08:08:19","guid":{"rendered":"https:\/\/miradordeatarfe.es\/?p=70274"},"modified":"2024-06-24T19:39:49","modified_gmt":"2024-06-24T17:39:49","slug":"a-seis-meses-de-que-venza-el-plazo-hay-solo-9-de-los-52-centros-de-emergencia-de-violencia-sexual-que-marca-la-ley","status":"publish","type":"post","link":"https:\/\/miradordeatarfe.es\/?p=70274","title":{"rendered":"A seis meses de que venza el plazo, hay solo 9 de los 52 centros de emergencia de violencia sexual que marca la ley"},"content":{"rendered":"<h3 style=\"text-align: justify;\">Los fondos europeos de recuperaci\u00f3n financian los centros integrales incluidos en la ley del &#8216;s\u00ed es s\u00ed&#8217;, pero las comunidades arrastran un retraso que pone en peligro el cumplimiento de los plazos, adem\u00e1s de que algunos de los recursos abiertos no cumplen con los est\u00e1ndares indicados<\/h3>\n<div class=\"partner-wrapper article-page__body-row\">\n<div class=\"second-col\">\n<p class=\"article-text\" style=\"text-align: justify;\">A la sombra de la discusi\u00f3n penal que gener\u00f3 la aplicaci\u00f3n de la ley del &#8216;solo s\u00ed es s\u00ed&#8217;, la norma pon\u00eda deberes. El m\u00e1s importante: que cada provincia contara con al menos un centro de atenci\u00f3n integral 24 horas para las v\u00edctimas de violencia sexual antes de finales de 2023. Para ello el Ministerio de Igualdad de Irene Montero reparti\u00f3 93 millones a las comunidades aut\u00f3nomas, una partida que procede de los fondos europeos de recuperaci\u00f3n. A finales del a\u00f1o pasado, el ritmo de aperturas era tan bajo que ministerio y comunidades pactaron un a\u00f1o de pr\u00f3rroga. A seis meses de que venza, sin embargo, solo hay abiertos 9 de los 52 centros y algunos no cumplen de momento todos los requisitos. Algunos gobiernos auton\u00f3micos ni siquiera han licitado todav\u00eda su puesta en marcha.<\/p>\n<aside class=\"know-more know-more--with-image\">\n<p class=\"know-more__title\">Dos de cada diez adolescentes de 14 a 17 a\u00f1os ha sufrido violencia sexual en el \u00faltimo a\u00f1o<\/p>\n<p><a href=\"https:\/\/www.eldiario.es\/sociedad\/diez-adolescentes-14-17-anos-sufrido-violencia-sexual-ultimo-ano_1_11226028.html\" data-mrf-recirculation=\"saber-mas\" data-mrf-link=\"https:\/\/www.eldiario.es\/sociedad\/diez-adolescentes-14-17-anos-sufrido-violencia-sexual-ultimo-ano_1_11226028.html\"><picture class=\"know-more__img\"><source srcset=\"https:\/\/static.eldiario.es\/clip\/c3d388cb-09e6-4f52-9a73-25042cc0833b_16-9-aspect-ratio_50p_0.webp\" type=\"image\/webp\" media=\"(max-width: 767px)\" \/><source srcset=\"https:\/\/static.eldiario.es\/clip\/c3d388cb-09e6-4f52-9a73-25042cc0833b_16-9-aspect-ratio_50p_0.jpg\" type=\"image\/jpg\" media=\"(max-width: 767px)\" \/><source srcset=\"https:\/\/static.eldiario.es\/clip\/c3d388cb-09e6-4f52-9a73-25042cc0833b_16-9-aspect-ratio_50p_0.webp\" type=\"image\/webp\" media=\"(min-width: 768px)\" \/><source srcset=\"https:\/\/static.eldiario.es\/clip\/c3d388cb-09e6-4f52-9a73-25042cc0833b_16-9-aspect-ratio_50p_0.jpg\" type=\"image\/jpg\" media=\"(min-width: 768px)\" \/><source srcset=\"https:\/\/static.eldiario.es\/clip\/c3d388cb-09e6-4f52-9a73-25042cc0833b_16-9-aspect-ratio_default_0.webp\" type=\"image\/webp\" \/><img data-recalc-dims=\"1\" decoding=\"async\" class=\"lazy entered loaded alignleft\" src=\"https:\/\/i0.wp.com\/static.eldiario.es\/clip\/c3d388cb-09e6-4f52-9a73-25042cc0833b_16-9-aspect-ratio_default_0.jpg?w=640&#038;ssl=1\" alt=\"Dos de cada diez adolescentes de 14 a 17 a\u00f1os ha sufrido violencia sexual en el \u00faltimo a\u00f1o\" data-src=\"https:\/\/static.eldiario.es\/clip\/c3d388cb-09e6-4f52-9a73-25042cc0833b_16-9-aspect-ratio_default_0.jpg\" data-ll-status=\"loaded\" \/> <\/picture> <\/a>Fue la Ley Org\u00e1nica de Garant\u00eda Integral de la Libertad Sexual la que incluy\u00f3 esta medida con el objetivo de crear una red de atenci\u00f3n a la violencia sexual similar a la que existe para la violencia de g\u00e9nero. El Ministerio de Igualdad solicit\u00f3 una partida de los fondos europeos de recuperaci\u00f3n para financiar varias medidas relacionadas con la igualdad y la atenci\u00f3n de las violencias machistas, entre ellas los centros de crisis. Espa\u00f1a ha adelantado ese dinero: el Gobierno transfiri\u00f3 a las comunidades 19,8 millones en 2021, 46,2 millones un a\u00f1o despu\u00e9s y 17 en 2023. Del cumplimiento de este hito depende que Europa desembolse finalmente el dinero.<\/aside>\n<p class=\"article-text\" style=\"text-align: justify;\">Tres a\u00f1os despu\u00e9s de empezar el proceso, solo existen 9 de los 52 centros que debe haber en cada provincia y ciudad aut\u00f3noma. \u201cNos preocupa esta situaci\u00f3n, la lentitud de las comunidades, porque adem\u00e1s los fondos europeos son finalistas. Ya les concedieron una pr\u00f3rroga y no sabemos si habr\u00e1 otra, porque tambi\u00e9n depende de Europa\u201d, asegura Ver\u00f3nica Barroso, de Amnist\u00eda Internacional Espa\u00f1a, que est\u00e1 vigilando la manera en la que las autonom\u00edas est\u00e1n implantando los centros.<\/p>\n<p class=\"article-text\" style=\"text-align: justify;\">A d\u00eda de hoy, solo tienen centros abiertos Madrid, Cantabria, Bizkaia, Vitoria, Murcia, Pamplona, Albacete y Melilla. Igualdad asegura que a lo largo del verano prev\u00e9n las aperturas de Donosti, Teruel, Huesca, Toledo, Guadalajara, Alicante, Valencia, A Coru\u00f1a, Lugo, Ourense y Pontevendra. Los restantes, se\u00f1alan, se abrir\u00e1n durante el \u00faltimo trimestre del a\u00f1o. Algunas fuentes son menos optimistas y apuntan a una falta de voluntad pol\u00edtica o de inter\u00e9s de algunos gobiernos auton\u00f3micos que puede poner en peligro el cumplimiento del plan. Fuentes de Igualdad insisten en que conf\u00edan en las comunidades para llegar a tiempo.<\/p>\n<h3 class=\"article-text\" style=\"text-align: justify;\">Cumplir los est\u00e1ndares<\/h3>\n<p class=\"article-text\" style=\"text-align: justify;\">Pero no se trata solo de que los centros est\u00e9n abiertos, sino de que cumplan los est\u00e1ndares que marca la ley. La responsable de Amnist\u00eda Internacional destaca que deben ser de emergencia, dar atenci\u00f3n especializada e integral \u2013psicol\u00f3gica, jur\u00eddica, acompa\u00f1amiento a otros servicios\u2013, y contar con un equipo interdisciplinar. \u201cY por supuesto prestar atenci\u00f3n gratuita y que sean de f\u00e1cil acceso para todas las personas\u201d, a\u00f1ade.<\/p>\n<p class=\"article-text\" style=\"text-align: justify;\">Es ah\u00ed, en los est\u00e1ndares, donde tambi\u00e9n radica el problema. Por ejemplo, ni el centro de Vitoria ni el de Bizkaia ya en marcha hacen p\u00fablica su ubicaci\u00f3n \u201cpor seguridad\u201d de las v\u00edctimas, indican desde la Diputaci\u00f3n. Pr\u00f3ximamente abrir\u00e1n un segundo espacio en Bizkaia que describen como \u201coficina de informaci\u00f3n p\u00fablica\u201d, que s\u00ed estar\u00e1 abierta para todo el p\u00fablico, <strong>informa Maialen Ferreira<\/strong>.<\/p>\n<p class=\"article-text\" style=\"text-align: justify;\">En Murcia, el servicio presencial no se presta las 24 horas. Durante la noche solo atienden a trav\u00e9s de una l\u00ednea telef\u00f3nica. \u201cSi es necesario que alguna profesional se desplace a un domicilio para trasladar a la persona al centro de crisis y ser atendida, sea la hora que sea, se desplaza, y as\u00ed la persona usuaria recibe la atenci\u00f3n necesaria. Una vez que se realiza la llamada, se activa el protocolo y la profesional se desplaza al centro de crisis para atender a la persona, previa valoraci\u00f3n para saber sus necesidades espec\u00edficas o para derivarla con el recurso que precise: salud, fuerzas y cuerpos de seguridad del Estado, atenci\u00f3n psicol\u00f3gica, jur\u00eddica etc..\u00a0\u201d, aseguran desde la Consejer\u00eda de Pol\u00edtica Social, <strong>informa Elisa Reche<\/strong>.<\/p>\n<p class=\"article-text\" style=\"text-align: justify;\">Fuentes conocedoras de la negociaci\u00f3n con las comunidades consideran que en ninguno de esos tres casos se cumplen adecuadamente los requisitos marcados. \u201cSi no se conoce ni se difunde no tiene sentido, porque se trata de llegar f\u00e1cil a la v\u00edctima, no que la v\u00edctima haga un periplo para hasta dar con el recurso. Habr\u00eda que hacer p\u00fablica su ubicaci\u00f3n y hacer campa\u00f1as de difusi\u00f3n. Hay muchos aspectos que mejorar a\u00fan\u201d, indica Ver\u00f3nica Barroso, de Amnist\u00eda. Desde Igualdad aseguran que quedan seis meses para cumplir los est\u00e1ndares y que un equipo de la Delegaci\u00f3n del Gobierno para la Violencia de G\u00e9nero trabaja estrechamente con las comunidades para asegurar que los centros se adecuan a la norma.<\/p>\n<p class=\"article-text\" style=\"text-align: justify;\">En cuanto a los que a\u00fan no est\u00e1n abiertos, es llamativo el caso de <a class=\"link\" href=\"https:\/\/www.eldiario.es\/castilla-y-leon\/sociedad\/leon-valladolid-tendran-espacio-centros-crisis-24-horas_1_11445322.html\" data-mrf-recirculation=\"links-noticia\" data-mrf-link=\"https:\/\/www.eldiario.es\/castilla-y-leon\/sociedad\/leon-valladolid-tendran-espacio-centros-crisis-24-horas_1_11445322.html\">Castilla y Le\u00f3n<\/a>: aunque la Comunidad sac\u00f3 a concurso la compra de edificios para poner en marcha los centros, la convocatoria qued\u00f3 desierta en siete de las nueve provincias. El gobierno auton\u00f3mico tiene que licitar de nuevo y, despu\u00e9s, los recursos deben ponerse en marcha. Por su parte, Canarias tambi\u00e9n hizo p\u00fablica la licitaci\u00f3n en abril pero la adjudicaci\u00f3n a\u00fan est\u00e1 pendiente.<\/p>\n<p class=\"article-text\" style=\"text-align: justify;\">Catalunya quiere utilizar la red p\u00fablica de atenci\u00f3n a la violencia de g\u00e9nero que ya tiene para canalizar la atenci\u00f3n a la violencia sexual, en lugar de abrir nuevos centros. Deber\u00e1n, no obstante, crear protocolos y circuitos propios, as\u00ed como personal dedicado solo a la atenci\u00f3n de la violencia sexual. Tambi\u00e9n Asturias apost\u00f3 por la municipalizaci\u00f3n de estos recursos, aunque s\u00ed abri\u00f3 un centro de crisis espec\u00edfico para la violencia sexual. En muchos casos, las comunidades licitar\u00e1n el servicio, que podr\u00e1 quedar en manos de ONG o de empresas cuya especializaci\u00f3n en g\u00e9nero est\u00e1 por ver.<\/p>\n<p><a href=\"https:\/\/www.eldiario.es\/autores\/ana_requena_aguilar\/\" data-mrf-link=\"https:\/\/www.eldiario.es\/autores\/ana_requena_aguilar\/\"><strong>Ana Requena Aguilar<\/strong><\/a><\/p>\n<p><span class=\"title\"><span class=\"author\">FOTO: David Velasco<\/span> <\/span><\/p>\n<p>https:\/\/www.eldiario.es\/sociedad\/seis-meses-venza-plazo-hay-9-52-centros-emergencia-violencia-sexual-marca-ley_1_11468307.html<\/p>\n<div class=\"news-info has-button-follow\" data-mrf-recirculation=\"firma\">\n<div class=\"info-wrapper\">\n<p class=\"authors\">\u00a0<\/p>\n<div class=\"edi-save\">\n<div class=\"featured-subscription\">\u00a0<\/div>\n<\/div>\n<\/div>\n<\/div>\n<\/div>\n<\/div>\n","protected":false},"excerpt":{"rendered":"<p>Los fondos europeos de recuperaci\u00f3n financian los centros integrales incluidos en la ley del &#8216;s\u00ed&#8230;<\/p>\n","protected":false},"author":1,"featured_media":70275,"comment_status":"closed","ping_status":"closed","sticky":false,"template":"","format":"standard","meta":{"_coblocks_attr":"","_coblocks_dimensions":"","_coblocks_responsive_height":"","_coblocks_accordion_ie_support":"","jetpack_post_was_ever_published":false,"_jetpack_newsletter_access":"","_jetpack_dont_email_post_to_subs":false,"_jetpack_newsletter_tier_id":0,"_jetpack_memberships_contains_paywalled_content":false,"_jetpack_memberships_contains_paid_content":false,"footnotes":"","jetpack_publicize_message":"","jetpack_publicize_feature_enabled":true,"jetpack_social_post_already_shared":true,"jetpack_social_options":{"image_generator_settings":{"template":"highway","default_image_id":0,"enabled":false},"version":2}},"categories":[14,186,44],"tags":[],"class_list":["post-70274","post","type-post","status-publish","format-standard","has-post-thumbnail","hentry","category-feminismo","category-instituciones","category-noticias-de-hoy"],"jetpack_publicize_connections":[],"jetpack_featured_media_url":"https:\/\/i0.wp.com\/miradordeatarfe.es\/wp-content\/uploads\/2024\/06\/6086d752-ee7a-41b3-ae46-579f5f4d0232_16-9-discover-aspect-ratio_default_0.webp?fit=1200%2C675&ssl=1","jetpack_likes_enabled":true,"jetpack_sharing_enabled":true,"_links":{"self":[{"href":"https:\/\/miradordeatarfe.es\/index.php?rest_route=\/wp\/v2\/posts\/70274","targetHints":{"allow":["GET"]}}],"collection":[{"href":"https:\/\/miradordeatarfe.es\/index.php?rest_route=\/wp\/v2\/posts"}],"about":[{"href":"https:\/\/miradordeatarfe.es\/index.php?rest_route=\/wp\/v2\/types\/post"}],"author":[{"embeddable":true,"href":"https:\/\/miradordeatarfe.es\/index.php?rest_route=\/wp\/v2\/users\/1"}],"replies":[{"embeddable":true,"href":"https:\/\/miradordeatarfe.es\/index.php?rest_route=%2Fwp%2Fv2%2Fcomments&post=70274"}],"version-history":[{"count":1,"href":"https:\/\/miradordeatarfe.es\/index.php?rest_route=\/wp\/v2\/posts\/70274\/revisions"}],"predecessor-version":[{"id":70276,"href":"https:\/\/miradordeatarfe.es\/index.php?rest_route=\/wp\/v2\/posts\/70274\/revisions\/70276"}],"wp:featuredmedia":[{"embeddable":true,"href":"https:\/\/miradordeatarfe.es\/index.php?rest_route=\/wp\/v2\/media\/70275"}],"wp:attachment":[{"href":"https:\/\/miradordeatarfe.es\/index.php?rest_route=%2Fwp%2Fv2%2Fmedia&parent=70274"}],"wp:term":[{"taxonomy":"category","embeddable":true,"href":"https:\/\/miradordeatarfe.es\/index.php?rest_route=%2Fwp%2Fv2%2Fcategories&post=70274"},{"taxonomy":"post_tag","embeddable":true,"href":"https:\/\/miradordeatarfe.es\/index.php?rest_route=%2Fwp%2Fv2%2Ftags&post=70274"}],"curies":[{"name":"wp","href":"https:\/\/api.w.org\/{rel}","templated":true}]}}