{"id":70301,"date":"2024-06-28T11:10:08","date_gmt":"2024-06-28T09:10:08","guid":{"rendered":"https:\/\/miradordeatarfe.es\/?p=70301"},"modified":"2024-06-28T12:13:28","modified_gmt":"2024-06-28T10:13:28","slug":"este-adios-que-maquilla-un-hasta-pronto-por-fran-lopez","status":"publish","type":"post","link":"https:\/\/miradordeatarfe.es\/?p=70301","title":{"rendered":"\u00abEste adi\u00f3s que maquilla un hasta pronto\u00bb por Fran L\u00f3pez"},"content":{"rendered":"<h3 style=\"text-align: justify;\">LOS CENTROS ESCOLARES HAN ACABADO EL CURSO 2023-24. Y DESDE EL MIRADOR RECONOCEMOS EL TRABAJO REALIZADO DE TODOS LOS COLEGIOS E INSTITUTOS.\u00a0 SIRVA DE RECONOCIMIENTO ESTA CARTA DE NUESTRO COLABORADOR FRAN L\u00d3PEZ<\/h3>\n<p>&nbsp;<\/p>\n<p style=\"text-align: justify;\">Coincidiendo con la llegada de la estaci\u00f3n estival, el alumnado sufre el cansancio de la rutina que, con ilusi\u00f3n, establecieron en septiembre del a\u00f1o anterior. Las familias miran con preocupaci\u00f3n el modo de afrontar la campa\u00f1a de verano buscando la mejor forma de conciliaci\u00f3n posible. Los claustros adolecen o celebran, seg\u00fan la experiencia de cada caso, la emoci\u00f3n o el desd\u00e9n de las despedidas de compa\u00f1eros y compa\u00f1eras que marchar\u00e1n a otros centros en el pr\u00f3ximo curso, rompiendo de esta forma el lazo emocional creado a lo largo de los m\u00e1s de nueve meses compartidos.<\/p>\n<p style=\"text-align: justify;\">Recuerdo el pasado mes de septiembre, este aprendiz de presidente, dejaba atr\u00e1s un verano de largas tardes de elucubraci\u00f3n en la b\u00fasqueda de propuestas para el plan de actividades de la AMPA. Pese a llevar por entonces dos a\u00f1os ligado estrechamente a la direcci\u00f3n de nuestra asociaci\u00f3n, este que en breve daba comienzo, ser\u00eda mi primer a\u00f1o como m\u00e1ximo responsable de la entidad.<br \/>\nCon los nervios e ilusi\u00f3n de los nuevos comienzos, dej\u00e9, con apuros, pasar el primer d\u00eda del mes, m\u00e1s por no parecer desesperado, que por cortes\u00eda\u2026 De nada sirvi\u00f3, al segundo d\u00eda ya estaba concertando una cita con la directiva de nuestro colegio, como \u00fanico punto del d\u00eda, presentar mi plan de actividades.<\/p>\n<p style=\"text-align: justify;\">En un intento vano de sofocar el descaro de mi premura, les ofrec\u00ed invitarles a desayunar, hecho que no se lleg\u00f3 a producir, pues, efectivamente desayunamos y pude exponer mis propuestas, pero cuando me dispuse a pagar para cumplir con mi palabra, Violeta se me adelant\u00f3 alegando que los pagos est\u00e1n sometidos a un riguroso ritual inquebrantable y que aquel d\u00eda era a ella a quien correspond\u00eda pagar\u2026 A ver qui\u00e9n, en el mes de septiembre, es capaz de llevar la contraria a la Jefa de Estudios. Declin\u00e9 mi intenci\u00f3n para otro momento, el cual, a\u00fan no se ha producido, pero todo se andar\u00e1&#8230;<\/p>\n<p style=\"text-align: justify;\"><a href=\"https:\/\/i0.wp.com\/miradordeatarfe.es\/wp-content\/uploads\/2024\/06\/WhatsApp-Image-2023-10-02-at-13.39.30.jpeg?ssl=1\"><img data-recalc-dims=\"1\" loading=\"lazy\" decoding=\"async\" class=\"wp-image-70305 size-full alignleft\" src=\"https:\/\/i0.wp.com\/miradordeatarfe.es\/wp-content\/uploads\/2024\/06\/WhatsApp-Image-2023-10-02-at-13.39.30.jpeg?resize=384%2C512&#038;ssl=1\" alt=\"\" width=\"384\" height=\"512\" srcset=\"https:\/\/i0.wp.com\/miradordeatarfe.es\/wp-content\/uploads\/2024\/06\/WhatsApp-Image-2023-10-02-at-13.39.30.jpeg?w=384&amp;ssl=1 384w, https:\/\/i0.wp.com\/miradordeatarfe.es\/wp-content\/uploads\/2024\/06\/WhatsApp-Image-2023-10-02-at-13.39.30.jpeg?resize=225%2C300&amp;ssl=1 225w\" sizes=\"auto, (max-width: 384px) 100vw, 384px\" \/><\/a>De vuelta al presente y con la perspectiva del tiempo pasado, la valoraci\u00f3n de este primer a\u00f1o es muy positiva. Me gustar\u00eda agradecer en primer lugar a mi Equipo Directivo AMPA, pues con su tiempo, esfuerzo y dedicaci\u00f3n han conseguido sacar adelante gran n\u00famero de actividades. Tambi\u00e9n a las familias por su buena acogida y el gran n\u00famero de socios con que este a\u00f1o hemos<br \/>\ncontado. Al claustro en su conjunto, pues, nos hemos sentido arropados en todo momento y siempre ha estado dispuesto a colaborar con las familias, ofreciendo lo mejor de s\u00ed. Por \u00faltimo y no menos importante, a la direcci\u00f3n del colegio: Fran, Violeta y Paqui. Gracias por recibirnos siempre con ese entusiasmo, por escucharnos y por valorarnos. Sobre todo, y, ante todo, gracias por cuidar el buen clima establecido entre ambas directivas.<\/p>\n<p style=\"text-align: justify;\">Por supuesto, no ha sido un camino de rosas, tambi\u00e9n hemos sufrido fracasos estrepitosos. De esos que llevan al des\u00e1nimo y el replanteamiento, a la decepci\u00f3n. Para lo bueno y para lo malo, la tenacidad impera en quien hoy os escribe. La adversidad termina sucumbiendo a la resiliencia. La labor que ofrecemos est\u00e1 muy por encima de cualquier decepci\u00f3n, nuestras hijas e hijos merecen la compa\u00f1\u00eda que les ofrecemos en el trascurso de su formaci\u00f3n y educaci\u00f3n.<\/p>\n<p style=\"text-align: justify;\">\nDe todas y cada una de las actividades realizadas conservo un especial recuerdo. A riesgo de salir escaldado, como se suele decir, no quisiera dejar pasar la oportunidad de rememorar la que, a mi juicio, pudo ser la m\u00e1s emotiva del curso, por su significado, as\u00ed como por su desarrollo.<\/p>\n<p style=\"text-align: justify;\">\nEl d\u00eda 25 de noviembre celebramos el D\u00eda Internacional para la Eliminaci\u00f3n de la Violencia contra las Mujeres. Nuestra AMPA presentaba ante toda la Comunidad Educativa un mural dibujado por el artista local Fernando Jim\u00e9nez Ram\u00edrez en colaboraci\u00f3n con nuestras familias. Durante la presentaci\u00f3n pudimos disfrutar de la interpretaci\u00f3n musical de nuestras se\u00f1os Mari Carmen P\u00e9rez y Esther Crisol de la Fuente. Me resulta dif\u00edcil explicar con palabras la sensaci\u00f3n al recordar aquellos primeros acordes, dada mi poca cultura en cuanto a tecnicismos musicales, muy probablemente la palabra acorde no sea la correcta, pero sinceramente, ah\u00ed colocada, me suena tan bien, como aquellas primeras notas musicales emitidas por las teclas que Mari Carmen pulsaba, en apariencia tranquila, las mismas notas que, convertidas en r\u00edtmicas vibraciones entraron por mis pies y elev\u00e1ndose por el ascensor de las emociones, me hicieron saltarme un latido. Con la voz de Esther se complet\u00f3 la conjunci\u00f3n. Dos artistas unidas por una causa noble. Durante varios minutos demostraron que, la m\u00fasica calma y emociona, pues, cientos de o\u00eddos inquietos se mantuvieron imp\u00e1vidos y embelesados ante la emotiva actuaci\u00f3n.<\/p>\n<p style=\"text-align: justify;\">Me gustar\u00eda terminar con un agradecimiento e invitar a una reflexi\u00f3n:<br \/>\nMi agradecimiento a todos los y las docentes que dedican su vida profesional a la ense\u00f1anza y acaban de superar un a\u00f1o m\u00e1s en su honesta tarea. Etimol\u00f3gicamente hablando, maestro, proviene del griego \u201cmag\u00edster\u201d, cuyo significado literal es \u201cel que m\u00e1s sabe\u201d.<\/p>\n<p style=\"text-align: justify;\"><a href=\"https:\/\/i0.wp.com\/miradordeatarfe.es\/wp-content\/uploads\/2024\/06\/05c.jpeg?ssl=1\"><img data-recalc-dims=\"1\" loading=\"lazy\" decoding=\"async\" class=\"size-medium wp-image-70307 alignright\" src=\"https:\/\/i0.wp.com\/miradordeatarfe.es\/wp-content\/uploads\/2024\/06\/05c.jpeg?resize=300%2C225&#038;ssl=1\" alt=\"\" width=\"300\" height=\"225\" srcset=\"https:\/\/i0.wp.com\/miradordeatarfe.es\/wp-content\/uploads\/2024\/06\/05c.jpeg?resize=300%2C225&amp;ssl=1 300w, https:\/\/i0.wp.com\/miradordeatarfe.es\/wp-content\/uploads\/2024\/06\/05c.jpeg?resize=768%2C576&amp;ssl=1 768w, https:\/\/i0.wp.com\/miradordeatarfe.es\/wp-content\/uploads\/2024\/06\/05c.jpeg?w=1000&amp;ssl=1 1000w\" sizes=\"auto, (max-width: 300px) 100vw, 300px\" \/><\/a>Gracias, por compartir con nuestras hijas e hijos vuestros saberes, ense\u00f1anzas y experiencias. En la actualidad vivimos en una sociedad basada en la inmediatez, somos conscientes del gran margen de mejora que existe para acercarse a la ut\u00f3pica perfecci\u00f3n. La reflexi\u00f3n que invito a que nos hagamos, no es otra que, tanto familias, como equipo docente, nos unamos al un\u00edsono para acompa\u00f1ar a nuestras hijas e hijos en el proceso de convertirse en personas aut\u00f3nomas, en ciudadanos de pensamiento libre y cr\u00edtico. Los unos, debemos aportar suficientes valores para hacer frente a cualquier adversidad que se plantee. Los otros, los suficientes conocimientos, experiencias y herramientas como para saber afrontarlas.<\/p>\n<p style=\"text-align: justify;\">Con el convencimiento de que el \u00e9xito en la educaci\u00f3n de nuestra futura sociedad reside en ayudarnos mutuamente, hago un llamamiento para que trabajemos juntos. Nuestro alumnado merece un mundo mejor. Un mundo m\u00e1s justo, m\u00e1s igualitario. Un mundo donde impere la PAZ y los valores imprescindibles sean la convivencia y el respeto mutuo.<\/p>\n<p>Gracias.<\/p>\n<p><a href=\"https:\/\/i0.wp.com\/miradordeatarfe.es\/wp-content\/uploads\/2024\/06\/WhatsApp-Image-2024-06-25-at-21.36.39-1.jpeg?ssl=1\"><img data-recalc-dims=\"1\" loading=\"lazy\" decoding=\"async\" class=\"wp-image-70308 size-full aligncenter\" src=\"https:\/\/i0.wp.com\/miradordeatarfe.es\/wp-content\/uploads\/2024\/06\/WhatsApp-Image-2024-06-25-at-21.36.39-1.jpeg?resize=576%2C1024&#038;ssl=1\" alt=\"\" width=\"576\" height=\"1024\" srcset=\"https:\/\/i0.wp.com\/miradordeatarfe.es\/wp-content\/uploads\/2024\/06\/WhatsApp-Image-2024-06-25-at-21.36.39-1.jpeg?w=576&amp;ssl=1 576w, https:\/\/i0.wp.com\/miradordeatarfe.es\/wp-content\/uploads\/2024\/06\/WhatsApp-Image-2024-06-25-at-21.36.39-1.jpeg?resize=169%2C300&amp;ssl=1 169w\" sizes=\"auto, (max-width: 576px) 100vw, 576px\" \/><\/a><\/p>\n","protected":false},"excerpt":{"rendered":"<p>LOS CENTROS ESCOLARES HAN ACABADO EL CURSO 2023-24. Y DESDE EL MIRADOR RECONOCEMOS EL TRABAJO&#8230;<\/p>\n","protected":false},"author":1,"featured_media":70304,"comment_status":"closed","ping_status":"closed","sticky":false,"template":"","format":"standard","meta":{"_coblocks_attr":"","_coblocks_dimensions":"","_coblocks_responsive_height":"","_coblocks_accordion_ie_support":"","jetpack_post_was_ever_published":false,"_jetpack_newsletter_access":"","_jetpack_dont_email_post_to_subs":false,"_jetpack_newsletter_tier_id":0,"_jetpack_memberships_contains_paywalled_content":false,"_jetpack_memberships_contains_paid_content":false,"footnotes":"","jetpack_publicize_message":"","jetpack_publicize_feature_enabled":true,"jetpack_social_post_already_shared":true,"jetpack_social_options":{"image_generator_settings":{"template":"highway","default_image_id":0,"enabled":false},"version":2}},"categories":[187,10794,186,44],"tags":[],"class_list":["post-70301","post","type-post","status-publish","format-standard","has-post-thumbnail","hentry","category-centros-educativos","category-fran-lopez","category-instituciones","category-noticias-de-hoy"],"jetpack_publicize_connections":[],"jetpack_featured_media_url":"https:\/\/i0.wp.com\/miradordeatarfe.es\/wp-content\/uploads\/2024\/06\/WhatsApp-Image-2024-06-25-at-21.36.39.jpeg?fit=512%2C384&ssl=1","jetpack_likes_enabled":true,"jetpack_sharing_enabled":true,"_links":{"self":[{"href":"https:\/\/miradordeatarfe.es\/index.php?rest_route=\/wp\/v2\/posts\/70301","targetHints":{"allow":["GET"]}}],"collection":[{"href":"https:\/\/miradordeatarfe.es\/index.php?rest_route=\/wp\/v2\/posts"}],"about":[{"href":"https:\/\/miradordeatarfe.es\/index.php?rest_route=\/wp\/v2\/types\/post"}],"author":[{"embeddable":true,"href":"https:\/\/miradordeatarfe.es\/index.php?rest_route=\/wp\/v2\/users\/1"}],"replies":[{"embeddable":true,"href":"https:\/\/miradordeatarfe.es\/index.php?rest_route=%2Fwp%2Fv2%2Fcomments&post=70301"}],"version-history":[{"count":6,"href":"https:\/\/miradordeatarfe.es\/index.php?rest_route=\/wp\/v2\/posts\/70301\/revisions"}],"predecessor-version":[{"id":70358,"href":"https:\/\/miradordeatarfe.es\/index.php?rest_route=\/wp\/v2\/posts\/70301\/revisions\/70358"}],"wp:featuredmedia":[{"embeddable":true,"href":"https:\/\/miradordeatarfe.es\/index.php?rest_route=\/wp\/v2\/media\/70304"}],"wp:attachment":[{"href":"https:\/\/miradordeatarfe.es\/index.php?rest_route=%2Fwp%2Fv2%2Fmedia&parent=70301"}],"wp:term":[{"taxonomy":"category","embeddable":true,"href":"https:\/\/miradordeatarfe.es\/index.php?rest_route=%2Fwp%2Fv2%2Fcategories&post=70301"},{"taxonomy":"post_tag","embeddable":true,"href":"https:\/\/miradordeatarfe.es\/index.php?rest_route=%2Fwp%2Fv2%2Ftags&post=70301"}],"curies":[{"name":"wp","href":"https:\/\/api.w.org\/{rel}","templated":true}]}}