{"id":70332,"date":"2024-06-28T11:00:13","date_gmt":"2024-06-28T09:00:13","guid":{"rendered":"https:\/\/miradordeatarfe.es\/?p=70332"},"modified":"2024-06-27T12:48:42","modified_gmt":"2024-06-27T10:48:42","slug":"angel-ruiz-dirigira-al-atarfe-industrial-la-proxima-temporada","status":"publish","type":"post","link":"https:\/\/miradordeatarfe.es\/?p=70332","title":{"rendered":"\u00c1ngel Ruiz dirigir\u00e1 al Atarfe Industrial la pr\u00f3xima temporada"},"content":{"rendered":"<div class=\"grid_9 alpha posts noticiabig\">\n<h2 style=\"text-align: justify;\">El t\u00e9cnico granadino ha logrado esta campa\u00f1a la permanencia del Maracena B en Primera Andaluza<\/h2>\n<p class=\"dcha\" style=\"text-align: justify;\">El Atarfe Industrial ha confirmado a trav\u00e9s de sus redes sociales quien ser\u00e1 su nuevo t\u00e9cnico para la temporada 2024 \/25 tras la marcha anunciada hace unos d\u00edas de Johny Prieto y \u00c1\u00f1ico. El elegido por la directiva blanquiverde es el t\u00e9cnico \u00c1ngel Ruiz, que las \u00faltimas temporadas ha estado en el entramado de cantera de la UD Maracena.\u00a0<\/p>\n<p style=\"text-align: justify;\">\u00c1ngel Ruiz se form\u00f3 como t\u00e9cnico en el Granada CF donde dirigi\u00f3 al conjunto rojiblanco en cadetes e infantiles durante nueve temporadas. Logrando ascender al cadete rojiblanco a Divisi\u00f3n de Honor Despu\u00e9s de salir de la entidad rojiblanca vivi\u00f3 su primera etapa en el Atarfe Industrial donde entren\u00f3 en la campa\u00f1a 2016\/17 al segundo equipo juvenil. A la temporada siguiente promocion\u00f3 y entren\u00f3 al equipo juvenil de Liga Nacional.\u00a0<\/p>\n<p style=\"text-align: justify;\">Tras irse del Atarfe Industrial tuvo su primera experiencia como primer entrenador de un equipo s\u00e9nior dirigiendo al \u00cdllora en la temporada 2018\/19 y logrando la permanencia en Primera Andaluza. Tras un par\u00f3n de dos temporadas por el covid lleg\u00f3 al cadete de la UD Maracena donde estuvo dos temporadas logrando una brillante permanencia en Divisi\u00f3n de Honor. Esto le vali\u00f3 para coger al filial de la UD Maracena en Primera Andaluza donde la pasada campa\u00f1a tambi\u00e9n logr\u00f3 la permanencia.<\/p>\n<p style=\"text-align: justify;\">El nuevo t\u00e9cnico del Atarfe Industrial liderar\u00e1 un proyecto que de nuevo volver\u00e1 a ser austero en lo econ\u00f3mico, pero con mucha juventud en la plantilla.<\/p>\n<div class=\"limpia\">\n<div class=\"meta mb autor\">\n<div class=\"dcha\" style=\"text-align: justify;\">David Contreras\u00a0 <br \/>\n<i class=\"fa-twitter\"><\/i> <a href=\"https:\/\/twitter.com\/@DavidContreras4\" target=\"_blank\" rel=\"noopener\">@DavidContreras4<\/a>\u00a0|\u00a0\u00a0<i class=\"fa-envelope\"><\/i> <a href=\"mailto:dcontreras@granadaenjuego.com\">dcontreras@granadaenjuego.com<\/a><\/div>\n<div class=\"limpia\">\u00a0<\/div>\n<\/div>\n<div class=\"foto\">\n<div class=\"piefotobig\"><i>FOTO: \u00c1ngel Ruiz entrenar\u00e1 al Atarfe Industrial (J. PALMA) <\/i><\/div>\n<\/div>\n<p>https:\/\/www.granadaenjuego.com\/atarfe-industrial-\/angel-ruiz-dirigira-al-atarfe-industrial-la-proxima-temporada-<\/p>\n<\/div>\n<\/div>\n<div class=\"grid_3 omega posts\">\n<div class=\"widget\">\u00a0<\/div>\n<\/div>\n","protected":false},"excerpt":{"rendered":"<p>El t\u00e9cnico granadino ha logrado esta campa\u00f1a la permanencia del Maracena B en Primera Andaluza&#8230;<\/p>\n","protected":false},"author":1,"featured_media":70333,"comment_status":"closed","ping_status":"closed","sticky":false,"template":"","format":"standard","meta":{"_coblocks_attr":"","_coblocks_dimensions":"","_coblocks_responsive_height":"","_coblocks_accordion_ie_support":"","jetpack_post_was_ever_published":false,"_jetpack_newsletter_access":"","_jetpack_dont_email_post_to_subs":false,"_jetpack_newsletter_tier_id":0,"_jetpack_memberships_contains_paywalled_content":false,"_jetpack_memberships_contains_paid_content":false,"footnotes":"","jetpack_publicize_message":"","jetpack_publicize_feature_enabled":true,"jetpack_social_post_already_shared":true,"jetpack_social_options":{"image_generator_settings":{"template":"highway","default_image_id":0,"enabled":false},"version":2}},"categories":[182,186,44],"tags":[],"class_list":["post-70332","post","type-post","status-publish","format-standard","has-post-thumbnail","hentry","category-deportes","category-instituciones","category-noticias-de-hoy"],"jetpack_publicize_connections":[],"jetpack_featured_media_url":"https:\/\/i0.wp.com\/miradordeatarfe.es\/wp-content\/uploads\/2024\/06\/imagen56601_0_original.jpg?fit=1100%2C817&ssl=1","jetpack_likes_enabled":true,"jetpack_sharing_enabled":true,"_links":{"self":[{"href":"https:\/\/miradordeatarfe.es\/index.php?rest_route=\/wp\/v2\/posts\/70332","targetHints":{"allow":["GET"]}}],"collection":[{"href":"https:\/\/miradordeatarfe.es\/index.php?rest_route=\/wp\/v2\/posts"}],"about":[{"href":"https:\/\/miradordeatarfe.es\/index.php?rest_route=\/wp\/v2\/types\/post"}],"author":[{"embeddable":true,"href":"https:\/\/miradordeatarfe.es\/index.php?rest_route=\/wp\/v2\/users\/1"}],"replies":[{"embeddable":true,"href":"https:\/\/miradordeatarfe.es\/index.php?rest_route=%2Fwp%2Fv2%2Fcomments&post=70332"}],"version-history":[{"count":2,"href":"https:\/\/miradordeatarfe.es\/index.php?rest_route=\/wp\/v2\/posts\/70332\/revisions"}],"predecessor-version":[{"id":70335,"href":"https:\/\/miradordeatarfe.es\/index.php?rest_route=\/wp\/v2\/posts\/70332\/revisions\/70335"}],"wp:featuredmedia":[{"embeddable":true,"href":"https:\/\/miradordeatarfe.es\/index.php?rest_route=\/wp\/v2\/media\/70333"}],"wp:attachment":[{"href":"https:\/\/miradordeatarfe.es\/index.php?rest_route=%2Fwp%2Fv2%2Fmedia&parent=70332"}],"wp:term":[{"taxonomy":"category","embeddable":true,"href":"https:\/\/miradordeatarfe.es\/index.php?rest_route=%2Fwp%2Fv2%2Fcategories&post=70332"},{"taxonomy":"post_tag","embeddable":true,"href":"https:\/\/miradordeatarfe.es\/index.php?rest_route=%2Fwp%2Fv2%2Ftags&post=70332"}],"curies":[{"name":"wp","href":"https:\/\/api.w.org\/{rel}","templated":true}]}}