{"id":70363,"date":"2024-06-30T11:14:23","date_gmt":"2024-06-30T09:14:23","guid":{"rendered":"https:\/\/miradordeatarfe.es\/?p=70363"},"modified":"2024-11-10T11:33:53","modified_gmt":"2024-11-10T10:33:53","slug":"personaje-atarfeno-victor-francisco-sanchez-martinez","status":"publish","type":"post","link":"https:\/\/miradordeatarfe.es\/?p=70363","title":{"rendered":"\u00bb V\u00edctor Francisco S\u00e1nchez Mart\u00ednez\u00bbpor Jos\u00e9 Enrique Granados"},"content":{"rendered":"<div class=\"html-div xe8uvvx xdj266r x11i5rnm xat24cr x1mh8g0r xexx8yu x4uap5 x18d9i69 xkhd6sd\" dir=\"auto\">\n<div id=\":r7s:\" class=\"x1iorvi4 x1pi30zi x1l90r2v x1swvt13\" data-ad-comet-preview=\"message\" data-ad-preview=\"message\">\n<div class=\"x78zum5 xdt5ytf xz62fqu x16ldp7u\">\n<div class=\"xu06os2 x1ok221b\">\n<div class=\"xdj266r x11i5rnm xat24cr x1mh8g0r x1vvkbs x126k92a\">\n<h3 dir=\"auto\">El pasado 27 de junio de 2004, Andr\u00e9s C\u00e1rdenas entrevist\u00f3 para IDEAL al por entonces alcalde de Atarfe V\u00edctor Francisco S\u00e1nchez Mart\u00ednez. Han pasado 20 a\u00f1os de aquel encuentro que reproducimos a continuaci\u00f3n.<\/h3>\n<div dir=\"auto\">\u00a0<\/div>\n<\/div>\n<div class=\"x11i5rnm xat24cr x1mh8g0r x1vvkbs xtlvy1s x126k92a\">\n<div dir=\"auto\" style=\"text-align: justify;\"><strong>\u00abAhora hay mucho ni\u00f1ato que se mete en los partidos\u00bb<\/strong><\/div>\n<\/div>\n<div class=\"x11i5rnm xat24cr x1mh8g0r x1vvkbs xtlvy1s x126k92a\" style=\"text-align: justify;\">\n<div dir=\"auto\">\u00a0<\/div>\n<div dir=\"auto\">Es alto y corpulento. Su rostro est\u00e1 invadido por una barbilla cana y coronado por una flequillo indolente que le cubre las entradas de cincuent\u00f3n retirado de cualquier modelo est\u00e9tico. V\u00edctor S\u00e1nchez es toda una instituci\u00f3n en la pol\u00edtica local de esta provincia. En una conversaci\u00f3n reposada \u2013la entrevista sucede durante una agradable comida en un restaurante de la localidad\u2013 elude el riesgo de la desconcentraci\u00f3n y parece tener las ideas tan claras que a uno le da cierto temor no reflejar las ideas tal y como \u00e9l las expresa. Su tono de voz subyugante hace al periodista estar m\u00e1s atento a lo que dice que al plato en ese momento le est\u00e1n sirviendo. Palabras y palabras con mucho sentido. El ambiente en torno a nosotros se espesa y se hace hasta tal punto tangible que uno llega a esperar, entre maravillado y sobrecogido, la siguiente frase de lo que aqu\u00e9l hombre dice. Y es que V\u00edctor S\u00e1nchez es de \u00abaquella generaci\u00f3n irrepetible de pol\u00edticos\u00bb \u2013seg\u00fan sus propia definici\u00f3n\u2013 que ten\u00edan la obligaci\u00f3n de cambiar el mundo antes de que el mundo los cambiara a ellos. Ahora se le nota un poco abatido, no falto de ilusi\u00f3n pero s\u00ed un tanto desencantado por los resultados de aquel experimento. \u00abDespu\u00e9s de tantos a\u00f1os en la pol\u00edtica, me he vuelto m\u00e1s pragm\u00e1tico. Ahora creo m\u00e1s en las personas\u00bb, dice. Yo creo que por eso se ha refugiado en hacer la mejor pol\u00edtica en su pueblo: V\u00edctor S\u00e1nchez es esa persona que entre cigarro y cigarro, se inventa Atarfe todos los d\u00edas.<\/div>\n<\/div>\n<div dir=\"auto\" style=\"text-align: justify;\">\u00a0<\/div>\n<div class=\"x11i5rnm xat24cr x1mh8g0r x1vvkbs xtlvy1s x126k92a\" style=\"text-align: justify;\">\n<div dir=\"auto\"><strong>\u00c1crata<\/strong><\/div>\n<div dir=\"auto\">\u00a0<\/div>\n<\/div>\n<div class=\"x11i5rnm xat24cr x1mh8g0r x1vvkbs xtlvy1s x126k92a\" style=\"text-align: justify;\">\n<div dir=\"auto\">Claro que V\u00edctor S\u00e1nchez tambi\u00e9n es o no es ese personaje con unos delimitados perfiles externos ya conocidos, esa persona que perdi\u00f3 a su padre a los siete a\u00f1os y que a los catorce se tuvo que poner a trabajar acuciado por la necesidad familiar. Estudiaba en un colegio de los Hermanos de San Juan de Dios para hu\u00e9rfanos pobres y dice que a veces a\u00fan tiene en la cabeza \u00abla imagen de esa Espa\u00f1a en que los curas nos castigaban sin comer\u00bb. Pertenece V\u00edctor S\u00e1nchez, como digo, a aquella generaci\u00f3n que le\u00eda a Rosa de Luxemburgo y Marta Haenecker y que se pasaba noches enteras intentando descifrar el Capital o el libro rojo de Mao. Dice que su primera clase de democracia se la dio su amigo Navarro Lamolda y que a partir de ah\u00ed le gust\u00f3 el pensamiento \u00e1crata. \u00abYo era muy rojo, estaba m\u00e1s a la izquierda que incluso el Partido Comunista\u00bb. Luego, cuando a\u00fan no hab\u00eda cumplido los veinte a\u00f1os, se afili\u00f3 al Partido Socialista porque vio que era un proyecto abierto en el que cab\u00edan desde los trosquistas m\u00e1s radicales a los liberales m\u00e1s aperturistas. \u00abA veces no somos conscientes del cacho de obra que hicimos\u00bb, dice con ese tono de a\u00f1oranza del que sabe que las cosas no han ido como se esperaba. El desencanto pol\u00edtico del que hablaba antes intuyo que le viene por episodios como el del aparcamiento pol\u00edtico de personas como Jos\u00e9 Rodr\u00edguez Tabasco, el anterior presidente de la Diputaci\u00f3n, \u00abque ten\u00eda un coraz\u00f3n tan grande que a muchos les molestaba\u00bb. No se muerde la lengua cuando critica algunas acciones de su propio partido: \u00abPredicamos la igualdad y la solidaridad y a veces nos navajeamos como si fu\u00e9ramos la banda de Jos\u00e9 Mar\u00eda el Tempranillo\u00bb. \u00abAhora hay mucho pol\u00edtico impostor, ni\u00f1atos que se meten en los partidos pensando m\u00e1s en sus salida personal que por seguir una ideolog\u00eda\u00bb. \u00c9l, dice, nunca ha pensado en sacarle rentabilidad econ\u00f3mica a la pol\u00edtica y que despu\u00e9s de tantos a\u00f1os s\u00f3lo tiene una casa heredada y un coche comprado a plazos. Su confianza en las personas m\u00e1s que en los partidos la ha puesto en pr\u00e1ctica en su ayuntamiento, en el que lleva trece a\u00f1os como alcalde. Est\u00e1 convencido de que un proyecto siempre es m\u00e1s factible si el que lo realizan son amigos personales. Precisamente de esos proyectos hablamos a continuaci\u00f3n. Por lo pronto, es de esos alcaldes del \u00c1rea Metropolitana a los que se les lleva los demonios cuando le dicen que Atarfe es una ciudad para dormir y no para vivir. \u00abTenemos nuestra personalidad como pueblo, no somos los alcorcones o los pintos y valdemoros de Madrid\u00bb. Esa personalidad la plasma en un modelo de ciudad que lejos de tener grandes moles de pisos, ha apostado por \u00abun espacio habitable m\u00e1s humano y acogedor\u00bb. \u00abHe cometido errores como es l\u00f3gico, pero si estoy orgulloso de algo es por el dise\u00f1o urban\u00edstico de mi pueblo\u00bb, comenta.<\/div>\n<div dir=\"auto\">\u00a0<\/div>\n<\/div>\n<div class=\"x11i5rnm xat24cr x1mh8g0r x1vvkbs xtlvy1s x126k92a\" style=\"text-align: justify;\">\n<div dir=\"auto\"><strong>Internet<\/strong><\/div>\n<div dir=\"auto\">\u00a0<\/div>\n<\/div>\n<div class=\"x11i5rnm xat24cr x1mh8g0r x1vvkbs xtlvy1s x126k92a\" style=\"text-align: justify;\">\n<div dir=\"auto\">Aunque tambi\u00e9n se puede sentir orgulloso V\u00edctor S\u00e1nchez por la repercusi\u00f3n medi\u00e1tica que ha provocado el ser un municipio que ha apostado fuertemente por la creaci\u00f3n de una red p\u00fablica de telecomunicaciones que facilite el acceso de todos sus vecinos a internet. Por el momento, adem\u00e1s de conectar a todos los atarfe\u00f1os a las nuevas tecnolog\u00edas, se ha convertido en el centro de las miradas de muchos ayuntamientos, no s\u00f3lo de la provincia, sino de toda Espa\u00f1a. Prueba de ello es el \u00e9xito de las primeras jornadas de \u2018Redes p\u00fablicas de telecomunicaciones\u2019 recientemente celebradas y que han reunido en la localidad a m\u00e1s de un centenar de personas procedentes de administraciones p\u00fablicas, empresas privadas, consultores y universitarios para debatir sobre la importancia del acercamiento de la ciudadan\u00eda a internet. Seguramente es el \u00fanico ayuntamiento de Espa\u00f1a que tiene una Concejal\u00eda de Nuevas Tecnolog\u00edas. \u00abHemos apostado por el futuro, as\u00ed intuyo yo el presente\u00bb, dice V\u00edctor S\u00e1nchez cuando alabamos esa iniciativa de ciudad cibern\u00e9tica. Aunque el futuro no le hace descuidar el pasado ya que otro de sus proyectos es recuperar para la ciudad la antigua Medina Elvira, que fue la capital durante los siglos VIII al XI. M\u00e1s a corto plazo tiene la idea de inaugurar la plaza de toros, que ser\u00e1 multifuncional, y recuperar asimismo los parajes y las alamedas de Madres del Rao, donde se hac\u00edan antes las romer\u00edas y a donde los muchachos y muchachas conoc\u00edan sus primeros ligues. \u00abTenemos que recuperar los antiguos canales de riego, hoy en poder casi todos del constructor Nicol\u00e1s Osuna. Nuestra parte de vega es una de las mayores reservas acu\u00edferas de Espa\u00f1a y no podemos permitir que all\u00ed mande el hormig\u00f3n\u00bb, asegura.<\/div>\n<\/div>\n<div class=\"x11i5rnm xat24cr x1mh8g0r x1vvkbs xtlvy1s x126k92a\" style=\"text-align: justify;\">\n<div dir=\"auto\">\u00a0<\/div>\n<div dir=\"auto\"><strong>Gacetilla y curiosidades elvirenses.<\/strong><\/div>\n<\/div>\n<\/div>\n<\/div>\n<\/div>\n<\/div>\n<div id=\":r7t:\" class=\"html-div xe8uvvx xdj266r x11i5rnm xat24cr x1mh8g0r xexx8yu x4uap5 x18d9i69 xkhd6sd x1n2onr6\" style=\"text-align: justify;\">\n<div class=\"html-div xe8uvvx xdj266r x11i5rnm xat24cr x1mh8g0r xexx8yu x4uap5 x18d9i69 xkhd6sd x1n2onr6\">\u00a0<\/div>\n<\/div>\n<div class=\"html-div xe8uvvx xdj266r x11i5rnm xat24cr x1mh8g0r xexx8yu x4uap5 x18d9i69 xkhd6sd\" style=\"text-align: justify;\">\n<div id=\":r7t:\" class=\"html-div xe8uvvx xdj266r x11i5rnm xat24cr x1mh8g0r xexx8yu x4uap5 x18d9i69 xkhd6sd x1n2onr6\">\n<div class=\"html-div xe8uvvx xdj266r x11i5rnm xat24cr x1mh8g0r xexx8yu x4uap5 x18d9i69 xkhd6sd x6ikm8r x10wlt62\">https:\/\/www.facebook.com\/profile.php?id=100063704734064<\/div>\n<\/div>\n<\/div>\n<div style=\"text-align: justify;\">\n<div class=\"x168nmei x13lgxp2 x30kzoy x9jhf4c x6ikm8r x10wlt62\" data-visualcompletion=\"ignore-dynamic\">\n<div>\n<div>\n<div>\n<div class=\"x1n2onr6\">\n<div class=\"x6s0dn4 xi81zsa x78zum5 x6prxxf x13a6bvl xvq8zen xdj266r xat24cr x1d52u69 xktsk01 x889kno x1a8lsjc xkhd6sd x4uap5 xdppsyt\">\n<div class=\"x6s0dn4 x78zum5 x1iyjqo2 x6ikm8r x10wlt62\">\u00a0<\/div>\n<\/div>\n<\/div>\n<\/div>\n<\/div>\n<\/div>\n<\/div>\n<\/div>\n<div class=\"\" style=\"text-align: justify;\">\u00a0<\/div>\n","protected":false},"excerpt":{"rendered":"<p>El pasado 27 de junio de 2004, Andr\u00e9s C\u00e1rdenas entrevist\u00f3 para IDEAL al por entonces&#8230;<\/p>\n","protected":false},"author":1,"featured_media":70364,"comment_status":"closed","ping_status":"closed","sticky":false,"template":"","format":"standard","meta":{"_coblocks_attr":"","_coblocks_dimensions":"","_coblocks_responsive_height":"","_coblocks_accordion_ie_support":"","jetpack_post_was_ever_published":false,"_jetpack_newsletter_access":"","_jetpack_dont_email_post_to_subs":false,"_jetpack_newsletter_tier_id":0,"_jetpack_memberships_contains_paywalled_content":false,"_jetpack_memberships_contains_paid_content":false,"footnotes":"","jetpack_publicize_message":"","jetpack_publicize_feature_enabled":true,"jetpack_social_post_already_shared":true,"jetpack_social_options":{"image_generator_settings":{"template":"highway","default_image_id":0,"enabled":false},"version":2}},"categories":[2,38,44,6539],"tags":[],"class_list":["post-70363","post","type-post","status-publish","format-standard","has-post-thumbnail","hentry","category-atarfe","category-opinion-de-jose-enrique-granados","category-noticias-de-hoy","category-personajes-de-ataref"],"jetpack_publicize_connections":[],"jetpack_featured_media_url":"https:\/\/i0.wp.com\/miradordeatarfe.es\/wp-content\/uploads\/2024\/06\/446951889_955066483293501_8552472134128296911_n.jpg?fit=500%2C600&ssl=1","jetpack_likes_enabled":true,"jetpack_sharing_enabled":true,"_links":{"self":[{"href":"https:\/\/miradordeatarfe.es\/index.php?rest_route=\/wp\/v2\/posts\/70363","targetHints":{"allow":["GET"]}}],"collection":[{"href":"https:\/\/miradordeatarfe.es\/index.php?rest_route=\/wp\/v2\/posts"}],"about":[{"href":"https:\/\/miradordeatarfe.es\/index.php?rest_route=\/wp\/v2\/types\/post"}],"author":[{"embeddable":true,"href":"https:\/\/miradordeatarfe.es\/index.php?rest_route=\/wp\/v2\/users\/1"}],"replies":[{"embeddable":true,"href":"https:\/\/miradordeatarfe.es\/index.php?rest_route=%2Fwp%2Fv2%2Fcomments&post=70363"}],"version-history":[{"count":4,"href":"https:\/\/miradordeatarfe.es\/index.php?rest_route=\/wp\/v2\/posts\/70363\/revisions"}],"predecessor-version":[{"id":70366,"href":"https:\/\/miradordeatarfe.es\/index.php?rest_route=\/wp\/v2\/posts\/70363\/revisions\/70366"}],"wp:featuredmedia":[{"embeddable":true,"href":"https:\/\/miradordeatarfe.es\/index.php?rest_route=\/wp\/v2\/media\/70364"}],"wp:attachment":[{"href":"https:\/\/miradordeatarfe.es\/index.php?rest_route=%2Fwp%2Fv2%2Fmedia&parent=70363"}],"wp:term":[{"taxonomy":"category","embeddable":true,"href":"https:\/\/miradordeatarfe.es\/index.php?rest_route=%2Fwp%2Fv2%2Fcategories&post=70363"},{"taxonomy":"post_tag","embeddable":true,"href":"https:\/\/miradordeatarfe.es\/index.php?rest_route=%2Fwp%2Fv2%2Ftags&post=70363"}],"curies":[{"name":"wp","href":"https:\/\/api.w.org\/{rel}","templated":true}]}}