{"id":70471,"date":"2024-07-06T11:27:04","date_gmt":"2024-07-06T09:27:04","guid":{"rendered":"https:\/\/miradordeatarfe.es\/?p=70471"},"modified":"2024-07-04T13:00:06","modified_gmt":"2024-07-04T11:00:06","slug":"atarfe-concierto-de-cano-y-camin","status":"publish","type":"post","link":"https:\/\/miradordeatarfe.es\/?p=70471","title":{"rendered":"ATARFE: CONCIERTO DE CANO Y CAMIN"},"content":{"rendered":"<div class=\"xdj266r x11i5rnm xat24cr x1mh8g0r x1vvkbs x126k92a\">\n<h3 dir=\"auto\" style=\"text-align: justify;\">EL S\u00c1BADO 27 DE JULIO PODR\u00c1S DISFRUTAR DE ESTE GRUPO MUSICAL Y SI EST\u00c1S EMPADRONADO EN ATARFE S\u00d3LO TE CUESTA \u00a0 10\u20ac<\/h3>\n<\/div>\n<div class=\"x11i5rnm xat24cr x1mh8g0r x1vvkbs xtlvy1s x126k92a\" style=\"text-align: justify;\">\n<div dir=\"auto\">Venta anticipada de Entradas en el Centro Cultural Medina Elvira. 10\u20ac para los empadronados en Atarfe (limitado a 2 entradas por persona). M\u00e9todo de Pago TARJETA DE CR\u00c9DITO<\/div>\n<\/div>\n<div class=\"x11i5rnm xat24cr x1mh8g0r x1vvkbs xtlvy1s x126k92a\" style=\"text-align: justify;\">\n<div dir=\"auto\">\u00a0<\/div>\n<div dir=\"auto\">\u00a1Prep\u00e1rate para una noche inolvidable en las Fiestas de Atarfe!\u00a0<\/div>\n<div dir=\"auto\">\u00a0<\/div>\n<\/div>\n<div class=\"x11i5rnm xat24cr x1mh8g0r x1vvkbs xtlvy1s x126k92a\" style=\"text-align: justify;\">\n<h3 dir=\"auto\">\u00a0Fecha: S\u00e1bado, 27 de Julio<\/h3>\n<h3 dir=\"auto\">\u00a0Hora: 24:00<\/h3>\n<h3 dir=\"auto\">\u00a0Lugar: Plaza de Toros de Atarfe<\/h3>\n<\/div>\n<div dir=\"auto\" style=\"text-align: justify;\">\u00a0<\/div>\n<div dir=\"auto\" style=\"text-align: justify;\"><strong>David Cano Calleja<\/strong>, conocido en el medio art\u00edstico y musical como <strong>Cano<\/strong>, es un cantante y compositor espa\u00f1ol. Naci\u00f3 en Madrid, Espa\u00f1a. Con su m\u00fasica procura reflejar su propia historia, su existencia vital. Cano fue un ni\u00f1o que siempre so\u00f1\u00f3 con ser cantante. La m\u00fasica ha sido su mayor pasi\u00f3n. comenz\u00f3 a cantar desde ni\u00f1o. Durante la adolescencia particip\u00f3 en guerras de freestyle o o rap de estilo libre.<\/div>\n<div dir=\"auto\" style=\"text-align: justify;\">\n<div>\u00a0<\/div>\n<div id=\"text-speach\" class=\"biografia-textoOld ArticleTextDiv\">En 2020, Cano public\u00f3 el sencillo <em>\u00abSiento\u00bb<\/em>, que super\u00f3 tres millones de reproducciones en YouTube. Tambi\u00e9n lo coloc\u00f3 en Spotify, plataforma donde cuenta cerca de dos millones de oyentes mensuales.En 2021, estren\u00f3 <em>\u00abCuando ella se va\u00bb<\/em>, una canci\u00f3n que le dio gran \u00e9xito a su carrera como int\u00e9rprete, al sumar ocho millones de reproducciones en YouTube. Ese mismo a\u00f1o sac\u00f3 a la luz el tema <em>\u00abHistoria de un bandolero\u00bb<\/em>, adem\u00e1s del que sali\u00f3 con el nombre de <em>\u00abT\u00fa y yo\u00bb<\/em>.<\/p>\n<p>A mediados de febrero de 2022. Cano present\u00f3 <em>\u00abNo puedo puedo responder\u00bb<\/em>, una canci\u00f3n que a tres semanas del lanzamiento super\u00f3 el mill\u00f3n de reproducciones en YouTube.Dentro de los cantautores emergentes que ya destacan en la actual movida urbana madrile\u00f1a, Cano est\u00e1 sonando con fuerza desde que public\u00f3 sus primeros temas en 2020. Pertenece al grupo de exponentes urbanos que se lanzan a la escena musical confiando en su talento, sin m\u00e1s apoyo que su propio esfuerzo para darse a conocer.<br \/>\nEn pocos meses los aficionados le dieron el visto bueno y sus trabajos discogr\u00e1ficos se reproducen millones de veces en las principales plataformas digitales de m\u00fasica. Est\u00e1 listo para continuar creciendo dentro de la re\u00f1ida industria de la muisca urbana contempor\u00e1nea.<\/div>\n<div>\u00a0<\/div>\n<div><strong>Camin<\/strong>, cuyo nombre real es <strong>Lorenzo Javier Campoy Mingorance<\/strong>, es un cantante espa\u00f1ol de m\u00fasica urbana conocido por temas como \u00ab34 Amor y Mafia\u00bb, \u00abTus Celos\u00bb, \u00abTu Nombre Remix\u00bb, \u00abC\u00f3mplices\u00bb y \u00abCapos\u00bb. En estos, que son apenas algunos de sus temas m\u00e1s exitosos, cuenta con varias millones de reproducciones. El \u00e9xito que ha ido cosechando tras a\u00f1os de carrera lo ha llevado a colaborar con artistas como <a href=\"https:\/\/labiode.com\/rels-b-quien-es-biografia-datos-y-curiosidades\/\">Rels B<\/a>, <a href=\"https:\/\/labiode.com\/jc-reyes-quien-es-biografia-datos-y-curiosidades\/\">JC Reyes<\/a>, Bandaga, <a href=\"https:\/\/labiode.com\/pablo-chill-e-quien-es-biografia-datos-y-curiosidades\/\">Pablo Chill-E<\/a>, <a href=\"https:\/\/labiode.com\/el-jincho-quien-es-biografia-datos-y-curiosidades\/\">El Jincho<\/a>, Cano, Ecko y muchos m\u00e1s.<\/div>\n<div>\n<p>Empieza a interesarse por la m\u00fasica a una edad temprana y a los 15 a\u00f1os empieza a improvisar y cada vez adentrarse m\u00e1s y m\u00e1s en la cultura del hip-hop\/trap. Su primer tema lo public\u00f3 en 2019 y se titula \u00abGan-ga\u00bb, que es una adaptaci\u00f3n propia del tema original de <a href=\"https:\/\/labiode.com\/bryant-myers-quien-es-biografia-datos-y-curiosidades\/\">Bryant Myers<\/a>.<\/p>\n<p>Con apenas unos cuantos a\u00f1os de carrera profesional ya cuenta con varios temas que acumulan varias millones de reproducciones, pero por lejos el m\u00e1s exitoso en su carrera es \u00ab34 Amor y Mafia\u00bb que es una colaboraci\u00f3n con JC Reyes y tiempo m\u00e1s tarde lanzan su remix en donde tambi\u00e9n se suman Ecko, Pablo Chill-E, Jincho y Harry Nach. En cuanto a proyectos discogr\u00e1ficos, en 2021 publica \u00ab<strong>Or\u00edgenes<\/strong>\u00ab, su primer \u00e1lbum de estudio<\/p>\n<\/div>\n<div class=\"col-24OLD\">\n<div class=\"alerta\">\n<div class=\"small-text\">\u00a0<\/div>\n<\/div>\n<\/div>\n<p>Una vida de barrio con sus luces y sus sombras narrada de t\u00fa a t\u00fa y de una manera honesta con la que miles de j\u00f3venes de su pa\u00eds se identifican, lo cual la clave de su \u00e9xito.<\/p><\/div>\n<div class=\"x11i5rnm xat24cr x1mh8g0r x1vvkbs xtlvy1s x126k92a\" style=\"text-align: justify;\">\n<div dir=\"auto\">Cano, el joven talento madrile\u00f1o que ha revolucionado el panorama urbano, y Camin, el referente emergente de Almu\u00f1\u00e9car, se unen para ofrecer un espect\u00e1culo \u00fanico. A pesar de sus estilos diferentes, Cano y Camin logran una fusi\u00f3n perfecta en el escenario, \u00a1y sus conciertos ya han conseguido numerosos \u00abSoldouts\u00bb en sus giras!\u00a0<\/div>\n<\/div>\n<div class=\"x11i5rnm xat24cr x1mh8g0r x1vvkbs xtlvy1s x126k92a\" style=\"text-align: justify;\">\n<div dir=\"auto\">\u00a0<\/div>\n<\/div>\n<div dir=\"auto\" style=\"text-align: justify;\">\u00a0<\/div>\n","protected":false},"excerpt":{"rendered":"<p>EL S\u00c1BADO 27 DE JULIO PODR\u00c1S DISFRUTAR DE ESTE GRUPO MUSICAL Y SI EST\u00c1S EMPADRONADO&#8230;<\/p>\n","protected":false},"author":1,"featured_media":70472,"comment_status":"closed","ping_status":"closed","sticky":false,"template":"","format":"standard","meta":{"_coblocks_attr":"","_coblocks_dimensions":"","_coblocks_responsive_height":"","_coblocks_accordion_ie_support":"","jetpack_post_was_ever_published":false,"_jetpack_newsletter_access":"","_jetpack_dont_email_post_to_subs":false,"_jetpack_newsletter_tier_id":0,"_jetpack_memberships_contains_paywalled_content":false,"_jetpack_memberships_contains_paid_content":false,"footnotes":"","jetpack_publicize_message":"","jetpack_publicize_feature_enabled":true,"jetpack_social_post_already_shared":true,"jetpack_social_options":{"image_generator_settings":{"template":"highway","default_image_id":0,"enabled":false},"version":2}},"categories":[2,6916,44],"tags":[],"class_list":["post-70471","post","type-post","status-publish","format-standard","has-post-thumbnail","hentry","category-atarfe","category-ayuntamiento-de-atarfe","category-noticias-de-hoy"],"jetpack_publicize_connections":[],"jetpack_featured_media_url":"https:\/\/i0.wp.com\/miradordeatarfe.es\/wp-content\/uploads\/2024\/07\/449263383_846588817518635_4664409634868349527_n.jpg?fit=509%2C720&ssl=1","jetpack_likes_enabled":true,"jetpack_sharing_enabled":true,"_links":{"self":[{"href":"https:\/\/miradordeatarfe.es\/index.php?rest_route=\/wp\/v2\/posts\/70471","targetHints":{"allow":["GET"]}}],"collection":[{"href":"https:\/\/miradordeatarfe.es\/index.php?rest_route=\/wp\/v2\/posts"}],"about":[{"href":"https:\/\/miradordeatarfe.es\/index.php?rest_route=\/wp\/v2\/types\/post"}],"author":[{"embeddable":true,"href":"https:\/\/miradordeatarfe.es\/index.php?rest_route=\/wp\/v2\/users\/1"}],"replies":[{"embeddable":true,"href":"https:\/\/miradordeatarfe.es\/index.php?rest_route=%2Fwp%2Fv2%2Fcomments&post=70471"}],"version-history":[{"count":1,"href":"https:\/\/miradordeatarfe.es\/index.php?rest_route=\/wp\/v2\/posts\/70471\/revisions"}],"predecessor-version":[{"id":70473,"href":"https:\/\/miradordeatarfe.es\/index.php?rest_route=\/wp\/v2\/posts\/70471\/revisions\/70473"}],"wp:featuredmedia":[{"embeddable":true,"href":"https:\/\/miradordeatarfe.es\/index.php?rest_route=\/wp\/v2\/media\/70472"}],"wp:attachment":[{"href":"https:\/\/miradordeatarfe.es\/index.php?rest_route=%2Fwp%2Fv2%2Fmedia&parent=70471"}],"wp:term":[{"taxonomy":"category","embeddable":true,"href":"https:\/\/miradordeatarfe.es\/index.php?rest_route=%2Fwp%2Fv2%2Fcategories&post=70471"},{"taxonomy":"post_tag","embeddable":true,"href":"https:\/\/miradordeatarfe.es\/index.php?rest_route=%2Fwp%2Fv2%2Ftags&post=70471"}],"curies":[{"name":"wp","href":"https:\/\/api.w.org\/{rel}","templated":true}]}}