{"id":70512,"date":"2024-07-08T08:10:44","date_gmt":"2024-07-08T06:10:44","guid":{"rendered":"https:\/\/miradordeatarfe.es\/?p=70512"},"modified":"2024-07-04T18:15:14","modified_gmt":"2024-07-04T16:15:14","slug":"cinco-definiciones-de-primero-de-estado-democratico-de-derecho","status":"publish","type":"post","link":"https:\/\/miradordeatarfe.es\/?p=70512","title":{"rendered":"Cinco definiciones de primero de Estado democr\u00e1tico de Derecho"},"content":{"rendered":"<h3 class=\"c-mainarticle__subtitle\" style=\"text-align: justify;\">La aparici\u00f3n de una fracci\u00f3n fascista en las elites occidentales, forzada por el fin del crecimiento y el estrechamiento de la plusval\u00eda relativa,\u00a0 le ha quitado los disfraces a esa mano derecha<\/h3>\n<p style=\"text-align: justify;\">Fui profesor de la asignatura de Derecho Natural durante m\u00e1s de quince a\u00f1os\u00a0 en las universidades de\u00a0Granada, Almer\u00eda y Ja\u00e9n en primer curso de la antigua licenciatura de derecho, y si alg\u00fan alumno o alumna\u00a0 no tuviere claro algunas de estas cinco definiciones que a continuaci\u00f3n preciso, no hubiese aprobado, y les aseguro que no era un hueso, lo pueden atestiguar centenares de alumnas y alumnos que pasaron por las aulas y entre los que se encuentra alguna magistrada actual: Suspenso y a septiembre.\u00a0\u00a0\u00a0<\/p>\n<ol style=\"text-align: justify;\">\n<li>Los actos legislativos no est\u00e1n sometidos a control de legalidad, sino de adecuaci\u00f3n con el acto legislativo fundante (control de constitucionalidad) y son emanaci\u00f3n directa de la soberan\u00eda popular expresada mediante el ejercicio del sufragio universal. Ning\u00fan acto legislativo puede ser ilegal a lo sumo inconstitucional. En consonancia, pues,\u00a0 de la conducta de los actores legislativos no\u00a0 se puede derivar ning\u00fan tipo de il\u00edcito en cuanto act\u00faen\u00a0 como actores legislativos.\u00a0\u00a0\u00a0<\/li>\n<li>Los actos legislativos son decisiones normativas con fuerza de ley adoptadas mediante deliberaci\u00f3n racional libre entre los representantes de la soberan\u00eda popular en sede parlamentaria.<\/li>\n<li>El acto legislativo es un proceso discreto y complejo que incluye actos at\u00f3micos, concretos y concadenados que van desde la elaboraci\u00f3n de la propuesta de ley por los actores legislativos constitucionalmente competentes\u00a0 hasta\u00a0 el debate y aprobaci\u00f3n de la asamblea legislativa. Este proceso es un \u00fanico y no segregable por actos at\u00f3micos concretos en ninguna fase de la biograf\u00eda de la producci\u00f3n de la ley. La ausencia de control de legalidad del acto legislativo es predicable de todo y cado uno de los actos at\u00f3micos\u00a0 que contiene el acto.<\/li>\n<li>No hay posible confrontaci\u00f3n entre el principio de legalidad y el acto legislativo democr\u00e1tico, pues el principio de legalidad es una consecuencia l\u00f3gica y material del acto instituyente legislativo. Esto, y no otra cosa, es lo que significa la leyenda republicana del \u201cgobierno de las leyes\u00a0 frente al gobierno de los hombres\u201d. Gobierna el proceso democr\u00e1tico que siempre, y necesariamente, se expresa y encarna en leyes.<\/li>\n<li>La relaci\u00f3n entre acto legislativo y principio de legalidad no es modal, sino de\u00f3ntica y cualquier alteraci\u00f3n de esta conexi\u00f3n l\u00f3gica, ora pervirtiendo la necesidad en posibilidad, ora invirtiendo el orden inferencial entre antecedente y consecuente; supone una aberraci\u00f3n\u00a0 formidable en la ontolog\u00eda jur\u00eddica del Estado democr\u00e1tico de derecho.\u00a0<\/li>\n<\/ol>\n<p style=\"text-align: justify;\">Pues bien, estas cinco definiciones las ignora la audiencia Provincial de Sevilla y\u00a0 el Tribunal Supremo. La \u201chip\u00f3tesis imaginativa\u201d, Audiencia de Sevilla dixit, de la jueza Alaya consiste en considerar un acto legislativo potencialmente delictivo,\u00a0 esta fue su innovaci\u00f3n doctrinal realizada en una fase de instrucci\u00f3n en el caso de los ERE. Esta barbaridad jur\u00eddica ser\u00eda solo un brote de ignorancia dogm\u00e1tica, si no fuera porque la audiencia provincial de Sevilla, al condenar aparte del gobierno andaluz, y el TS al ratificar dicha condena, le dota de naturaleza de epidemia de estulticia jur\u00eddica.\u00a0<\/p>\n<p style=\"text-align: justify;\">Cuando escribo este art\u00edculo al calor de las sentencias del TC sobre las condenas\u00a0 al gobierno andaluz por la hip\u00f3tesis imaginativa de Alaya, tengo conocimiento de una nueva pirueta inferencial de Marchena y Llarena para dejar fuera de la amnist\u00eda a los nacionalistas catalanes y mantener el delito de malversaci\u00f3n bajo la delirante consideraci\u00f3n de que estos actuaron movidos por el capricho personal y obtuvieron beneficios personales (privados) por incremento del patrimonio simb\u00f3lico. Algo as\u00ed como si alguien al negarse a cometer cohecho, no cobrar una mordida, finalmente\u00a0 lo comete, pues aunque no incrementa su patrimonio monetario eleva\u00a0 su patrimonio simb\u00f3lico \u00a1\u00a1de dignidad!!\u00a0\u00a0\u00a0\u00a0<\/p>\n<p style=\"text-align: justify;\">La otra astracanada hermen\u00e9utica de Marchena y Llarena construyen una enloquecida cadena inferencial por la cual los soberanistas catalanes de haber cumplido sus objetivos pol\u00edticos, la independencia, obs\u00e9rvese\u00a0 que de s\u00fabito ya no son actos caprichosos y privados sino pol\u00edticos y colectivos; esto hubiese supuesto un grave menoscabo a la hacienda de la UE por minoraci\u00f3n de ingresos. Es decir, si usted planea atracar el Banco de Santander, pero por azarosas circunstancias finalmente no lo atraca, es finalmente condenado por robo con violencia. El hecho il\u00edcito queda reducido a un estado mental intencional.\u00a0<\/p>\n<p style=\"text-align: justify;\">Nos seguimos moviendo en la misma l\u00f3gica de acusar a los soberanistas de golpe de Estado violento, aduciendo, como quer\u00eda la fiscal\u00eda del TS, que la violencia policial del 1 de Octubre estaba provocada estrat\u00e9gicamente por los supuestos golpistas. As\u00ed, el manifestante, que perdi\u00f3 un ojo ese d\u00eda, se habr\u00eda automutilado. O la rid\u00edcula\u00a0acusaci\u00f3n de terrorismo por la muerte de un turista franc\u00e9s por infarto de miocardio, con graves patolog\u00edas cardiacas previamente diagnosticadas, en el aeropuerto del Prat durante una ocupaci\u00f3n de protesta.\u00a0<\/p>\n<p style=\"text-align: justify;\">\u00bfEs posible que sean tan imb\u00e9ciles jur\u00eddicamente? No lo creo, es m\u00e1s, estoy seguro de que no. \u00bfEntonces qu\u00e9 pretenden? \u00bfHundir a S\u00e1nchez? \u00bfDar un escarmiento a los soberanistas catalanes? \u00bfFavorecer al PP? Las respuestas\u00a0 a todas estas preguntas son afirmativas, solo a condici\u00f3n\u00a0 de entender que todos estos objetivos son solo inmediatos y superficiales, obst\u00e1culos inc\u00f3modos en mitad del camino, la meta final es mucho m\u00e1s radical y tenebrosa. Pierre Bourdieu habl\u00f3 de la judicatura y la polic\u00eda como \u201cla mano derecha del Estado\u201d, que como sabemos desde Adam Smith es la mano visible, y tangible, que disciplina los fallos que provoca la mano invisible del mercado, en Espa\u00f1a esa mano siempre ha sido en su c\u00fapula de extrema derecha. La aparici\u00f3n de una fracci\u00f3n fascista en las elites occidentales, forzada por el fin del crecimiento y el estrechamiento de la plusval\u00eda relativa,\u00a0 le ha quitado los disfraces a esa mano derecha. Marchena y Llarena solo est\u00e1n forzando la m\u00e1quina para alinearse con el meridiano reaccionario que va de Trump a Putin y esto es lo tenebroso realmente.\u00a0\u00a0<\/p>\n<p><a class=\"c-mainarticle__author-link\" title=\"Francisco Garrido\" href=\"https:\/\/www.lavozdelsur.es\/francisco-garrido_1009_115.html\" rel=\"author\"><strong>Francisco Garrido<\/strong><\/a><\/p>\n<p>FOTO: La jueza Mercedes Alaya, magistrada de la Audiencia de Sevilla, en una imagen de archivo.<\/p>\n<p>https:\/\/www.lavozdelsur.es\/opinion\/cinco-definiciones-primero-estado-democratico-derecho_317641_102.html<\/p>\n","protected":false},"excerpt":{"rendered":"<p>La aparici\u00f3n de una fracci\u00f3n fascista en las elites occidentales, forzada por el fin del&#8230;<\/p>\n","protected":false},"author":1,"featured_media":70513,"comment_status":"closed","ping_status":"closed","sticky":false,"template":"","format":"standard","meta":{"_coblocks_attr":"","_coblocks_dimensions":"","_coblocks_responsive_height":"","_coblocks_accordion_ie_support":"","jetpack_post_was_ever_published":false,"_jetpack_newsletter_access":"","_jetpack_dont_email_post_to_subs":false,"_jetpack_newsletter_tier_id":0,"_jetpack_memberships_contains_paywalled_content":false,"_jetpack_memberships_contains_paid_content":false,"footnotes":"","jetpack_publicize_message":"","jetpack_publicize_feature_enabled":true,"jetpack_social_post_already_shared":true,"jetpack_social_options":{"image_generator_settings":{"template":"highway","default_image_id":0,"enabled":false},"version":2}},"categories":[10791,44,7671],"tags":[],"class_list":["post-70512","post","type-post","status-publish","format-standard","has-post-thumbnail","hentry","category-andalucia","category-noticias-de-hoy","category-politica"],"jetpack_publicize_connections":[],"jetpack_featured_media_url":"https:\/\/i0.wp.com\/miradordeatarfe.es\/wp-content\/uploads\/2024\/07\/juez-alaya_5_659x378.jpeg?fit=659%2C378&ssl=1","jetpack_likes_enabled":true,"jetpack_sharing_enabled":true,"_links":{"self":[{"href":"https:\/\/miradordeatarfe.es\/index.php?rest_route=\/wp\/v2\/posts\/70512","targetHints":{"allow":["GET"]}}],"collection":[{"href":"https:\/\/miradordeatarfe.es\/index.php?rest_route=\/wp\/v2\/posts"}],"about":[{"href":"https:\/\/miradordeatarfe.es\/index.php?rest_route=\/wp\/v2\/types\/post"}],"author":[{"embeddable":true,"href":"https:\/\/miradordeatarfe.es\/index.php?rest_route=\/wp\/v2\/users\/1"}],"replies":[{"embeddable":true,"href":"https:\/\/miradordeatarfe.es\/index.php?rest_route=%2Fwp%2Fv2%2Fcomments&post=70512"}],"version-history":[{"count":1,"href":"https:\/\/miradordeatarfe.es\/index.php?rest_route=\/wp\/v2\/posts\/70512\/revisions"}],"predecessor-version":[{"id":70514,"href":"https:\/\/miradordeatarfe.es\/index.php?rest_route=\/wp\/v2\/posts\/70512\/revisions\/70514"}],"wp:featuredmedia":[{"embeddable":true,"href":"https:\/\/miradordeatarfe.es\/index.php?rest_route=\/wp\/v2\/media\/70513"}],"wp:attachment":[{"href":"https:\/\/miradordeatarfe.es\/index.php?rest_route=%2Fwp%2Fv2%2Fmedia&parent=70512"}],"wp:term":[{"taxonomy":"category","embeddable":true,"href":"https:\/\/miradordeatarfe.es\/index.php?rest_route=%2Fwp%2Fv2%2Fcategories&post=70512"},{"taxonomy":"post_tag","embeddable":true,"href":"https:\/\/miradordeatarfe.es\/index.php?rest_route=%2Fwp%2Fv2%2Ftags&post=70512"}],"curies":[{"name":"wp","href":"https:\/\/api.w.org\/{rel}","templated":true}]}}