{"id":70675,"date":"2024-07-15T11:00:23","date_gmt":"2024-07-15T09:00:23","guid":{"rendered":"https:\/\/miradordeatarfe.es\/?p=70675"},"modified":"2024-07-16T14:17:47","modified_gmt":"2024-07-16T12:17:47","slug":"que-es-feeling-good","status":"publish","type":"post","link":"https:\/\/miradordeatarfe.es\/?p=70675","title":{"rendered":"ATARFE: EL VIERNES NO TE PIERDAS LA GALA COLECTIVA \u00abNUNCA ES TARDE, NI DEMASIADO PRONTO\u00bb"},"content":{"rendered":"<h3>El pr\u00f3ximo viernes dia 19 de julio de 2024 tendr\u00e1 lugar una GALA\u00a0 bajo el titulo \u00bb NUNCA ES TARDE, NI DEMASIADO PRONTO \u00bb que\u00a0 aglutina diferentes actuaciones de colectivos\u00a0 atarfe\u00f1os con entrada gratuita.<\/h3>\n<p>El motivo de organizar <strong>la primera Gala oficial \u00abNunca es tarde\u00bb <\/strong>,es de poder demostrar a amigos y familiares que tanto trabajo,tanto ensayo,y tanto sentimiento al final tiene una validez. La cu\u00e1l sin el maravilloso escenario del auditorio de Medina Elvira no s\u00e9 apreciar\u00eda igual.Detr\u00e1s de esta actividad est\u00e1 <strong>Feeling Good<\/strong> y su\u00a0 presidenta <em>Aurelie Mart\u00ednez Despoix.<\/em>El Ayuntamiento de Atarfe junto a la concejala Jennifer Garc\u00eda y el t\u00e9cnico V\u00edctor,han apoyado y ayudado a esta decisi\u00f3n.<\/p>\n<p>Feeling Good\u00a0 se ha encargado de invitar a otras entidades como :<strong> el colectivo de mujeres Aura, la Rondalla del centro de participaci\u00f3n Activa ,Chela castellanos Arrikitan, Apiema<\/strong> entre otras ya que defienden unas ideas concretas al igual que Feeling Good,<\/p>\n<p>Detr\u00e1s de este evento\u00a0 hay meses de ensayo, de preparaci\u00f3n de toda una serie de actividades de organizaci\u00f3n\u00a0 como el sonido, las luces , escenograf\u00eda, coreograf\u00eda, vestuarios y bienestar personal que se ha intentado trabajar desde cada identidad.<\/p>\n<p>Esperemos que disfrut\u00e9is tanto como Feeling Good lo ha echo prepar\u00e1ndola.<\/p>\n<p><strong>Nunca es tarde ,ni demasiado temprano para hacer algo que te hace feliz,algo que te hace sentir bien<\/strong>.<\/p>\n<p><a href=\"https:\/\/i0.wp.com\/miradordeatarfe.es\/wp-content\/uploads\/2024\/07\/Imagen-de-WhatsApp-2024-07-14-a-las-20.26.01_62fa0bc8.jpg?ssl=1\"><img data-recalc-dims=\"1\" loading=\"lazy\" decoding=\"async\" class=\"alignnone wp-image-70694 size-large\" src=\"https:\/\/i0.wp.com\/miradordeatarfe.es\/wp-content\/uploads\/2024\/07\/Imagen-de-WhatsApp-2024-07-14-a-las-20.26.01_62fa0bc8.jpg?resize=576%2C1024&#038;ssl=1\" alt=\"\" width=\"576\" height=\"1024\" srcset=\"https:\/\/i0.wp.com\/miradordeatarfe.es\/wp-content\/uploads\/2024\/07\/Imagen-de-WhatsApp-2024-07-14-a-las-20.26.01_62fa0bc8.jpg?resize=576%2C1024&amp;ssl=1 576w, https:\/\/i0.wp.com\/miradordeatarfe.es\/wp-content\/uploads\/2024\/07\/Imagen-de-WhatsApp-2024-07-14-a-las-20.26.01_62fa0bc8.jpg?resize=169%2C300&amp;ssl=1 169w, https:\/\/i0.wp.com\/miradordeatarfe.es\/wp-content\/uploads\/2024\/07\/Imagen-de-WhatsApp-2024-07-14-a-las-20.26.01_62fa0bc8.jpg?resize=768%2C1366&amp;ssl=1 768w, https:\/\/i0.wp.com\/miradordeatarfe.es\/wp-content\/uploads\/2024\/07\/Imagen-de-WhatsApp-2024-07-14-a-las-20.26.01_62fa0bc8.jpg?resize=864%2C1536&amp;ssl=1 864w, https:\/\/i0.wp.com\/miradordeatarfe.es\/wp-content\/uploads\/2024\/07\/Imagen-de-WhatsApp-2024-07-14-a-las-20.26.01_62fa0bc8.jpg?w=899&amp;ssl=1 899w\" sizes=\"auto, (max-width: 576px) 100vw, 576px\" \/>\u00a0\u00a0\u00a0 <\/a><a href=\"https:\/\/i0.wp.com\/miradordeatarfe.es\/wp-content\/uploads\/2024\/07\/Imagen-de-WhatsApp-2024-07-14-a-las-20.26.01_57b7d4c6-2.jpg?ssl=1\"><img data-recalc-dims=\"1\" loading=\"lazy\" decoding=\"async\" class=\"alignnone wp-image-70695 \" src=\"https:\/\/i0.wp.com\/miradordeatarfe.es\/wp-content\/uploads\/2024\/07\/Imagen-de-WhatsApp-2024-07-14-a-las-20.26.01_57b7d4c6-2.jpg?resize=513%2C1020&#038;ssl=1\" alt=\"\" width=\"513\" height=\"1020\" srcset=\"https:\/\/i0.wp.com\/miradordeatarfe.es\/wp-content\/uploads\/2024\/07\/Imagen-de-WhatsApp-2024-07-14-a-las-20.26.01_57b7d4c6-2.jpg?w=357&amp;ssl=1 357w, https:\/\/i0.wp.com\/miradordeatarfe.es\/wp-content\/uploads\/2024\/07\/Imagen-de-WhatsApp-2024-07-14-a-las-20.26.01_57b7d4c6-2.jpg?resize=151%2C300&amp;ssl=1 151w\" sizes=\"auto, (max-width: 513px) 100vw, 513px\" \/><\/a><\/p>\n<p><strong>La gala es con entrada gratuita previa recogida de invitaciones en el Centro C\u00edvico y cultural de Atarfe.<\/strong><\/p>\n<h3>\u00bfPREGUNTAMOS QUE ES FEELING GOOD a su presidenta ?<\/h3>\n<h3 style=\"text-align: justify;\">Me llam\u00f3 Aurelie Mart\u00ednez Despoix,y aunque soy Francesa,llevo ya m\u00e1s de 20 a\u00f1os en Atarfe.<\/h3>\n<p style=\"text-align: justify;\">Empec\u00e9 a bailar con 4 a\u00f1os m\u00e1s o menos y por circunstancias de la vida con 13 tuve que alejarme de mi sue\u00f1o. Har\u00e1 unos 15 a\u00f1os tom\u00e9 una decisi\u00f3n. Ya que profesionalmente no podr\u00eda dedicarme a la danza, por lesiones, har\u00eda de ello mi manera de aportar al mundo. Y me di cuenta que tanto la juventud como la que ya dej\u00f3 de serlo ,no tiene tanta opci\u00f3n para bailar. O academias,o escuelas o zumba poco m\u00e1s.<\/p>\n<p style=\"text-align: justify;\">Decid\u00ed crear una asociaci\u00f3n, he de decir que desde el minuto uno he tenido el apoyo de Paco Quesada, Fina de Apiema y Ana t\u00e9cnica de juventud, de Javier concejal\u00a0 de Participaci\u00f3ny a Jennifer Gracia concejala de Cultura.<\/p>\n<p style=\"text-align: justify;\">Hoy mi Asociaci\u00f3n se llama<strong> Feeling Good,<\/strong><\/p>\n<p style=\"text-align: justify;\">Me siento bien, ya que eso defendemos, <strong><em>sentirnos bien sin importar edad,sexo,o condici\u00f3n social<\/em><\/strong>, <strong><em>nuestra herramienta es el baile y la m\u00fasica<\/em><\/strong>. Mediante talleres , montajes de coreograf\u00edas trabajamos en el bienestar personal, la integraci\u00f3n grupal, el aprendizaje, el respeto y la autoestima. Un ocio sano y de poca remuneraci\u00f3n,la cual todo el mundo se pueda permitir,a su vez contribuimos a nuestro municipio mediante voluntariados e intercambios con otras entidades y centros.<\/p>\n<p style=\"text-align: justify;\">Siento la necesidad de demostrar a la juventud la belleza de la danza y a su vez poder conocer m\u00fasicas de otras d\u00e9cadas, y a la gente m\u00e1s mayor , darle las pautas para bailar m\u00fasica m\u00e1s actual. Un ocio sano y al alcance de todos. Las redes sociales suelen crear el pensamiento equivoc\u00f3 de que sensual es igual a sexualizar y con algunas coreograf\u00edas a veces consigo dar a entender la diferencia.<\/p>\n<p style=\"text-align: justify;\">La m\u00fasica es un billete que nos transporta a otras tierras y otros tiempos, la danza una manera de expresar todo sentimiento a\u00fan cuando no se diga una sola palabra. Los talleres que llevamos a cabo son presenciales y con monitor(a) al frente, ya que est\u00e1 sociedad necesita m\u00e1s contacto humano y real y menos inteligencia artificial.<\/p>\n<p style=\"text-align: justify;\">Con coreograf\u00edas exigimos igualdad, y defendemos nuestros ideales.<strong> Feeling Good<\/strong> es ahora mismo un conjunto de mujeres aunque todo aquel que lo desee es bienvenido Es hermoso ver a las personas de 10 a\u00f1os y la de 60 y pico bailar al mismo son, y disfrutar con ello, es bello ver c\u00f3mo cuando tenemos un mal d\u00eda un abrazo grupal todo lo cura, es incre\u00edble ver c\u00f3mo cuando te corroen los complejos tus compa\u00f1eras refuerzan tu luz interior y en apenas dos horas sales de nuevo reluciente.<\/p>\n<p style=\"text-align: justify;\">Es mi manera de aportar al mundo mi visi\u00f3n y todo lo que llevo dentro, pues bailar <strong>Me Hace Bien<\/strong><\/p>\n<p style=\"text-align: justify;\"><a href=\"https:\/\/i0.wp.com\/miradordeatarfe.es\/wp-content\/uploads\/2024\/07\/Imagen-de-WhatsApp-2024-07-13-a-las-11.32.40_de7bce36.jpg?ssl=1\"><img data-recalc-dims=\"1\" loading=\"lazy\" decoding=\"async\" class=\"alignnone wp-image-70696 size-full\" src=\"https:\/\/i0.wp.com\/miradordeatarfe.es\/wp-content\/uploads\/2024\/07\/Imagen-de-WhatsApp-2024-07-13-a-las-11.32.40_de7bce36.jpg?resize=640%2C360&#038;ssl=1\" alt=\"\" width=\"640\" height=\"360\" srcset=\"https:\/\/i0.wp.com\/miradordeatarfe.es\/wp-content\/uploads\/2024\/07\/Imagen-de-WhatsApp-2024-07-13-a-las-11.32.40_de7bce36.jpg?w=1599&amp;ssl=1 1599w, https:\/\/i0.wp.com\/miradordeatarfe.es\/wp-content\/uploads\/2024\/07\/Imagen-de-WhatsApp-2024-07-13-a-las-11.32.40_de7bce36.jpg?resize=300%2C169&amp;ssl=1 300w, https:\/\/i0.wp.com\/miradordeatarfe.es\/wp-content\/uploads\/2024\/07\/Imagen-de-WhatsApp-2024-07-13-a-las-11.32.40_de7bce36.jpg?resize=1024%2C576&amp;ssl=1 1024w, https:\/\/i0.wp.com\/miradordeatarfe.es\/wp-content\/uploads\/2024\/07\/Imagen-de-WhatsApp-2024-07-13-a-las-11.32.40_de7bce36.jpg?resize=768%2C432&amp;ssl=1 768w, https:\/\/i0.wp.com\/miradordeatarfe.es\/wp-content\/uploads\/2024\/07\/Imagen-de-WhatsApp-2024-07-13-a-las-11.32.40_de7bce36.jpg?resize=1536%2C864&amp;ssl=1 1536w, https:\/\/i0.wp.com\/miradordeatarfe.es\/wp-content\/uploads\/2024\/07\/Imagen-de-WhatsApp-2024-07-13-a-las-11.32.40_de7bce36.jpg?resize=1320%2C742&amp;ssl=1 1320w\" sizes=\"auto, (max-width: 640px) 100vw, 640px\" \/><\/a><\/p>\n","protected":false},"excerpt":{"rendered":"<p>El pr\u00f3ximo viernes dia 19 de julio de 2024 tendr\u00e1 lugar una GALA\u00a0 bajo el&#8230;<\/p>\n","protected":false},"author":1,"featured_media":70697,"comment_status":"closed","ping_status":"closed","sticky":false,"template":"","format":"standard","meta":{"_coblocks_attr":"","_coblocks_dimensions":"","_coblocks_responsive_height":"","_coblocks_accordion_ie_support":"","jetpack_post_was_ever_published":false,"_jetpack_newsletter_access":"","_jetpack_dont_email_post_to_subs":false,"_jetpack_newsletter_tier_id":0,"_jetpack_memberships_contains_paywalled_content":false,"_jetpack_memberships_contains_paid_content":false,"footnotes":"","jetpack_publicize_message":"","jetpack_publicize_feature_enabled":true,"jetpack_social_post_already_shared":true,"jetpack_social_options":{"image_generator_settings":{"template":"highway","default_image_id":0,"enabled":false},"version":2}},"categories":[2,186,44],"tags":[],"class_list":["post-70675","post","type-post","status-publish","format-standard","has-post-thumbnail","hentry","category-atarfe","category-instituciones","category-noticias-de-hoy"],"jetpack_publicize_connections":[],"jetpack_featured_media_url":"https:\/\/i0.wp.com\/miradordeatarfe.es\/wp-content\/uploads\/2024\/07\/Imagen-de-WhatsApp-2024-07-13-a-las-11.32.39_3ea1fd75.jpg?fit=1600%2C1200&ssl=1","jetpack_likes_enabled":true,"jetpack_sharing_enabled":true,"_links":{"self":[{"href":"https:\/\/miradordeatarfe.es\/index.php?rest_route=\/wp\/v2\/posts\/70675","targetHints":{"allow":["GET"]}}],"collection":[{"href":"https:\/\/miradordeatarfe.es\/index.php?rest_route=\/wp\/v2\/posts"}],"about":[{"href":"https:\/\/miradordeatarfe.es\/index.php?rest_route=\/wp\/v2\/types\/post"}],"author":[{"embeddable":true,"href":"https:\/\/miradordeatarfe.es\/index.php?rest_route=\/wp\/v2\/users\/1"}],"replies":[{"embeddable":true,"href":"https:\/\/miradordeatarfe.es\/index.php?rest_route=%2Fwp%2Fv2%2Fcomments&post=70675"}],"version-history":[{"count":4,"href":"https:\/\/miradordeatarfe.es\/index.php?rest_route=\/wp\/v2\/posts\/70675\/revisions"}],"predecessor-version":[{"id":70701,"href":"https:\/\/miradordeatarfe.es\/index.php?rest_route=\/wp\/v2\/posts\/70675\/revisions\/70701"}],"wp:featuredmedia":[{"embeddable":true,"href":"https:\/\/miradordeatarfe.es\/index.php?rest_route=\/wp\/v2\/media\/70697"}],"wp:attachment":[{"href":"https:\/\/miradordeatarfe.es\/index.php?rest_route=%2Fwp%2Fv2%2Fmedia&parent=70675"}],"wp:term":[{"taxonomy":"category","embeddable":true,"href":"https:\/\/miradordeatarfe.es\/index.php?rest_route=%2Fwp%2Fv2%2Fcategories&post=70675"},{"taxonomy":"post_tag","embeddable":true,"href":"https:\/\/miradordeatarfe.es\/index.php?rest_route=%2Fwp%2Fv2%2Ftags&post=70675"}],"curies":[{"name":"wp","href":"https:\/\/api.w.org\/{rel}","templated":true}]}}