{"id":70702,"date":"2024-07-17T09:31:45","date_gmt":"2024-07-17T07:31:45","guid":{"rendered":"https:\/\/miradordeatarfe.es\/?p=70702"},"modified":"2024-07-18T18:26:36","modified_gmt":"2024-07-18T16:26:36","slug":"que-ya-lo-avisamos-por-juan-de-dios-villanueva-roa","status":"publish","type":"post","link":"https:\/\/miradordeatarfe.es\/?p=70702","title":{"rendered":"\u00abQue ya lo avisamos\u00bb por  Juan de Dios Villanueva Roa"},"content":{"rendered":"<h3 style=\"text-align: justify;\">Venir a estas alturas diciendo que ya lo avisamos es casi improcedente.<\/h3>\n<p style=\"text-align: justify;\">Cuando se le da opci\u00f3n a quien tiene m\u00e1s armas que manos puede ocurrir cualquier cosa, incluso que intente matar a su l\u00edder, el mismo que despu\u00e9s disparar\u00e1 verbalmente contra su oponente pol\u00edtico, porque su tup\u00e9 es de m\u00e1s calidad social que su cerebro. Qu\u00e9 podemos esperar de una sociedad, la moderna actual, que ve con buenos ojos c\u00f3mo se apalea un mu\u00f1eco que representa a un presidente de gobierno. Nadie hace nada, sirve de mofa y alienta el todo vale.<\/p>\n<p style=\"text-align: justify;\">Luego pasan estas cosas, son los resultados de las palabras violentas, de los extremos llevados a la gente sin considerar la racionalidad de hechos y palabras. Las gentes que esgrimen la violencia en p\u00fablico, que igual en privado incluso ponen caritas de osito o felpudo, se van apoderando de la calle, escondidas entre la muchedumbre, amparadas en anonimatos con escocidas conciencias porque saben que ese no es el camino, incluso golpean sus pechos, no al estilo de King Kong, sino en se\u00f1al de constricci\u00f3n. Hace un par de meses denunciamos aqu\u00ed mismo un hecho vergonzante, el de dos jovenzuelos que tiraron en jornada electoral del cord\u00f3n que sosten\u00eda la tarjeta identificativa del PSOE a una apoderada que iba delante de ellos por la calle a la par que la insultaban, una se\u00f1ora septuagenaria que caminaba apoy\u00e1ndose en una muleta.<\/p>\n<p style=\"text-align: justify;\">No pas\u00f3 nada, estas son las cosas que ocurren cuando el radicalismo es alentado desde quienes tienen altavoces p\u00fablicos, y es que los descerebrados entienden que todo el monte es or\u00e9gano y sacan sus vicios a pasear, ya sea con rifles, con palos, con las manos o con la palabra ante un micr\u00f3fono. Todos somos un poco culpables, pero todos no somos igual de culpables.<\/p>\n","protected":false},"excerpt":{"rendered":"<p>Venir a estas alturas diciendo que ya lo avisamos es casi improcedente. Cuando se le&#8230;<\/p>\n","protected":false},"author":1,"featured_media":70703,"comment_status":"closed","ping_status":"closed","sticky":false,"template":"","format":"standard","meta":{"_coblocks_attr":"","_coblocks_dimensions":"","_coblocks_responsive_height":"","_coblocks_accordion_ie_support":"","jetpack_post_was_ever_published":false,"_jetpack_newsletter_access":"","_jetpack_dont_email_post_to_subs":false,"_jetpack_newsletter_tier_id":0,"_jetpack_memberships_contains_paywalled_content":false,"_jetpack_memberships_contains_paid_content":false,"footnotes":"","jetpack_publicize_message":"","jetpack_publicize_feature_enabled":true,"jetpack_social_post_already_shared":true,"jetpack_social_options":{"image_generator_settings":{"template":"highway","default_image_id":0,"enabled":false},"version":2}},"categories":[1161,9772,44,7671],"tags":[],"class_list":["post-70702","post","type-post","status-publish","format-standard","has-post-thumbnail","hentry","category-ciudadania","category-opinion-de-juan-de-dios-villanueva","category-noticias-de-hoy","category-politica"],"jetpack_publicize_connections":[],"jetpack_featured_media_url":"https:\/\/i0.wp.com\/miradordeatarfe.es\/wp-content\/uploads\/2024\/07\/th.jpeg?fit=320%2C180&ssl=1","jetpack_likes_enabled":true,"jetpack_sharing_enabled":true,"_links":{"self":[{"href":"https:\/\/miradordeatarfe.es\/index.php?rest_route=\/wp\/v2\/posts\/70702","targetHints":{"allow":["GET"]}}],"collection":[{"href":"https:\/\/miradordeatarfe.es\/index.php?rest_route=\/wp\/v2\/posts"}],"about":[{"href":"https:\/\/miradordeatarfe.es\/index.php?rest_route=\/wp\/v2\/types\/post"}],"author":[{"embeddable":true,"href":"https:\/\/miradordeatarfe.es\/index.php?rest_route=\/wp\/v2\/users\/1"}],"replies":[{"embeddable":true,"href":"https:\/\/miradordeatarfe.es\/index.php?rest_route=%2Fwp%2Fv2%2Fcomments&post=70702"}],"version-history":[{"count":1,"href":"https:\/\/miradordeatarfe.es\/index.php?rest_route=\/wp\/v2\/posts\/70702\/revisions"}],"predecessor-version":[{"id":70704,"href":"https:\/\/miradordeatarfe.es\/index.php?rest_route=\/wp\/v2\/posts\/70702\/revisions\/70704"}],"wp:featuredmedia":[{"embeddable":true,"href":"https:\/\/miradordeatarfe.es\/index.php?rest_route=\/wp\/v2\/media\/70703"}],"wp:attachment":[{"href":"https:\/\/miradordeatarfe.es\/index.php?rest_route=%2Fwp%2Fv2%2Fmedia&parent=70702"}],"wp:term":[{"taxonomy":"category","embeddable":true,"href":"https:\/\/miradordeatarfe.es\/index.php?rest_route=%2Fwp%2Fv2%2Fcategories&post=70702"},{"taxonomy":"post_tag","embeddable":true,"href":"https:\/\/miradordeatarfe.es\/index.php?rest_route=%2Fwp%2Fv2%2Ftags&post=70702"}],"curies":[{"name":"wp","href":"https:\/\/api.w.org\/{rel}","templated":true}]}}