{"id":70720,"date":"2024-07-22T10:00:40","date_gmt":"2024-07-22T08:00:40","guid":{"rendered":"https:\/\/miradordeatarfe.es\/?p=70720"},"modified":"2024-07-25T13:40:17","modified_gmt":"2024-07-25T11:40:17","slug":"solos-por-remedios-sanchez","status":"publish","type":"post","link":"https:\/\/miradordeatarfe.es\/?p=70720","title":{"rendered":"\u00abSOLOS\u00bb por  Remedios S\u00e1nchez"},"content":{"rendered":"<h3>No existen, por eso no se debe nombrarlos.<\/h3>\n<p style=\"text-align: justify;\">Los pobres no existen para demasiada gente, son s\u00f3lo un silencio que duerme en los portales por las noches, un problema irresoluble que habita en los cajeros cuando el fr\u00edo, que observa inm\u00f3vil c\u00f3mo cae la tarde desde las plazuelas, o que se mueven despaciosos entre el tr\u00e1fico todo el a\u00f1o. Tampoco conviene mirarlos a la cara; vayamos a que resulte contagiosa la p\u00e1lida sombra de agua de sus ojos, ese reflejo afilado de soledad, de angustia que trasciende cualquier razonamiento porque no se puede expresar lo que es encontrarse, de pronto, sin nada. Y lo que es m\u00e1s terrible: sin nadie. Porque los pobres sin hogar tambi\u00e9n acaban por quedarse solos, sin familia, al margen de la sociedad que los niega como miembros, acompa\u00f1ados s\u00f3lo por una tristeza tan grande como un mar.<\/p>\n<p style=\"text-align: justify;\">Ser\u00e1 por eso por lo que terminan ahogados, arrastrados a una muerte segura y previsible. Se les reprocha que beban, nos quejamos de que tengan trastornos mentales, de que no est\u00e9n vestidos de domingo para dar lustre al rinconcillo que ocupan con su perrillo y sus cuatro recuerdos salvados del naufragio; o que tampoco te den los buenos d\u00edas o las gracias cuando se les lanza al cestillo una moneda, a ver si de esa manera calmamos nuestra conciencia o desaparecen para largarse a otro sitio. Lo que sea m\u00e1s r\u00e1pido, porque lo que est\u00e1 claro es que no hacen juego con las fachadas de la Plaza Mayor de Madrid, con las farolas de la calle Pelayo de Barcelona o con la Giralda sevillana.<\/p>\n<p style=\"text-align: justify;\">Da igual la ciudad, aqu\u00ed la cuesti\u00f3n es que no dan la imagen de la Espa\u00f1a que interesa: la que vende triunfos futbol\u00edsticos o el \u00e9xito garantizado a quien se esfuerce. Pero sucede que, a veces, el destino nos reserva sobresaltos ocultos que aparecen cuando menos se imagina. Un despido, el sueldo que no llega para pagar una hipoteca, el fracaso familiar, la quiebra del negocio, una enfermedad\u2026 y todo cambia; se desvanece el decorado de cart\u00f3n piedra que revelan las redes sociales dej\u00e1ndonos desnudos. Entonces no queda nada salvo sobrevivir al raso, mientras las instituciones no tienen claro c\u00f3mo afrontar su desventura que es la constataci\u00f3n de nuestro fracaso como pa\u00eds del primer mundo.<\/p>\n<p style=\"text-align: justify;\">Yo no s\u00e9 c\u00f3mo, pero nos vamos embruteciendo por instantes. Seguramente es porque nos asusta lo que no comprendemos, lo que somos incapaces de nombrar con las palabras que conforman nuestro vocabulario cotidiano de clase media. Nos dan miedo los indigentes porque tememos que su infortunio nos alcance; hasta ese grado llega nuestra miseria colectiva que, en muchos casos, es inconsciente pero que, en otros, evidencia una clara dejaci\u00f3n de funciones p\u00fablicas, la crueldad del sistema.<\/p>\n<p style=\"text-align: justify;\">Esta semana, el Defensor del Pueblo ha preguntado qu\u00e9 sucede con los pacientes &#8216;sintecho&#8217; cuando reciben el alta hospitalaria, c\u00f3mo se coordinan con los centros de acogida. Imagino que Gabilondo ha hecho una pregunta ret\u00f3rica para llamar la atenci\u00f3n sobre su desamparo, sobre la aterradora incapacidad para lograr un pacto entre administraciones y comunidades aut\u00f3nomas. Si \u00fanicamente hubiera querido enterarse, le habr\u00eda bastado con leer la prensa para comprender nuestro grado de progresiva deshumanizaci\u00f3n, esta brutalidad que implica consentir que una persona pueda morir arrinconada en cualquier acera. Como un mueble viejos que se deja olvidado el cami\u00f3n de la basura. \u00a0<\/p>\n<p>&nbsp;<\/p>\n","protected":false},"excerpt":{"rendered":"<p>No existen, por eso no se debe nombrarlos. Los pobres no existen para demasiada gente,&#8230;<\/p>\n","protected":false},"author":1,"featured_media":70721,"comment_status":"closed","ping_status":"closed","sticky":false,"template":"","format":"standard","meta":{"_coblocks_attr":"","_coblocks_dimensions":"","_coblocks_responsive_height":"","_coblocks_accordion_ie_support":"","jetpack_post_was_ever_published":false,"_jetpack_newsletter_access":"","_jetpack_dont_email_post_to_subs":false,"_jetpack_newsletter_tier_id":0,"_jetpack_memberships_contains_paywalled_content":false,"_jetpack_memberships_contains_paid_content":false,"footnotes":"","jetpack_publicize_message":"","jetpack_publicize_feature_enabled":true,"jetpack_social_post_already_shared":true,"jetpack_social_options":{"image_generator_settings":{"template":"highway","default_image_id":0,"enabled":false},"version":2}},"categories":[1161,10781,44,6914],"tags":[],"class_list":["post-70720","post","type-post","status-publish","format-standard","has-post-thumbnail","hentry","category-ciudadania","category-granada","category-noticias-de-hoy","category-opinion-de-reme-sanchez"],"jetpack_publicize_connections":[],"jetpack_featured_media_url":"https:\/\/i0.wp.com\/miradordeatarfe.es\/wp-content\/uploads\/2024\/07\/img2.rtve_.jpeg?fit=1600%2C900&ssl=1","jetpack_likes_enabled":true,"jetpack_sharing_enabled":true,"_links":{"self":[{"href":"https:\/\/miradordeatarfe.es\/index.php?rest_route=\/wp\/v2\/posts\/70720","targetHints":{"allow":["GET"]}}],"collection":[{"href":"https:\/\/miradordeatarfe.es\/index.php?rest_route=\/wp\/v2\/posts"}],"about":[{"href":"https:\/\/miradordeatarfe.es\/index.php?rest_route=\/wp\/v2\/types\/post"}],"author":[{"embeddable":true,"href":"https:\/\/miradordeatarfe.es\/index.php?rest_route=\/wp\/v2\/users\/1"}],"replies":[{"embeddable":true,"href":"https:\/\/miradordeatarfe.es\/index.php?rest_route=%2Fwp%2Fv2%2Fcomments&post=70720"}],"version-history":[{"count":1,"href":"https:\/\/miradordeatarfe.es\/index.php?rest_route=\/wp\/v2\/posts\/70720\/revisions"}],"predecessor-version":[{"id":70722,"href":"https:\/\/miradordeatarfe.es\/index.php?rest_route=\/wp\/v2\/posts\/70720\/revisions\/70722"}],"wp:featuredmedia":[{"embeddable":true,"href":"https:\/\/miradordeatarfe.es\/index.php?rest_route=\/wp\/v2\/media\/70721"}],"wp:attachment":[{"href":"https:\/\/miradordeatarfe.es\/index.php?rest_route=%2Fwp%2Fv2%2Fmedia&parent=70720"}],"wp:term":[{"taxonomy":"category","embeddable":true,"href":"https:\/\/miradordeatarfe.es\/index.php?rest_route=%2Fwp%2Fv2%2Fcategories&post=70720"},{"taxonomy":"post_tag","embeddable":true,"href":"https:\/\/miradordeatarfe.es\/index.php?rest_route=%2Fwp%2Fv2%2Ftags&post=70720"}],"curies":[{"name":"wp","href":"https:\/\/api.w.org\/{rel}","templated":true}]}}