{"id":70751,"date":"2024-07-23T13:10:10","date_gmt":"2024-07-23T11:10:10","guid":{"rendered":"https:\/\/miradordeatarfe.es\/?p=70751"},"modified":"2024-07-25T13:40:04","modified_gmt":"2024-07-25T11:40:04","slug":"mas-sobre-la-tasa-turistica-por-juan-de-dios-villanueva-roa","status":"publish","type":"post","link":"https:\/\/miradordeatarfe.es\/?p=70751","title":{"rendered":"\u00abM\u00e1s sobre la tasa tur\u00edstica\u00bb por Juan de Dios Villanueva Roa"},"content":{"rendered":"<h2 style=\"text-align: justify;\">Y regresamos a la tasa tur\u00edstica, otra vez.<\/h2>\n<p style=\"text-align: justify;\">Ya, a los hosteleros no les convence, a la restauraci\u00f3n tampoco, a los que viven del turismo parece que no les cae muy bien eso de que quienes llegan como turistas aqu\u00ed paguen algunos euros al ayuntamiento para que la ciudad pueda invertirlos en sus servicios.<\/p>\n<p style=\"text-align: justify;\">Lo cierto es que los beneficiados solo buscan su beneficio. Ya se sabe, que su beneficio dicen que es el de todos, pero principalmente el suyo propio, porque la mayor\u00eda de los hoteles pertenecen a cadenas que poco o nada invierten para (n\u00f3tese la preposici\u00f3n) la ciudad.<\/p>\n<p style=\"text-align: justify;\">Cosa diferente son los hoteles familiares, los restaurantes de toda la vida y los servicios exclusivos de aqu\u00ed. Con esos euros que el turismo dejase al conjunto de la ciudadan\u00eda nazar\u00ed el ayuntamiento bien podr\u00eda mejorar parques, jardines, colegios, la limpieza de barrios a los que no se llega como deber\u00eda porque los efectivos van a las zonas tur\u00edsticas. Podr\u00eda mejorar el servicio de transporte p\u00fablico, los adoquinados de las calles m\u00e1s alejadas del centro\u2026 En fin, esas cosillas que se van dejando y que al final acaban deterioradas hasta que se aproximan las siguientes elecciones.<\/p>\n<p style=\"text-align: justify;\">Que s\u00ed, que no da para tanto, pero una ayuda nunca viene mal, y dado que tenemos una de las ciudades m\u00e1s visitadas de Espa\u00f1a, algo positivo podr\u00eda quedar, que a la postre quien viene a estar aqu\u00ed dos o tres d\u00edas lo mismo le da echar unos euros, tampoco ser\u00eda m\u00e1s all\u00e1 de un par de ellos diarios, para sentirse identificado con el bien hacer de esta tierra que tanto le permite, dejando todo su centro, bares y monumentos casi para ellos solos.<\/p>\n<p>FOTO: https:\/\/labingranada.org\/idea\/tasa-turistica-para-la-conservacion-de<\/p>\n","protected":false},"excerpt":{"rendered":"<p>Y regresamos a la tasa tur\u00edstica, otra vez. Ya, a los hosteleros no les convence,&#8230;<\/p>\n","protected":false},"author":1,"featured_media":70752,"comment_status":"closed","ping_status":"closed","sticky":false,"template":"","format":"standard","meta":{"_coblocks_attr":"","_coblocks_dimensions":"","_coblocks_responsive_height":"","_coblocks_accordion_ie_support":"","jetpack_post_was_ever_published":false,"_jetpack_newsletter_access":"","_jetpack_dont_email_post_to_subs":false,"_jetpack_newsletter_tier_id":0,"_jetpack_memberships_contains_paywalled_content":false,"_jetpack_memberships_contains_paid_content":false,"footnotes":"","jetpack_publicize_message":"","jetpack_publicize_feature_enabled":true,"jetpack_social_post_already_shared":true,"jetpack_social_options":{"image_generator_settings":{"template":"highway","default_image_id":0,"enabled":false},"version":2}},"categories":[1161,10781,9772,44],"tags":[],"class_list":["post-70751","post","type-post","status-publish","format-standard","has-post-thumbnail","hentry","category-ciudadania","category-granada","category-opinion-de-juan-de-dios-villanueva","category-noticias-de-hoy"],"jetpack_publicize_connections":[],"jetpack_featured_media_url":"https:\/\/i0.wp.com\/miradordeatarfe.es\/wp-content\/uploads\/2024\/07\/tasa_b-670x433-1.jpg?fit=670%2C433&ssl=1","jetpack_likes_enabled":true,"jetpack_sharing_enabled":true,"_links":{"self":[{"href":"https:\/\/miradordeatarfe.es\/index.php?rest_route=\/wp\/v2\/posts\/70751","targetHints":{"allow":["GET"]}}],"collection":[{"href":"https:\/\/miradordeatarfe.es\/index.php?rest_route=\/wp\/v2\/posts"}],"about":[{"href":"https:\/\/miradordeatarfe.es\/index.php?rest_route=\/wp\/v2\/types\/post"}],"author":[{"embeddable":true,"href":"https:\/\/miradordeatarfe.es\/index.php?rest_route=\/wp\/v2\/users\/1"}],"replies":[{"embeddable":true,"href":"https:\/\/miradordeatarfe.es\/index.php?rest_route=%2Fwp%2Fv2%2Fcomments&post=70751"}],"version-history":[{"count":1,"href":"https:\/\/miradordeatarfe.es\/index.php?rest_route=\/wp\/v2\/posts\/70751\/revisions"}],"predecessor-version":[{"id":70753,"href":"https:\/\/miradordeatarfe.es\/index.php?rest_route=\/wp\/v2\/posts\/70751\/revisions\/70753"}],"wp:featuredmedia":[{"embeddable":true,"href":"https:\/\/miradordeatarfe.es\/index.php?rest_route=\/wp\/v2\/media\/70752"}],"wp:attachment":[{"href":"https:\/\/miradordeatarfe.es\/index.php?rest_route=%2Fwp%2Fv2%2Fmedia&parent=70751"}],"wp:term":[{"taxonomy":"category","embeddable":true,"href":"https:\/\/miradordeatarfe.es\/index.php?rest_route=%2Fwp%2Fv2%2Fcategories&post=70751"},{"taxonomy":"post_tag","embeddable":true,"href":"https:\/\/miradordeatarfe.es\/index.php?rest_route=%2Fwp%2Fv2%2Ftags&post=70751"}],"curies":[{"name":"wp","href":"https:\/\/api.w.org\/{rel}","templated":true}]}}