{"id":70759,"date":"2024-07-24T18:59:01","date_gmt":"2024-07-24T16:59:01","guid":{"rendered":"https:\/\/miradordeatarfe.es\/?p=70759"},"modified":"2024-07-24T18:59:01","modified_gmt":"2024-07-24T16:59:01","slug":"atarfe-pide-la-declaracion-como-como-zona-afectada-gravemente-por-una-emergencia-tras-el-incendio","status":"publish","type":"post","link":"https:\/\/miradordeatarfe.es\/?p=70759","title":{"rendered":"Atarfe pide la declaraci\u00f3n como \u00abcomo zona afectada gravemente por una emergencia\u00bb tras el incendio"},"content":{"rendered":"<h3 style=\"text-align: justify;\">Adem\u00e1s, ha pedido a la Junta de Andaluc\u00eda que investigue el origen y la autor\u00eda del fuego.<\/h3>\n<p style=\"text-align: justify;\">El<strong> Ayuntamiento de Atarfe <\/strong>ha aprobado una declaraci\u00f3n institucional en pleno para pedir a la Junta de Andaluc\u00eda que investigue el origen y la autor\u00eda del incendio que ha afectado este fin de semana a este municipio y a <strong>Pinos Puente<\/strong>, y que junto al Gobierno de Espa\u00f1a declare como &#8216;zona afectada gravemente por una emergencia de protecci\u00f3n civil&#8217; las franjas da\u00f1adas por el fuego.<\/p>\n<p style=\"text-align: justify;\">La declaraci\u00f3n adem\u00e1s solicita a la Junta que informe sobre los da\u00f1os finales que ha causado el incendio y de la labor realizada para su extinci\u00f3n, as\u00ed como una bater\u00eda de medidas urgentes dirigidas a prevenir la erosi\u00f3n y los efectos perjudiciales de las cenizas, como <strong>diques, fajinas o albarradas<\/strong>, especialmente en las zonas de mayor pendiente.<\/p>\n<p style=\"text-align: justify;\">Por otro lado, se solicita que restaure las infraestructuras y los equipamientos da\u00f1ados. Asimismo, todos los grupos municipales han trasladado su apoyo y agradecimiento al personal del Infoca, de los Cuerpos y Fuerzas de Seguridad del Estado, de Protecci\u00f3n Civil y a todos los vecinos que ha participado de manera activa en las labores de extinci\u00f3n.<\/p>\n<p style=\"text-align: justify;\">\u00abHemos compartido con ellos y ellas, la preocupaci\u00f3n, la rabia, la impotencia y hasta el miedo al ver el avance de las llamas y la desaparici\u00f3n del nuestro patrimonio personal y colectivo, de nuestro paisaje, identidad y memoria\u00bb, han coincidido.<\/p>\n<p style=\"text-align: justify;\">Por \u00faltimo, apuntan a que este incendio originado en Pinos Puente que afect\u00f3 mayoritariamente a <strong>Atarfe <\/strong>ha supuesto \u00abuna cat\u00e1strofe que requiere de respuestas inmediatas por parte de las administraciones\u00bb.<\/p>\n<p style=\"text-align: justify;\">Por ello, abogan por un <strong>Plan de Actuaci\u00f3n Integral<\/strong> para la recuperaci\u00f3n y restauraci\u00f3n de la zona afectada por el fuego desde el punto de vista forestal, agr\u00edcola, econ\u00f3mica y social que debe contar con la participaci\u00f3n de los ayuntamientos y agentes del territorio.<\/p>\n<p>E.P.<\/p>\n<p>AHORAGRANADA<\/p>\n<p>https:\/\/www.ahoragranada.com\/noticias\/atarfe-pide-la-declaracion-como-como-zona-afectada-gravemente-por-una-emergencia-tras-el-incendio\/<\/p>\n","protected":false},"excerpt":{"rendered":"<p>Adem\u00e1s, ha pedido a la Junta de Andaluc\u00eda que investigue el origen y la autor\u00eda&#8230;<\/p>\n","protected":false},"author":1,"featured_media":70760,"comment_status":"closed","ping_status":"closed","sticky":false,"template":"","format":"standard","meta":{"_coblocks_attr":"","_coblocks_dimensions":"","_coblocks_responsive_height":"","_coblocks_accordion_ie_support":"","jetpack_post_was_ever_published":false,"_jetpack_newsletter_access":"","_jetpack_dont_email_post_to_subs":false,"_jetpack_newsletter_tier_id":0,"_jetpack_memberships_contains_paywalled_content":false,"_jetpack_memberships_contains_paid_content":false,"footnotes":"","jetpack_publicize_message":"","jetpack_publicize_feature_enabled":true,"jetpack_social_post_already_shared":true,"jetpack_social_options":{"image_generator_settings":{"template":"highway","default_image_id":0,"enabled":false},"version":2}},"categories":[6916,1161,44,6937],"tags":[],"class_list":["post-70759","post","type-post","status-publish","format-standard","has-post-thumbnail","hentry","category-ayuntamiento-de-atarfe","category-ciudadania","category-noticias-de-hoy","category-sociedad"],"jetpack_publicize_connections":[],"jetpack_featured_media_url":"https:\/\/i0.wp.com\/miradordeatarfe.es\/wp-content\/uploads\/2024\/07\/Incendio-en-Atarfe-03.jpeg?fit=970%2C545&ssl=1","jetpack_likes_enabled":true,"jetpack_sharing_enabled":true,"_links":{"self":[{"href":"https:\/\/miradordeatarfe.es\/index.php?rest_route=\/wp\/v2\/posts\/70759","targetHints":{"allow":["GET"]}}],"collection":[{"href":"https:\/\/miradordeatarfe.es\/index.php?rest_route=\/wp\/v2\/posts"}],"about":[{"href":"https:\/\/miradordeatarfe.es\/index.php?rest_route=\/wp\/v2\/types\/post"}],"author":[{"embeddable":true,"href":"https:\/\/miradordeatarfe.es\/index.php?rest_route=\/wp\/v2\/users\/1"}],"replies":[{"embeddable":true,"href":"https:\/\/miradordeatarfe.es\/index.php?rest_route=%2Fwp%2Fv2%2Fcomments&post=70759"}],"version-history":[{"count":1,"href":"https:\/\/miradordeatarfe.es\/index.php?rest_route=\/wp\/v2\/posts\/70759\/revisions"}],"predecessor-version":[{"id":70761,"href":"https:\/\/miradordeatarfe.es\/index.php?rest_route=\/wp\/v2\/posts\/70759\/revisions\/70761"}],"wp:featuredmedia":[{"embeddable":true,"href":"https:\/\/miradordeatarfe.es\/index.php?rest_route=\/wp\/v2\/media\/70760"}],"wp:attachment":[{"href":"https:\/\/miradordeatarfe.es\/index.php?rest_route=%2Fwp%2Fv2%2Fmedia&parent=70759"}],"wp:term":[{"taxonomy":"category","embeddable":true,"href":"https:\/\/miradordeatarfe.es\/index.php?rest_route=%2Fwp%2Fv2%2Fcategories&post=70759"},{"taxonomy":"post_tag","embeddable":true,"href":"https:\/\/miradordeatarfe.es\/index.php?rest_route=%2Fwp%2Fv2%2Ftags&post=70759"}],"curies":[{"name":"wp","href":"https:\/\/api.w.org\/{rel}","templated":true}]}}