{"id":70762,"date":"2024-07-25T13:35:53","date_gmt":"2024-07-25T11:35:53","guid":{"rendered":"https:\/\/miradordeatarfe.es\/?p=70762"},"modified":"2024-07-25T13:35:53","modified_gmt":"2024-07-25T11:35:53","slug":"pregon-de-fiestas-de-atarfe-2024-por-angel-fernandez","status":"publish","type":"post","link":"https:\/\/miradordeatarfe.es\/?p=70762","title":{"rendered":"\u00abPREG\u00d3N DE FIESTAS DE ATARFE 2024 \u00bb por \u00c1ngel Fern\u00e1ndez"},"content":{"rendered":"<h3><span class=\"x193iq5w xeuugli x13faqbe x1vvkbs x1xmvt09 x1lliihq x1s928wv xhkezso x1gmr53x x1cpjm7i x1fgarty x1943h6x xudqn12 x3x7a5m x6prxxf xvq8zen xo1l8bm xzsf02u x1yc453h\" dir=\"auto\">Hace ya muchos a\u00f1os que la Gacetilla y curiosidades elvirenses de Jos\u00e9 Enrique Granados hab\u00eda pedido\u00a0 que \u00c1ngel Fern\u00e1ndez fuera el pregonero de nuestras fiestas. Anoche se hizo realidad\u00a0 y tal como lo pronunci\u00f3 nos lo envi\u00f3 a distintas publicaciones. Mirador de Atarfe, como los pregones anteriores, lo publica y le agradece a \u00c1ngel su entrega y buen hacer por Atarfe\u00a0 <br \/>\n<\/span><\/h3>\n<h3 style=\"text-align: justify;\"><em>Atarfe\u00f1os y atarfe\u00f1as, buenas noches:<\/em><\/h3>\n<p style=\"text-align: justify;\"><em>Antes de nada, quiero agradecer a la Corporaci\u00f3n Municipal la oportunidad que me brinda de pregonar las Fiestas Patronales de mi pueblo, a las que con tanto cari\u00f1o me he dedicado durante estos \u00faltimos a\u00f1os. Estoy muy orgulloso de estar hoy en este balc\u00f3n. Gracias!<\/em><\/p>\n<p style=\"text-align: justify;\"><em>Tambi\u00e9n quiero agradecer la presencia de las familias y de los amigos que nos acompa\u00f1an esta noche, pues es muy grato sentir su cari\u00f1o y su aprecio. No encuentro palabras m\u00e1s grandes para agradecer su afecto que estas: Much\u00edsimas gracias.<\/em><\/p>\n<p style=\"text-align: justify;\"><em>Tambi\u00e9n quiero rendir un efusivo y evocador recuerdo a un estimado amigo que estoy convencido de que hoy estar\u00eda en esta plaza si la enfermedad no le hubiera arrebatado \u00a0la vida antes de tiempo: hablo de Manuel P\u00e9rez Molina, Manolo el \u201cRuso\u201d, atarfe\u00f1o de pro, persona sencilla, humilde, cordial, amable, \u00a0y muy buena persona. En su nombre, quiero mostrar mi cari\u00f1o \u00a0y respeto \u00a0a todas las personas que durante este a\u00f1o se \u00a0han ido \u00a0al cielo infinito del recuerdo, como Jos\u00e9 Manuel Gonz\u00e1lez el \u201cHueso\u201d. Nos acordamos de todos vosotros.<\/em><\/p>\n<p style=\"text-align: justify;\"><em>Dicen que la parte m\u00e1s dif\u00edcil de un discurso es el inicio, y yo lo tengo muy dif\u00edcil, dado que en a\u00f1os precedentes, \u00a0por este balc\u00f3n han pasado personas brillantes, formadas, de f\u00e1cil verbo y mejor escritura, que con sus bellas palabras han repasado, comentado, y recordado cada estampa, cada rinc\u00f3n, cada an\u00e9cdota, cada aspecto emocional y sentimental de sus vivencias y experiencias vividas en este, su pueblo.<\/em><\/p>\n<p style=\"text-align: justify;\"><em>As\u00ed que mejor ser\u00e1 hablar con el coraz\u00f3n abierto. Echar mano de la memoria, siempre flaca y so\u00f1adora. Escarbar en el olvido. Despejar la bruma de los paisajes, de las voces escondidas, recuperar im\u00e1genes que andan desperdigadas entre las hojas del calendario. Retroceder a ese territorio del recuerdo con geograf\u00eda propia que es la ni\u00f1ez.<\/em><\/p>\n<p style=\"text-align: justify;\"><em>Mi infancia tambi\u00e9n son recuerdos de un patio, un patio con una higuera, unas parras, y un pozo. Recuerdo la mecedora desvencijada de mi abuela, la abuela que no envejec\u00eda por muchos a\u00f1os que pasaran, siempre estaba muy vieja!. El tinao con su olor agrio, sus nidos de golondrina, la marranera, el saco de pic\u00f3n, la le\u00f1era llena de pabilos de las panochas de ma\u00edz, las \u00a0ristras de \u00a0membrillos, melones y los caquis colgados en las vigas. La alacena con el bid\u00f3n de lat\u00f3n lleno \u00a0de aceite. El saco de terrones de az\u00facar. La miel de ca\u00f1a para las gachas de cuscurrones, la miel de abeja, el manojo de manzanilla que serv\u00eda para todo los males. La mezcolanza de olores creaba una atmosfera rancia con sabor dulce y un color gris de inofensiva pobreza. Nuestra vida de aquellos d\u00edas trascurr\u00eda por las calles Col\u00f3n, Reyes Cat\u00f3licos y Sevilla. Tambi\u00e9n por los dos nogales. La Acequia del Camino de Albolote, que serpenteaba con leves ondulaciones para \u00a0acomodarse \u00a0al terreno. \u00a0A lo lejos los cortijos del Tiznao, Pirr\u00e1ngano y Vista Alegre. Y a\u00fan m\u00e1s lejos \u00a0la Canterilla, la \u00a0Emita de los Tres Juanes, \u00a0\u00a0que nosotros le dec\u00edamos el castillejo.<\/em><\/p>\n<p style=\"text-align: justify;\"><em>Para tranquilidad de no s\u00e9 qui\u00e9n, hab\u00eda un mantequero que nos quitaba \u00a0las mantecas, \u201cmenudo trabajo\u201d, tambi\u00e9n andaba por ah\u00ed \u00a0T\u00edo del Saco. De este malvado nos defend\u00eda Pepe el Pirr\u00e1ngano, un \u00a0vecino que era guarda rural, que siempre cargaba con su enorme carabina y una canana en bandolera con cartuchos de sal, que aunque nunca dispar\u00f3, \u00e9l dec\u00eda que siempre tiraba a dar.<\/em><\/p>\n<p style=\"text-align: justify;\"><em>Las eras fueron, \u00a0para muchos ni\u00f1os de la d\u00e9cada de los sesenta, un rito de iniciaci\u00f3n a la aventura. Un \u00a0cuento de hadas, una visita guiada a un parque natural. Separadas por altos balates de tierra y piedra, en los que \u00a0crec\u00edan los cardos, las ortigas, los jaramagos y el matorral, que serv\u00edan de medio para lagartos y bichas. Se dispon\u00edan como terrazas escalonadas atravesadas por veredas que terminaban en el Camino de Albarrate.<\/em><\/p>\n<p style=\"text-align: justify;\"><em>En los veranos se trillaba el trigo y en los oto\u00f1os se secaban las panochas de ma\u00edz y los troncos de tabaco, y los pabilos que se utilizaban para encender el brasero y para las chimeneas. Apenas hab\u00eda basura, en aquellos a\u00f1os se aprovechaba todo.<\/em><\/p>\n<p style=\"text-align: justify;\"><em>Algunas ten\u00edan su nombre: \u201cla Era perd\u00eda\u201d, \u201clas Dos Eras\u201d, \u201cla de Encima del terrizo\u201d, \u201cla del Terrapl\u00e9n\u201d, \u201cla Era Chica\u201d, \u201cla Era Baja\u201d, hab\u00eda alrededor de veinte eras, todo lo que ocupa hoy el barrio de Santa Amalia.<\/em><\/p>\n<p style=\"text-align: justify;\"><em>El terrizo era un islote de tierra entre las eras de piedra. Aunque no ten\u00eda una gran dimensi\u00f3n, s\u00ed se prestaba como un \u00a0\u00a0\u00a0extraordinario campo de futbol. Cu\u00e1ntos recuerdos se pierden y de repente aparecen. Veo jugar a Fidel Castillo, a Filistro, a Rivas, al Sevillano, a Indalecio, a Adolfo el \u201cHerrerillo\u201d, y a un chavea que con el tiempo se convirti\u00f3 en figura: Luis Fernando Moreno, \u201cLuisfer\u201d.<\/em><\/p>\n<p style=\"text-align: justify;\"><em>Y en las Dos Eras jugaban Pepito Moya, Cecilio \u201cel Chirlo\u201d, mi Jes\u00fas, Antonio D\u00edaz, Manolo Castro, los \u201cHerrerillos\u201d Paco y Luis \u2013 es que hab\u00eda muchos \u201cHerrerillos\u201d y todos jugaban muy bien-, Manolo el \u201cRuso\u201d, Miguel el \u201cCorniz\u201d, Antonio Ballesteros el \u201cChico el Lechero\u201d, todos siguiendo los pasos de jugadores como Gerardo Jim\u00e9nez y Pepe Santisteban, que dejaron su impronta en el f\u00fatbol atarfe\u00f1o. \u00a0<\/em><\/p>\n<p style=\"text-align: justify;\"><em>Los d\u00edas avanzaban muy lentos, todo tardaba en llegar y todo se repet\u00eda. Los gusanos de seda, la morera. Las flores a Mar\u00eda que madre nuestra es. La ropa nueva para los d\u00edas de funci\u00f3n. La misa de los domingos, perdona a tu pueblo, perd\u00f3nalo se\u00f1or. El \u201cpelao\u201d para la Primera Comuni\u00f3n, en el Solana, \u00a0Miguel el \u201cPelucas\u201d, Arsenio el \u201cNi\u00f1o Cachas\u201d o Paco Peluqueros. Y las ni\u00f1as, a Las Contreras, a la Pura o a la Josefina Fern\u00e1ndez.<\/em><\/p>\n<p style=\"text-align: justify;\"><em>El cielo azul brillante de las ma\u00f1anas de verano, siempre taladrado por el vuelo excitado y \u00a0nervioso de los vencejos, que con su pitido chirriante anunciaban las esperadas fiestas de Santiago y Santa Ana. Alegr\u00eda, luces, farolillos del T\u00edo Pepe, los gallardetes, ropa nueva, columpios, algod\u00f3n dulce, los dulceros con sus casetas de turr\u00f3n, la t\u00f3mbola, la procesi\u00f3n.<\/em><\/p>\n<p style=\"text-align: justify;\"><em>La Procesi\u00f3n de Santa Ana me devuelve un eco de dulzura, un b\u00e1lsamo de ternura, me recuerda al ni\u00f1o que fui y lo lejos que estoy de \u00e9l.<\/em><\/p>\n<p style=\"text-align: justify;\"><em>Yo bajaba con mi madre, mi hermana y mi t\u00eda Encarna a la calle Goz\u00e1lvez, a casa de unos familiares, para ver pasar la Procesi\u00f3n. Sentados en unas sillas de anea esper\u00e1bamos su llegada. La brisa calurosa tra\u00eda el repicar de las campanas, el olor a pinchitos morunos, a calamares fritos y a churros de Ana Rueda la \u201cTriana\u201d, mezclados con el aroma del incienso.<\/em><\/p>\n<p style=\"text-align: justify;\"><em>Se acerca el desfile. Silencio, solemnidad, la m\u00fasica de la banda, la imagen de Santa Ana iluminada con cientos de velas. El fervor, la devoci\u00f3n, los labios de mi madre en forma de rumor, de murmullo, la exaltaci\u00f3n de fe en un rostro de s\u00faplica.<\/em><\/p>\n<p style=\"text-align: justify;\"><em>\u201c\u00bfQu\u00e9 le pides?\u201d pregunt\u00e9. Una respuesta f\u00e1cil, humilde y sencilla. \u201cQue no os pong\u00e1is malos, que no os pase nada, que se\u00e1is buenos, que teng\u00e1is buenos amigos, que os quiera la gente \u2026.\u201d<\/em><\/p>\n<p style=\"text-align: justify;\"><em>Nada y todo, un mundo de esperanza, un ruego de fe y de amor, una s\u00faplica de cari\u00f1o. As\u00ed vive Santa Ana en el alma de los atarfe\u00f1os.<\/em><\/p>\n<p style=\"text-align: justify;\"><em>Despu\u00e9s el castillo y a esperar la feria de septiembre. Mientras tanto, el verano y su calor inclemente, la poza \u00a0en la acequia para ba\u00f1arnos. Las chicharras, los juncos, los berros, las \u00a0lib\u00e9lulas y los insectos patinadores. La siesta interminable de las tardes calurosas, el zumbido de las moscas, la pistola \u201cFlit\u201d. El pan con aceite y az\u00facar, la bombillas en las esquinas de la calle donde se amontonaban las salamanquesas. El ulular de las lechuzas que anunciaban un fallecimiento y, adem\u00e1s, se beb\u00edan el aceite de la iglesia.<\/em><\/p>\n<p style=\"text-align: justify;\"><em>Estaban los juegos de las tardes, cuyas reglas no recuerdo. Estaba el juego del \u201cchurro, pico, terna\u201d, \u201clos hoyos\u201d, \u201clas bolas\u201d, de las bolas s\u00ed me acuerdo: primera, segunda, chito, bonito, matute y hoyo. \u00a0\u201cPolic\u00edas y ladrones\u201d, \u201cel pa\u00f1uelo\u201d, \u201cel marro\u201d, el de las tapas de las cajas de \u201cmistos\u201d, que llam\u00e1bamos \u201clos santos\u201d, \u201cla rayuela\u201d, \u201cla comba\u201d, los cromos, la lima, \u201cla cheta\u201d, y la \u00a0temeridad de las bombas de carburo. Y en las cortas tardes de invierno, mesa camilla, brasero de pic\u00f3n y juegos reunidos Geiper, todo un lujo.<\/em><\/p>\n<p style=\"text-align: justify;\"><em>Estaban los amigos de la calle, los amigos de la escuela, los zapatos gorilas, que hab\u00eda que domarlos, las zapatillas la Cadena o las T\u00f3rtola, con sus molestas rozaduras, el bal\u00f3n de Curtis. El cine Ben\u00edtez, el cine de verano, la plaza de toros port\u00e1til en las Dos Eras, y las guerrillas a pedrada limpia contra los de la Ca\u00f1ada. Las Madres del Rao, la del Caballo, el Canal de los Quintines, las \u201calameas embotas\u201d, el agua helada donde muchos ni\u00f1os aprendieron a nadar, las alfalfas y su plaga de \u00a0chuises. Las trampas y las perchas de zorzales.<\/em><\/p>\n<p style=\"text-align: justify;\"><em>Las Escuelas Nacionales, el Colegio de las Monjas, la escuela de la se\u00f1orita Anita Pozo, la de Don Octavio, la de Don Onofre, la de Don Jes\u00fas, el mapamundi colgado en la pared, el cuadro de Franco, el olor \u00e1cido de los lavabos, el recreo, el vaso de leche en polvo, el \u00e1ngelus. El terror al ni\u00f1o que te puede, el olor denso a ni\u00f1o sin lavar. Los ejercicios espirituales. Dios ha creado el mundo y ya est\u00e1.<\/em><\/p>\n<p style=\"text-align: justify;\"><em>Los farolillos de mel\u00f3n zocato, los cuentos de fantasmas, el de Don Juan Tenorio y los muertos que aparecen por las paredes, mi miedo, el miedo al infierno, los tebeos, el Capit\u00e1n Trueno, El Jabato, Bengala, Sandok\u00e1n, Mortadelo y Filem\u00f3n. La quema de los \u00faltimos rastrojos, olor a oto\u00f1o, el hule de pl\u00e1stico con el mapa de Espa\u00f1a. Las majoletas y su cerbatana, que anunciaban \u00a0la feria de septiembre.<\/em><\/p>\n<p style=\"text-align: justify;\"><em>Las sirenas de las f\u00e1bricas!!!. Las sirenas de las f\u00e1bricas me traen un recuerdo de solidaridad. Somos un pueblo solidario, lo vivimos el a\u00f1o pasado. En la d\u00e9cada de los sesenta los trabajadores de la f\u00e1brica la Vega y la Alcoholera, cuando cobraban, en un acto de grandeza digno de alabanza, \u00a0realizaban una colecta para ayudar a las familias de Atarfe que por diversas circunstancias, \u00a0como enfermedad del cabeza de familia, se encontraba econ\u00f3micamente \u00a0en apuros. No \u00a0hab\u00eda significaci\u00f3n, ni \u00a0protagonismo, ni relevancia. Sencillamente solidaridad y generosidad.<\/em><\/p>\n<p style=\"text-align: justify;\"><em>Y hablando de generosidad, aprovecho tambi\u00e9n para reconocer la de los tenderos, panaderos, lecheros, y dem\u00e1s peque\u00f1os comerciantes, \u00a0que con su libreta, y apuntando la deuda, ayudaron a salir adelante a muchas familias.<\/em><\/p>\n<p style=\"text-align: justify;\"><em>Estaban tambi\u00e9n las tabernas, con el humo del tabaco, con el serr\u00edn h\u00famedo \u00a0en el suelo, \u00a0el juego del \u00a0pellejo, el olor rancio a vino pele\u00f3n. La cuartilla de vino en el \u201cCoco\u201d, en el \u201cNi\u00f1o la Julia\u201d, el quinto en el \u201cPe\u00f1a\u201d \u00a0o en el \u201cVolante\u201d. Y la eterna pregunta de por qu\u00e9 le dec\u00edan \u201cLa Tienda la Esquina\u201d cuando siempre estuvo en mitad de la Calle Real. Anto\u00f1ito S\u00e1nchez lo sabe.<\/em><\/p>\n<p style=\"text-align: justify;\"><em>El grupo \u00a0Realidad y sus canciones, los pelos largos. Y con las melenas llegaron los vaqueros, los pantalones de campana, los zuecos, la Junquera, la Holiday y el Mes\u00f3n Don Manu\u00e9.<\/em><\/p>\n<p style=\"text-align: justify;\"><em>Faltan muchas pinceladas y tambi\u00e9n puedo estar aqu\u00ed hasta ma\u00f1ana, as\u00ed que devolvemos los recuerdos de ni\u00f1ez y adolescencia a su ba\u00fal, a la espera de que otro d\u00eda alguien los rescate. Estoy convencido de que estas vivencias atarfe\u00f1as dan para cientos de relatos.<\/em><\/p>\n<p style=\"text-align: justify;\"><em>Hablar de las fiestas tambi\u00e9n es hablar de cultura. Teatros, conciertos, cabalgatas, Carnavales, actividades infantiles&#8230; Y \u00a0cuando surge el recuerdo, inevitablemente hay dos figuras que aparecen en el escenario: Fuencisla Moreno \u00a0y este que os habla, que durante muchos a\u00f1os planificaron, programaron y organizaron \u00a0infinidad de actividades culturales y festivas para todos los atarfe\u00f1os y visitantes. \u00a0Un trabajo humilde, constante, tenaz, perseverante. Ha sido un privilegio participar en tantos eventos que suscitan emoci\u00f3n en la memoria de nuetros vecinos. \u00a0Quiero desde aqu\u00ed dar las gracias al equipo del Centro Cultural Medina Elvira por su entrega y compromiso durante todo este tiempo: a Jos\u00e9 Luis Chamorro, V\u00edctor Rueda, Francis \u201cRami\u00f3n\u201d, David Rajoy y Jose Prieto, y a nuestra entra\u00f1able bibliotecaria, que ha compartido con nosotros este viaje: Pilar Fern\u00e1ndez Almenara.<\/em><\/p>\n<p style=\"text-align: justify;\"><em>Doy ahora un salto en el tiempo, pues para m\u00ed es inevitable hablar de Radio Il\u00edberis, que ha cambiado \u00a0mi apodo de \u00c1ngel el de la Ceniza, \u00a0por \u00a0el de \u00c1ngel el de la Radio.<\/em><\/p>\n<p style=\"text-align: justify;\"><em>Me traslado a marzo del 87, cuando Manolo Codina, por aqu\u00e9l entonces Concejal de Cultura, ide\u00f3 una radio municipal y con ese objetivo se organiz\u00f3 un grupo de j\u00f3venes que comenzaron la aventura. Cuanta ilusi\u00f3n!!! Cuanta energ\u00eda!!! Cuanta creatividad!!! La radio propici\u00f3 en aquellos j\u00f3venes la necesidad de \u00a0buscar m\u00e1s formaci\u00f3n, m\u00e1s conocimiento, con el objetivo personal de realizar programas con sentido, dignos, de nivel. Radio Il\u00edberis abri\u00f3 las puertas al respeto, a la diversidad, a la reflexi\u00f3n y al debate. Fu\u00e9, durante varias \u00a0d\u00e9cadas, un hervidero de locutores y un punto de encuentro de amigos.<\/em><\/p>\n<p style=\"text-align: justify;\"><em>Vaya mi cari\u00f1o y mi abrazo a Mario Casado, y su \u201cM\u00fasica para el recuerdo\u201d.<\/em><\/p>\n<p style=\"text-align: justify;\"><em>A Miguel y Jes\u00fas Rosillo con su \u201cAtarfe deportivo\u201d. Cuantas peripecias para retransmitir los partidos del Atarfe Industrial. Impensable visto desde este tiempo. Miguel con un rollo de 150 metros de cable de tel\u00e9fono para poder conectar y narrar en directo los partidos. Toda una odisea.<\/em><\/p>\n<p style=\"text-align: justify;\"><em>Y a Francis Lucena, siempre en el control.<\/em><\/p>\n<p style=\"text-align: justify;\"><em>En Radio Iliberis brotaron infinidad de iniciativas:<\/em><\/p>\n<ul style=\"text-align: justify;\">\n<li><em>El Atarfe Vega Rock con el empuje de V\u00edctor Rajoy y Paco Alijarte y su programa \u201cDiablo Latino\u201d.<\/em><\/li>\n<li><em>La carrera nocturna, con Manolo Gordo y Manolo Campos.<\/em><\/li>\n<li><em>El Festival de Jazz en el Lago, con Carlos, el polic\u00eda municipal.<\/em><\/li>\n<\/ul>\n<p style=\"text-align: justify;\"><em>La carrera por monta\u00f1a con Jos\u00e9 Manuel Peula y Rosa Cervera, cuantas alegr\u00edas, y tambi\u00e9n algunos malos ratos. Cuanto trabajo por Sierra Elvira, con la m\u00e1xima de acercar nuestra sierra a los atarfe\u00f1os, pues siempre hemos pensado que si conoces la sierra, la quieres y la cuidas. Qu\u00e9 pena que la barbarie desoladora de la ignorancia ha calcinado nuestra Sierra Elvira!!! Manolo, Paquillo y Rodolfo, cuantas horas balizando la sierra y las calles para las carreras!<\/em><\/p>\n<p style=\"text-align: justify;\"><em>Jos\u00e9 Luis Alcuace y su lista \u201cHit 25\u201d, m\u00e1s de veinte a\u00f1os en antena todos los s\u00e1bados, y ahora, presentador generoso de todas las actividades programadas en Atarte.<\/em><\/p>\n<p style=\"text-align: justify;\"><em>Jos\u00e9 Miguel D\u00edaz y sus carism\u00e1ticos monogr\u00e1ficos de grupos nacionales e internacionales.<\/em><\/p>\n<p style=\"text-align: justify;\"><em>Tambi\u00e9n es obligado reconocer el trabajo y colaboraci\u00f3n de \u00d3scar Granados, Pepi T\u00e9llez, de Susana Marruecos, \u00a0de los hermanos Vaquero, de Enrique Reyes, de Mari\u00e1ngeles Mart\u00edn, de Mar\u00eda Jos\u00e9 Maldonado, de Mariana y su mariposa azul, del Curri, de Pepe Herrera, de Paquillo Navarro, de Jer\u00f3nimo, de Emilio, de Sonia Casado, y de mi sobrino Javier, mi r\u00e9mora cari\u00f1osa, y un largo listado de amigos y componentes que tuvieron un empuje transformador en la juventud de Atarfe.<\/em><\/p>\n<p style=\"text-align: justify;\"><em>La radio sigue, se acerca a los cuarenta a\u00f1os en antena, nuevos tiempos, nuevas f\u00f3rmulas, nuevos rumbos, y as\u00ed, como la vida, la radio contin\u00faa.<\/em><\/p>\n<p style=\"text-align: justify;\"><em>Si la radio ha sido importante \u00a0en mi vida, qu\u00e9 decir de mi familia. De toda mi familia. Lo noble, lo sensato, lo agradecido, el deseo de superaci\u00f3n, el equilibrio \u00a0emocional, todo se lo debo a ellos. A mi mujer y a mis hijos, gracias por hacer que \u00a0la vida sea \u00a0tan bella. Ahora, la familia ha aumentado con una princesita llena de energ\u00eda y alegr\u00eda, que es un encanto, mi nieta Daniela.<\/em><\/p>\n<p style=\"text-align: justify;\"><em>Hablo de mi nieta e inevitablemente pienso en el futuro. A muchos de los ni\u00f1os de los \u00a0setenta se nos ped\u00eda como un logro obtener los estudios primarios o la EGB. Hoy hace falta que cada joven \u00a0tenga una carrera universitaria, y si puede ser dos, mejor. Es imperativo m\u00e1s conocimiento, m\u00e1s educaci\u00f3n, porque el futuro siempre viene con sorpresas y es necesario estar muy preparados para poder encontrar las respuestas.<\/em><\/p>\n<p style=\"text-align: justify;\"><em>Precisamos mucha cultura y mucha formaci\u00f3n para defender y mejorar \u00a0todo lo conseguido. Somos un pueblo cada vez m\u00e1s culto, un pueblo trabajador, un pueblo educado. Hay profundas razones para creer que estamos en el buen camino. \u00a0Solo con mirar al pasado con mente clara, objetiva y sin grumos, entenderemos que no estamos equivocados. Hay que seguir trabajando para desarrollar m\u00e1s razonamiento, m\u00e1s claridad autocr\u00edtica y m\u00e1s sentido com\u00fan, hay que seguir preservando lo que hemos conseguido, pues hay tan poca gente que lo ha tenido antes \u2026.<\/em><\/p>\n<p style=\"text-align: justify;\"><em>Atarfe es un hermoso lugar para vivir, aunque a veces tengamos que decir todo lo contrario. Cuando pienso en el enorme trabajo de tantas y tantas \u00a0personas que se esforzaron y se esfuerzan por tener un pueblo como este, en los sudores que les cost\u00f3 a nuestros abuelos y padres que tuvi\u00e9ramos una buena educaci\u00f3n, porque quer\u00edan lo mejor para nosotros, c\u00f3mo no estar agradecidos por todo ello, c\u00f3mo no estar agradecidos por los valores que nos inculcaron: respeto, generosidad, la convivencia, paz. En estos d\u00edas de fiesta hay que compartir risas, alegr\u00eda, abrazos y recuerdos, pues es la mejor forma de decirles, est\u00e9n donde est\u00e9n, que sus esfuerzos merecieron la pena.<\/em><\/p>\n<p style=\"text-align: justify;\"><em>Ahora, cuando la fiestas reclaman nuestra atenci\u00f3n, ha llegado \u00a0el momento de callar y a m\u00ed solo me queda daros las gracias \u00a0por vuestra atenci\u00f3n y desearos<\/em><\/p>\n<p style=\"text-align: justify;\"><em>Salud, amistad y alegr\u00eda, y<\/em><\/p>\n<p style=\"text-align: justify;\">\u00a0<\/p>\n<p style=\"text-align: justify;\"><em><strong>\u00a0\u00a0\u00a0\u00a0\u00a0\u00a0\u00a0\u00a0\u00a0\u00a0\u00a0\u00a0\u00a0\u00a0\u00a0\u00a0\u00a0\u00a0\u00a0\u00a0\u00a0\u00a0\u00a0\u00a0\u00a0\u00a0\u00a0\u00a0\u00a0FELICES FIESTAS<\/strong><\/em><\/p>\n","protected":false},"excerpt":{"rendered":"<p>Hace ya muchos a\u00f1os que la Gacetilla y curiosidades elvirenses de Jos\u00e9 Enrique Granados hab\u00eda&#8230;<\/p>\n","protected":false},"author":1,"featured_media":70763,"comment_status":"closed","ping_status":"closed","sticky":false,"template":"","format":"standard","meta":{"_coblocks_attr":"","_coblocks_dimensions":"","_coblocks_responsive_height":"","_coblocks_accordion_ie_support":"","jetpack_post_was_ever_published":false,"_jetpack_newsletter_access":"","_jetpack_dont_email_post_to_subs":false,"_jetpack_newsletter_tier_id":0,"_jetpack_memberships_contains_paywalled_content":false,"_jetpack_memberships_contains_paid_content":false,"footnotes":"","jetpack_publicize_message":"","jetpack_publicize_feature_enabled":true,"jetpack_social_post_already_shared":true,"jetpack_social_options":{"image_generator_settings":{"template":"highway","default_image_id":0,"enabled":false},"version":2}},"categories":[6916,1161,44],"tags":[],"class_list":["post-70762","post","type-post","status-publish","format-standard","has-post-thumbnail","hentry","category-ayuntamiento-de-atarfe","category-ciudadania","category-noticias-de-hoy"],"jetpack_publicize_connections":[],"jetpack_featured_media_url":"https:\/\/i0.wp.com\/miradordeatarfe.es\/wp-content\/uploads\/2024\/07\/452753981_994065996060216_104980058804567939_n.jpg?fit=1440%2C962&ssl=1","jetpack_likes_enabled":true,"jetpack_sharing_enabled":true,"_links":{"self":[{"href":"https:\/\/miradordeatarfe.es\/index.php?rest_route=\/wp\/v2\/posts\/70762","targetHints":{"allow":["GET"]}}],"collection":[{"href":"https:\/\/miradordeatarfe.es\/index.php?rest_route=\/wp\/v2\/posts"}],"about":[{"href":"https:\/\/miradordeatarfe.es\/index.php?rest_route=\/wp\/v2\/types\/post"}],"author":[{"embeddable":true,"href":"https:\/\/miradordeatarfe.es\/index.php?rest_route=\/wp\/v2\/users\/1"}],"replies":[{"embeddable":true,"href":"https:\/\/miradordeatarfe.es\/index.php?rest_route=%2Fwp%2Fv2%2Fcomments&post=70762"}],"version-history":[{"count":1,"href":"https:\/\/miradordeatarfe.es\/index.php?rest_route=\/wp\/v2\/posts\/70762\/revisions"}],"predecessor-version":[{"id":70764,"href":"https:\/\/miradordeatarfe.es\/index.php?rest_route=\/wp\/v2\/posts\/70762\/revisions\/70764"}],"wp:featuredmedia":[{"embeddable":true,"href":"https:\/\/miradordeatarfe.es\/index.php?rest_route=\/wp\/v2\/media\/70763"}],"wp:attachment":[{"href":"https:\/\/miradordeatarfe.es\/index.php?rest_route=%2Fwp%2Fv2%2Fmedia&parent=70762"}],"wp:term":[{"taxonomy":"category","embeddable":true,"href":"https:\/\/miradordeatarfe.es\/index.php?rest_route=%2Fwp%2Fv2%2Fcategories&post=70762"},{"taxonomy":"post_tag","embeddable":true,"href":"https:\/\/miradordeatarfe.es\/index.php?rest_route=%2Fwp%2Fv2%2Ftags&post=70762"}],"curies":[{"name":"wp","href":"https:\/\/api.w.org\/{rel}","templated":true}]}}