{"id":70785,"date":"2024-08-09T08:58:53","date_gmt":"2024-08-09T06:58:53","guid":{"rendered":"https:\/\/miradordeatarfe.es\/?p=70785"},"modified":"2024-08-08T19:18:50","modified_gmt":"2024-08-08T17:18:50","slug":"el-desplome-de-la-leyenda-puigdemont","status":"publish","type":"post","link":"https:\/\/miradordeatarfe.es\/?p=70785","title":{"rendered":"El desplome de la leyenda Puigdemont"},"content":{"rendered":"<div class=\"a_e_txt _df\">\n<h3 class=\"a_st\" style=\"text-align: justify;\">No es veros\u00edmil que pretenda ungir con corona de espinas el digamos martirio sufrido, nadie se lo exige. Parece m\u00e1s bien que ha quedado atrapado por sus propias promesas.<\/h3>\n<\/div>\n<div class=\"a_c clearfix\" data-dtm-region=\"articulo_cuerpo\">\n<p class=\"\" style=\"text-align: justify;\">Hasta aqu\u00ed ha llegado la leyenda <a href=\"https:\/\/elpais.com\/noticias\/carles-puigdemont\/\" target=\"_blank\" rel=\"noopener\" data-link-track-dtm=\"\" data-mrf-link=\"https:\/\/elpais.com\/noticias\/carles-puigdemont\/\">Puigdemont<\/a>. El hijo de los pasteleros de Amer forj\u00f3 el relato de su trayectoria como si fuera un <i>outsider<\/i> o marginado del sistema, un poliz\u00f3n principialista, un heterodoxo conspicuo, un rebelde perif\u00e9rico a la \u00e9lite pol\u00edtica, contra la que sol\u00eda cosechar triunfos que parec\u00edan imposibles escapando a toda asechanza y peligro.<\/p>\n<p class=\"\" style=\"text-align: justify;\">Pero \u00e9l mismo ha sido parte nuclear del <i>establishment, <\/i>de la clase dirigente. Periodista local agudo y mimado por su p\u00fablico, fue alcalde de Girona durante cinco a\u00f1os, diputado auton\u00f3mico, presidente de la Generalitat y eurodiputado en Estrasburgo, qu\u00e9 m\u00e1s quieren.<\/p>\n<aside class=\"a_ei\">\n<header class=\"a_ei_h _db\">M\u00e1s informaci\u00f3n<\/header>\n<div class=\"a_ei_r _g _g-xs \"><a class=\"a_ei_t\" href=\"https:\/\/elpais.com\/espana\/2024-08-08\/ultima-hora-de-la-actualidad-politica-en-directo.html#?rel=mas_sumario\" rel=\"\" data-link-track-dtm=\"\" data-mrf-link=\"https:\/\/elpais.com\/espana\/2024-08-08\/ultima-hora-de-la-actualidad-politica-en-directo.html\">Las reacciones a la vuelta de Puigdemont, en directo <\/a><\/div>\n<\/aside>\n<p class=\"\" style=\"text-align: justify;\">Pero aun\u00f3 la suficiente retranca t\u00e1ctica como para convertir su trasterramiento en exilio. Para considerarse <i>president leg\u00edtim<\/i> pese a haber votado a sus sucesores, el vacuo Quim Torra y el digno Pere Aragon\u00e8s. Para proclamarse dem\u00f3crata incorruptible, pero cultivando al tiempo al pretendiente carlista. Para desnaturalizar su defensa de las instituciones catalanas mediante una <a href=\"https:\/\/elpais.com\/espana\/catalunya\/2024-08-06\/illa-afronta-el-ultimo-tramite-de-su-investidura-con-las-incognitas-sobre-el-regreso-de-puigdemont.html\" target=\"_blank\" rel=\"noopener\" data-link-track-dtm=\"\" data-mrf-link=\"https:\/\/elpais.com\/espana\/catalunya\/2024-08-06\/illa-afronta-el-ultimo-tramite-de-su-investidura-con-las-incognitas-sobre-el-regreso-de-puigdemont.html\">contraprogramaci\u00f3n a la investidura de Salvador Illa<\/a>: este desacato al Parlament \u2014con reminiscencias al Capitolio de Washington, en versi\u00f3n pac\u00edfica y menestral\u2014 cuando se dispon\u00eda a nombrar a un rival quiz\u00e1 convertido en peligro porque jam\u00e1s se avino a implorarle apoyo en la ruta de Waterloo, pero defendi\u00f3 amnistiarlo.<\/p>\n<p class=\"\" style=\"text-align: justify;\">Un hombre en suma que se ufanaba de estar desligado de cualquier autoridad de partido, tras a\u00f1os de sumisi\u00f3n al pujolista. Solo sometido a s\u00ed mismo, ni siquiera a la disciplina de Junts o del fantasmal Consell de la Rep\u00fablica. Y que ha predicado \u00e9tica a raudales, pero desde la suficiente laxitud como para mantener la <a href=\"https:\/\/elpais.com\/espana\/elecciones-catalanas\/2024-03-31\/los-pesos-pesados-de-junts-rivalizan-para-colarse-en-la-lista-de-puigdemont.html\" target=\"_blank\" rel=\"noopener\" data-link-track-dtm=\"\" data-mrf-link=\"https:\/\/elpais.com\/espana\/elecciones-catalanas\/2024-03-31\/los-pesos-pesados-de-junts-rivalizan-para-colarse-en-la-lista-de-puigdemont.html\">fidelidad al clan Pujol o la protecci\u00f3n a la convicta Laura Borr\u00e0s<\/a>: todo mientras pasasen el cedazo del apoyo a su causa, la tabla impl\u00edcita de la ley.<\/p>\n<p class=\"\" style=\"text-align: justify;\">Arraiga la leyenda Puigdemont en la urdimbre de tres personajes m\u00edticos. Hereda del mago Houdini, aquel maestro del escapismo que se zafaba de ataduras, cadenas y esposas, una singular habilidad t\u00e1ctica. Ducha en adaptarse al cambio de rasante con vericuetos ret\u00f3ricos que parecen obedecer a designios del Viejo Testamento: aunque cohabite con una impenetrabilidad u oscuridad estrat\u00e9gica que suele desconcertar. Un c\u00f3ctel que irrita graciosamente a la pl\u00e9yade de comentaristas del nacionalismo espa\u00f1ol m\u00e1s rancio, incapaz de glosarlo con condimento distinto a la zafiedad o el insulto.<\/p>\n<p class=\"\" style=\"text-align: justify;\">Absorbe del fascinante bandolero Perot Rocaguinarda (Perot <i>lo lladre<\/i>) que Miguel de Cervantes retrat\u00f3 literariamente como Roque Ginart (al que seguramente conoci\u00f3 y del que qued\u00f3 prendado) el dominio de los l\u00edmites entre los universos legal, alegal y directamente ilegal. Aquel servidor de los <i>nyerros<\/i>, facci\u00f3n de la nobleza inc\u00f3moda del siglo XVII, aquel aventurero que dialoga con Quijote, supo asaltar palacios obispales, caminos de Barcelona a Girona y carruajes an\u00f3nimos: pero tambi\u00e9n obtener el perd\u00f3n del virrey y enrolarse en los tercios de Flandes. Depend\u00eda.<\/p>\n<p class=\"\" style=\"text-align: justify;\">La clave del disc\u00edpulo ha residido en demostrar que existi\u00f3 siempre un enemigo externo peor que todos los posibles, incluido \u00e9l mismo; o al menos, sugerir \u2014convincentemente para muchos\u2014 la suficiente apariencia de su pretendida existencia. Y as\u00ed supo colocar en el disparadero a Mariano Rajoy, como el paradigma porfiado del no-dialogante que precipit\u00f3 el refer\u00e9ndum ilegal del 1-O de 2017. Cabalg\u00f3 sobre Esquerra mientras pudo domesticarla y era una gloria de esclava, pero la declar\u00f3 traidora en sus libros cuando vol\u00f3 por su cuenta, y se troc\u00f3 en infernal. Ensalz\u00f3 a Europa si sus resoluciones jur\u00eddicas le conven\u00edan, y denigr\u00f3 a la UE cuando le perjudicaban. Y deslind\u00f3, acu\u00f1ando con \u00fatiles lemas propagand\u00edsticos el Nosotros de pueblo elegido, <i>un sol poble<\/i>, del execrable Ellos (los del \u201ca por ellos\u201d del 1-O y todos sus paisanos). A veces concretaba en alguna casta de los cuerpos extractivos del Estado: <i>\u201cla toga nostra\u201d.<\/i> En ocasiones globalizaba todos los males al entero <i>Estat;<\/i> en contadas ocasiones, a <i>Espanya.<\/i><\/p>\n<p class=\"\" style=\"text-align: justify;\">La leyenda del hijo de Amer ha heredado tambi\u00e9n alguna traza \u00e9pica del personaje cinematogr\u00e1fico encarnado por David Janssen (recuerden sus inmensas orejas) en <i>El fugitivo, <\/i>aquella serie televisiva de los a\u00f1os sesenta. El prota, un m\u00e9dico condenado por matar a su esposa, se zaf\u00f3 de la justicia para convertirse en un nuevo holand\u00e9s errante condenado a vagar eternamente, siempre en el filo de la navaja, siempre sorteando todos los riesgos del camino a ninguna parte.<\/p>\n<p class=\"\" style=\"text-align: justify;\">Parecido periplo el de Carles Puigdemont: cambiando de coche el d\u00eda del refer\u00e9ndum; escapando a Francia tras la declaraci\u00f3n de independencia; esquivando las euro\u00f3rdenes del juez Llarena; soportando detenciones ef\u00edmeras en Alemania o en Italia; experimentando una accidentada toma de posesi\u00f3n en Estrasburgo\u2026 Huyendo, el verdadero<i> fugitivo.<\/i> Hasta que logr\u00f3 demostrar que el asesino era otro.<\/p>\n<p class=\"\" style=\"text-align: justify;\">El final de la <i>leyenda Puigdemont<\/i> quiz\u00e1 no sea tan favorable, pese a los <a href=\"https:\/\/elpais.com\/espana\/2024-08-08\/ultima-hora-de-la-actualidad-politica-en-directo.html\" target=\"_blank\" rel=\"noopener\" data-link-track-dtm=\"\" data-mrf-link=\"https:\/\/elpais.com\/espana\/2024-08-08\/ultima-hora-de-la-actualidad-politica-en-directo.html\">oropeles y banderas de la ma\u00f1ana de este jueves bajo el Arco de triunfo barcelon\u00e9s.<\/a> Parece dilapidar el capital pol\u00edtico que acumul\u00f3 defendiendo que el llamado \u201cexilio\u201d de siete duros a\u00f1os era m\u00e1s \u00fatil que el sufrir dur\u00edsimo encarcelamiento, porque le dejaba m\u00e1s capacidad de acci\u00f3n para demostrar la bondad de la causa indepe y la maldad del Estado: y as\u00ed su c\u00edrculo denost\u00f3 al rival\u00edsimo Oriol Junqueras, como timorato e ineficaz. Apuntarse ahora, p\u00f3stumamente, a su carro sin otro argumento que la inaplicaci\u00f3n de la amnist\u00eda requiere confrontaci\u00f3n parece raz\u00f3n leve, por cuanto llevaba siete a\u00f1os, o m\u00e1s, confrontando. Y dispone de todos los recursos para defenderse.<\/p>\n<p class=\"\" style=\"text-align: justify;\">No es veros\u00edmil que Puigdemont pretenda ungir con corona de espinas el digamos martirio sufrido, nadie se lo exige. Parece m\u00e1s bien que ha quedado atrapado por sus propias promesas. Jur\u00f3 su retorno como palanca electoral para recuperar el cetro de la Generalitat, y ahora, una vez perdido en buena lid, no dispon\u00eda de otra salida honrosa alternativa para incumplir lo anunciado. Como se ha dicho de Houdini, qued\u00f3 atrapado en su cuerda.<\/p>\n<p class=\"\" style=\"text-align: justify;\">Lo m\u00e1s lesivo para esta leyenda declinante, aunque de intenso colorido, es un efecto que muchos celebrar\u00e1n: su desplome rubrica que la unidad independentista, se\u00f1uelo que esgrimi\u00f3 en su intento por recuperar el poder, ha quedado del todo desarticulada. Al dirigir su \u00faltima procesi\u00f3n contra un pacto de sus antiguos mayordomos republicanos con los sempiternos rivales socialistas, el propio Cid de Waterloo sepulta con siete llaves el f\u00e9retro del <i>proc\u00e9s<\/i>.<\/p>\n<p><a class=\"a_md_a_n\" title=\"Ver todas las noticias de Xavier Vidal-Folch\" href=\"https:\/\/elpais.com\/autor\/xavier-vidal-folch\/#?rel=author_top\" data-mrf-link=\"https:\/\/elpais.com\/autor\/xavier-vidal-folch\/\"><strong>Xavier Vidal-Folch<\/strong><\/a><\/p>\n<p>FOTO:El &#8216;expresident&#8217; Carles Puigdemont, este jueves en Barcelona, tras su retorno a Espa\u00f1a.<span class=\"a_m_m\">Foto: EMILIO MORENATTI (AP\/LAPRESSE) | EPV | V \u00eddeo: REUTERS<\/span><\/p>\n<div class=\"a_md _g _g-xs \">\n<div class=\"a_md_txt\">\n<div class=\"a_md_a\" data-dtm-region=\"articulo_firma\">https:\/\/elpais.com\/espana\/2024-08-08\/el-desplome-de-la-leyenda-puigdemont.html<\/div>\n<\/div>\n<\/div>\n<\/div>\n","protected":false},"excerpt":{"rendered":"<p>No es veros\u00edmil que pretenda ungir con corona de espinas el digamos martirio sufrido, nadie&#8230;<\/p>\n","protected":false},"author":1,"featured_media":70786,"comment_status":"closed","ping_status":"closed","sticky":false,"template":"","format":"standard","meta":{"_coblocks_attr":"","_coblocks_dimensions":"","_coblocks_responsive_height":"","_coblocks_accordion_ie_support":"","jetpack_post_was_ever_published":false,"_jetpack_newsletter_access":"","_jetpack_dont_email_post_to_subs":false,"_jetpack_newsletter_tier_id":0,"_jetpack_memberships_contains_paywalled_content":false,"_jetpack_memberships_contains_paid_content":false,"footnotes":"","jetpack_publicize_message":"","jetpack_publicize_feature_enabled":true,"jetpack_social_post_already_shared":true,"jetpack_social_options":{"image_generator_settings":{"template":"highway","default_image_id":0,"enabled":false},"version":2}},"categories":[1161,44,7671,6937],"tags":[],"class_list":["post-70785","post","type-post","status-publish","format-standard","has-post-thumbnail","hentry","category-ciudadania","category-noticias-de-hoy","category-politica","category-sociedad"],"jetpack_publicize_connections":[],"jetpack_featured_media_url":"https:\/\/i0.wp.com\/miradordeatarfe.es\/wp-content\/uploads\/2024\/08\/Screenshot-2024-08-08-at-19-00-04-El-desplome-de-la-leyenda-Puigdemont-Espana-EL-PAIS1.png?fit=552%2C321&ssl=1","jetpack_likes_enabled":true,"jetpack_sharing_enabled":true,"_links":{"self":[{"href":"https:\/\/miradordeatarfe.es\/index.php?rest_route=\/wp\/v2\/posts\/70785","targetHints":{"allow":["GET"]}}],"collection":[{"href":"https:\/\/miradordeatarfe.es\/index.php?rest_route=\/wp\/v2\/posts"}],"about":[{"href":"https:\/\/miradordeatarfe.es\/index.php?rest_route=\/wp\/v2\/types\/post"}],"author":[{"embeddable":true,"href":"https:\/\/miradordeatarfe.es\/index.php?rest_route=\/wp\/v2\/users\/1"}],"replies":[{"embeddable":true,"href":"https:\/\/miradordeatarfe.es\/index.php?rest_route=%2Fwp%2Fv2%2Fcomments&post=70785"}],"version-history":[{"count":4,"href":"https:\/\/miradordeatarfe.es\/index.php?rest_route=\/wp\/v2\/posts\/70785\/revisions"}],"predecessor-version":[{"id":70794,"href":"https:\/\/miradordeatarfe.es\/index.php?rest_route=\/wp\/v2\/posts\/70785\/revisions\/70794"}],"wp:featuredmedia":[{"embeddable":true,"href":"https:\/\/miradordeatarfe.es\/index.php?rest_route=\/wp\/v2\/media\/70786"}],"wp:attachment":[{"href":"https:\/\/miradordeatarfe.es\/index.php?rest_route=%2Fwp%2Fv2%2Fmedia&parent=70785"}],"wp:term":[{"taxonomy":"category","embeddable":true,"href":"https:\/\/miradordeatarfe.es\/index.php?rest_route=%2Fwp%2Fv2%2Fcategories&post=70785"},{"taxonomy":"post_tag","embeddable":true,"href":"https:\/\/miradordeatarfe.es\/index.php?rest_route=%2Fwp%2Fv2%2Ftags&post=70785"}],"curies":[{"name":"wp","href":"https:\/\/api.w.org\/{rel}","templated":true}]}}