{"id":70789,"date":"2024-08-08T09:11:23","date_gmt":"2024-08-08T07:11:23","guid":{"rendered":"https:\/\/miradordeatarfe.es\/?p=70789"},"modified":"2024-09-30T15:51:04","modified_gmt":"2024-09-30T13:51:04","slug":"manolo-el-lobo-y-pinos-puente-por-juan-de-dios-villanueva","status":"publish","type":"post","link":"https:\/\/miradordeatarfe.es\/?p=70789","title":{"rendered":"\u00abManolo &#8216;el Lobo&#8217; y Pinos Puente\u00bb por Juan de Dios Villanueva"},"content":{"rendered":"<h3 style=\"text-align: justify;\">El Pinos m\u00e1s entra\u00f1able a trav\u00e9s de su l\u00edrica popular&#8217; es uno de los \u00faltimos libros nacidos en nuestra provincia con vocaci\u00f3n de mantener la cultura del pueblo y proyectarla hacia el futuro.<\/h3>\n<p style=\"text-align: justify;\">Los tiempos ya no son lo que eran, por eso es imprescindible grabar los or\u00edgenes, los fundamentos, la esencia de las tradiciones que tal vez dejaron de serlo, desaparecieron porque las nuevas generaciones no llegaron a valorarlas, no supieron encontrarse en ellas o pensaron que ahora ya todas las gentes vienen del mismo sitio y todos somos iguales.<\/p>\n<p style=\"text-align: justify;\">Manolo Mart\u00edn, &#8216;El Lobo&#8217;, nos obsequia con abundantes coplillas, llenas de humor y sarcasmo, llenas de verdades de otros tiempos, no muy lejanos o centenarios, nacidas en el alma de los pineros peteneros, que acuden a uno de sus vecinos m\u00e1s universales de cuando en cuando. Es gozoso leer y a veces casi cantar las quintillas, las rimas, las coplillas que Mart\u00edn Lafuente ha recogido en este hermoso libro con el que pretende algo muy sencillo: el disfrute de sus lectores y mantener vivos a trav\u00e9s de la palabra escrita canciones, romances, leyendas cantados por murguistas, comparsas y chirigoteros, como dice Francisco Vaquero en el pr\u00f3logo de esa obra publicada por la Editorial Acentuarte, dividida en coplas sat\u00edrico picarescas, picantonas, cachondas, socio-pol\u00edticas, jocosas y religiosas.<\/p>\n<p style=\"text-align: justify;\">La cultura de un pueblo es como la encina, siempre vuelve a brotar, por mucho que se la tale sus ra\u00edces est\u00e1n ah\u00ed; y cada uno de nuestros pueblos nos explica a nosotros mismos desde sus ra\u00edces. Abandonar esta cultura es pretender convertirnos en simples aves de paso sin destino y sin origen. Este maestro de adultos sigue con su labor de manera incansable.<\/p>\n<p>FOTO: Ayuntamiento de Pinos Puente<\/p>\n","protected":false},"excerpt":{"rendered":"<p>El Pinos m\u00e1s entra\u00f1able a trav\u00e9s de su l\u00edrica popular&#8217; es uno de los \u00faltimos&#8230;<\/p>\n","protected":false},"author":1,"featured_media":70791,"comment_status":"closed","ping_status":"closed","sticky":false,"template":"","format":"standard","meta":{"_coblocks_attr":"","_coblocks_dimensions":"","_coblocks_responsive_height":"","_coblocks_accordion_ie_support":"","jetpack_post_was_ever_published":false,"_jetpack_newsletter_access":"","_jetpack_dont_email_post_to_subs":false,"_jetpack_newsletter_tier_id":0,"_jetpack_memberships_contains_paywalled_content":false,"_jetpack_memberships_contains_paid_content":false,"footnotes":"","jetpack_publicize_message":"","jetpack_publicize_feature_enabled":true,"jetpack_social_post_already_shared":true,"jetpack_social_options":{"image_generator_settings":{"template":"highway","default_image_id":0,"enabled":false},"version":2}},"categories":[9772,44,6937],"tags":[],"class_list":["post-70789","post","type-post","status-publish","format-standard","has-post-thumbnail","hentry","category-opinion-de-juan-de-dios-villanueva","category-noticias-de-hoy","category-sociedad"],"jetpack_publicize_connections":[],"jetpack_featured_media_url":"https:\/\/i0.wp.com\/miradordeatarfe.es\/wp-content\/uploads\/2024\/08\/141192448_1713034662209756_2735702456450628641_n-1.jpg?fit=526%2C701&ssl=1","jetpack_likes_enabled":true,"jetpack_sharing_enabled":true,"_links":{"self":[{"href":"https:\/\/miradordeatarfe.es\/index.php?rest_route=\/wp\/v2\/posts\/70789","targetHints":{"allow":["GET"]}}],"collection":[{"href":"https:\/\/miradordeatarfe.es\/index.php?rest_route=\/wp\/v2\/posts"}],"about":[{"href":"https:\/\/miradordeatarfe.es\/index.php?rest_route=\/wp\/v2\/types\/post"}],"author":[{"embeddable":true,"href":"https:\/\/miradordeatarfe.es\/index.php?rest_route=\/wp\/v2\/users\/1"}],"replies":[{"embeddable":true,"href":"https:\/\/miradordeatarfe.es\/index.php?rest_route=%2Fwp%2Fv2%2Fcomments&post=70789"}],"version-history":[{"count":1,"href":"https:\/\/miradordeatarfe.es\/index.php?rest_route=\/wp\/v2\/posts\/70789\/revisions"}],"predecessor-version":[{"id":70792,"href":"https:\/\/miradordeatarfe.es\/index.php?rest_route=\/wp\/v2\/posts\/70789\/revisions\/70792"}],"wp:featuredmedia":[{"embeddable":true,"href":"https:\/\/miradordeatarfe.es\/index.php?rest_route=\/wp\/v2\/media\/70791"}],"wp:attachment":[{"href":"https:\/\/miradordeatarfe.es\/index.php?rest_route=%2Fwp%2Fv2%2Fmedia&parent=70789"}],"wp:term":[{"taxonomy":"category","embeddable":true,"href":"https:\/\/miradordeatarfe.es\/index.php?rest_route=%2Fwp%2Fv2%2Fcategories&post=70789"},{"taxonomy":"post_tag","embeddable":true,"href":"https:\/\/miradordeatarfe.es\/index.php?rest_route=%2Fwp%2Fv2%2Ftags&post=70789"}],"curies":[{"name":"wp","href":"https:\/\/api.w.org\/{rel}","templated":true}]}}