{"id":70856,"date":"2024-09-10T11:28:40","date_gmt":"2024-09-10T09:28:40","guid":{"rendered":"https:\/\/miradordeatarfe.es\/?p=70856"},"modified":"2024-09-04T13:40:49","modified_gmt":"2024-09-04T11:40:49","slug":"la-vega-y-las-placas-solares-por-jose-enrique-granados","status":"publish","type":"post","link":"https:\/\/miradordeatarfe.es\/?p=70856","title":{"rendered":"\u00abLA VEGA Y LAS PLACAS SOLARES\u00bb por Jos\u00e9 Enrique Granados"},"content":{"rendered":"<div class=\"html-div xdj266r x11i5rnm xat24cr x1mh8g0r xexx8yu x4uap5 x18d9i69 xkhd6sd\" dir=\"auto\">\n<div id=\":r409:\" class=\"x1iorvi4 x1pi30zi x1l90r2v x1swvt13\" data-ad-comet-preview=\"message\" data-ad-preview=\"message\">\n<div class=\"x78zum5 xdt5ytf xz62fqu x16ldp7u\">\n<div class=\"xu06os2 x1ok221b\">\n<div class=\"xdj266r x11i5rnm xat24cr x1mh8g0r x1vvkbs x126k92a\">\n<h3 dir=\"auto\" style=\"text-align: justify;\">Reproducimos a continuaci\u00f3n el art\u00edculo de opini\u00f3n publicado el pasado 1 de mayo en IDEAL por Javier Navarro G\u00f3mez-Menor y Antolino Gallego Molina, ingeniero de montes y catedr\u00e1tico de F\u00edsica Aplicada de la Universidad de Granada, respectivamente.<\/h3>\n<div dir=\"auto\" style=\"text-align: justify;\">En \u00e9l tratan de poner cordura ante el desatino que supone la implantaci\u00f3n en la Vega de Granada de enormes plantas fotovolt\u00e1icas.<\/div>\n<\/div>\n<div class=\"x11i5rnm xat24cr x1mh8g0r x1vvkbs xtlvy1s x126k92a\">\n<div dir=\"auto\" style=\"text-align: justify;\">\u00a0<\/div>\n<div dir=\"auto\" style=\"text-align: justify;\"><em>&lt;&lt;Todos sabemos que a escala planetaria la cuenca mediterr\u00e1nea es una de las m\u00e1s afectadas por el calentamiento global. En Granada y su entorno lo estamos sufriendo todos los ciudadanos con sequ\u00edas y temperaturas muy altas durante periodos m\u00e1s prolongados, incluso en pleno invierno.<\/em><\/div>\n<div dir=\"auto\" style=\"text-align: justify;\">\u00a0<\/div>\n<div dir=\"auto\" style=\"text-align: justify;\"><em>Ante este problema, la producci\u00f3n de energ\u00edas renovables, solar y e\u00f3lica, se ha mostrado como una importante medida para luchar contra el calentamiento global. En los \u00faltimos meses estamos asistiendo estupefactos a la aparici\u00f3n de una vor\u00e1gine de proyectos de macro-plantas solares en la cuenca media del Genil, que nos afectar\u00e1 a todos.<\/em><\/div>\n<div dir=\"auto\" style=\"text-align: justify;\"><em>El clima de las ciudades y pueblos de la cuenca media del Genil, adem\u00e1s de por su situaci\u00f3n geogr\u00e1fica y por la circulaci\u00f3n general atmosf\u00e9rica, est\u00e1 muy influenciado por la Sierra y la Vega. La primera est\u00e1 ampliamente protegida, pero la Vega, est\u00e1 completamente en peligro, y con ella, nuestra calidad de vida.<\/em><\/div>\n<div dir=\"auto\" style=\"text-align: justify;\">\u00a0<\/div>\n<div dir=\"auto\" style=\"text-align: justify;\"><em>La Vega de Granada, aparte de la importante funci\u00f3n beneficiosa de amortiguaci\u00f3n local del calentamiento global para todos los ciudadanos, tiene un enorme potencial de absorci\u00f3n de emisiones de carbono con actividades tradicionales, algunas de las cuales tienen un enorme potencial para que este carbono quede retenido durante siglos en productos derivados. Sin ir m\u00e1s lejos, el chopo, por una parte, absorbe carbono cuando crece, y por otra, si se usa en las viviendas y construcciones, ayudar\u00e1 a reducir las emisiones de este sector. Pero adem\u00e1s las choperas depuran las aguas, su riego recarga los acu\u00edferos, conservan los suelos, amortiguan las temperaturas, son refugio de biodiversidad, nos proporcionan salud, bienestar f\u00edsico y mental y paisaje. Lo mismo podemos decir de olivares, cultivos de secano y regad\u00edo, huertos, bosques galer\u00eda, etc. Los cultivos de la Vega, adem\u00e1s de mantener empleos locales, nos provisionan de comida de proximidad, con todas las ventajas que esto conlleva.<\/em><\/div>\n<div dir=\"auto\" style=\"text-align: justify;\">\u00a0<\/div>\n<div dir=\"auto\" style=\"text-align: justify;\"><em>Por el contrario, la instalaci\u00f3n masiva de plantas solares (que son valladas) y sus l\u00edneas de evacuaci\u00f3n de energ\u00eda, una vez instaladas apenas dar\u00e1n puestos de trabajo, destruyen el suelo f\u00e9rtil que tarda miles de a\u00f1os en formarse, impiden cualquier atisbo de biodiversidad, destrozan el paisaje (importante para el turismo), aumentan la insolaci\u00f3n y las temperaturas m\u00e1ximas que sufrimos, y por tanto contribuir\u00e1n al conocido efecto isla de calor agravado por nuestra posici\u00f3n orogr\u00e1fica.<\/em><\/div>\n<div dir=\"auto\" style=\"text-align: justify;\">\u00a0<\/div>\n<div dir=\"auto\" style=\"text-align: justify;\"><em>En la lucha contra el cambio clim\u00e1tico hay que actuar con inteligencia. Y destruir un ecosistema terrestre que act\u00faa como gran sumidero de carbono, como es el de la Cuenca del Genil, con grandes beneficios ambientales, con la excusa de poner placas solares que evitan emisiones de carbono, sacrificando a su poblaci\u00f3n, es cuanto menos una acci\u00f3n de nula l\u00f3gica cient\u00edfica.<\/em><\/div>\n<div dir=\"auto\" style=\"text-align: justify;\"><em>Entendemos la utilidad p\u00fablica de muchas actividades impulsadas por los diferentes gobiernos, cuando se expropian terrenos para el beneficio com\u00fan como una autov\u00eda o carretera, una depuradora de aguas residuales. No es f\u00e1cil entender la expropiaci\u00f3n de terrenos a agricultores que quieren seguir cultivando sus tierras, cuando esa expropiaci\u00f3n no es para uso com\u00fan, sino para unas empresas que se compran y se venden dentro de la econom\u00eda del mercado y que lo que persiguen es producir energ\u00eda para exportarla a otros pa\u00edses. El agricultor recibe un pu\u00f1ado de euros, es cierto, pero le quitan su actividad y su modo de vida. \u00bfes justo que esto se haga contra su voluntad, cuando no hay un uso o beneficio com\u00fan? \u00bfNo se estar\u00e1 aplicando esta ley de una manera abusiva? Incluso, \u00bfes razonable que un propietario de tierras reciba ahora una buena cantidad de dinero por no hacer nada, pero que con ello hipoteque el futuro de sus hijos y del territorio de todos?<\/em><\/div>\n<div dir=\"auto\" style=\"text-align: justify;\">\u00a0<\/div>\n<div dir=\"auto\" style=\"text-align: justify;\"><em>Entendemos que determinados ayuntamientos vean en estas instalaciones un alivio para sus arcas p\u00fablicas, con los ingresos que les reportan los beneficios del inicio de la actividad. Pero nuestros representantes p\u00fablicos tienen la obligaci\u00f3n de no hipotecar nuestro futuro ni el de nuestros hijos<\/em><\/div>\n<div dir=\"auto\" style=\"text-align: justify;\"><em>. Y les preguntamos:<\/em><\/div>\n<div dir=\"auto\" style=\"text-align: justify;\"><em>\u00bfSe han parado a pensar se\u00f1ores y se\u00f1oras representantes p\u00fablicos como ser\u00e1 el futuro de los pueblos del entorno de la cuenca del Genil dentro de 25 a\u00f1os cuando las placas est\u00e9n agotadas porque se haya inventado otra tecnolog\u00eda energ\u00e9tica, como por ejemplo el hidr\u00f3geno natural bajo tierra?: campos llenos de chatarra que nadie recoger\u00e1, pero que seguir\u00e1n reflejando el calor y haci\u00e9ndonos la vida insoportable, pueblos inhabitables, suelos yermos, improductivos e irrecuperables que no absorben las radiaciones, biodiversidad perdida, paisajes muertos, la actividad agraria y su cultura olvidada. \u00bfqu\u00e9 ser\u00e1 de nosotros? \u00bfde d\u00f3nde obtendr\u00e1n entonces los ingresos esos ayuntamientos? 25 a\u00f1os pasan muy r\u00e1pido.<\/em><\/div>\n<div dir=\"auto\" style=\"text-align: justify;\"><em>\u00bfRealmente nos hemos puesto a pensar en este futuro que le espera a Granada, a los pueblos de su entorno y a su Vega? \u00bfno estaremos preparando un escenario real y perfecto para rodar una pel\u00edcula de Mad Max?<\/em><\/div>\n<div dir=\"auto\" style=\"text-align: justify;\">\u00a0<\/div>\n<\/div>\n<div class=\"x11i5rnm xat24cr x1mh8g0r x1vvkbs xtlvy1s x126k92a\">\n<div dir=\"auto\"><em>Por favor,<strong> \u00a1paren esta locura!&gt;<\/strong>&gt;<\/em><\/div>\n<\/div>\n<div class=\"x11i5rnm xat24cr x1mh8g0r x1vvkbs xtlvy1s x126k92a\">\n<div dir=\"auto\">\u00a0<\/div>\n<div dir=\"auto\">En la fotograf\u00eda paisaje de la vega de Francisco Carre\u00f1o.<\/div>\n<\/div>\n<div class=\"x11i5rnm xat24cr x1mh8g0r x1vvkbs xtlvy1s x126k92a\">\n<div dir=\"auto\">Gacetilla y curiosidades elvirenses.<\/div>\n<\/div>\n<\/div>\n<\/div>\n<\/div>\n<\/div>\n","protected":false},"excerpt":{"rendered":"<p>Reproducimos a continuaci\u00f3n el art\u00edculo de opini\u00f3n publicado el pasado 1 de mayo en IDEAL&#8230;<\/p>\n","protected":false},"author":1,"featured_media":70857,"comment_status":"closed","ping_status":"closed","sticky":false,"template":"","format":"standard","meta":{"_coblocks_attr":"","_coblocks_dimensions":"","_coblocks_responsive_height":"","_coblocks_accordion_ie_support":"","jetpack_post_was_ever_published":false,"_jetpack_newsletter_access":"","_jetpack_dont_email_post_to_subs":false,"_jetpack_newsletter_tier_id":0,"_jetpack_memberships_contains_paywalled_content":false,"_jetpack_memberships_contains_paid_content":false,"footnotes":"","jetpack_publicize_message":"","jetpack_publicize_feature_enabled":true,"jetpack_social_post_already_shared":true,"jetpack_social_options":{"image_generator_settings":{"template":"highway","default_image_id":0,"enabled":false},"version":2}},"categories":[1161,1225,38,44],"tags":[],"class_list":["post-70856","post","type-post","status-publish","format-standard","has-post-thumbnail","hentry","category-ciudadania","category-ha-de-atarfe","category-opinion-de-jose-enrique-granados","category-noticias-de-hoy"],"jetpack_publicize_connections":[],"jetpack_featured_media_url":"https:\/\/i0.wp.com\/miradordeatarfe.es\/wp-content\/uploads\/2024\/08\/443862253_951150577018425_1882650595299995060_n.jpg?fit=960%2C536&ssl=1","jetpack_likes_enabled":true,"jetpack_sharing_enabled":true,"_links":{"self":[{"href":"https:\/\/miradordeatarfe.es\/index.php?rest_route=\/wp\/v2\/posts\/70856","targetHints":{"allow":["GET"]}}],"collection":[{"href":"https:\/\/miradordeatarfe.es\/index.php?rest_route=\/wp\/v2\/posts"}],"about":[{"href":"https:\/\/miradordeatarfe.es\/index.php?rest_route=\/wp\/v2\/types\/post"}],"author":[{"embeddable":true,"href":"https:\/\/miradordeatarfe.es\/index.php?rest_route=\/wp\/v2\/users\/1"}],"replies":[{"embeddable":true,"href":"https:\/\/miradordeatarfe.es\/index.php?rest_route=%2Fwp%2Fv2%2Fcomments&post=70856"}],"version-history":[{"count":2,"href":"https:\/\/miradordeatarfe.es\/index.php?rest_route=\/wp\/v2\/posts\/70856\/revisions"}],"predecessor-version":[{"id":70948,"href":"https:\/\/miradordeatarfe.es\/index.php?rest_route=\/wp\/v2\/posts\/70856\/revisions\/70948"}],"wp:featuredmedia":[{"embeddable":true,"href":"https:\/\/miradordeatarfe.es\/index.php?rest_route=\/wp\/v2\/media\/70857"}],"wp:attachment":[{"href":"https:\/\/miradordeatarfe.es\/index.php?rest_route=%2Fwp%2Fv2%2Fmedia&parent=70856"}],"wp:term":[{"taxonomy":"category","embeddable":true,"href":"https:\/\/miradordeatarfe.es\/index.php?rest_route=%2Fwp%2Fv2%2Fcategories&post=70856"},{"taxonomy":"post_tag","embeddable":true,"href":"https:\/\/miradordeatarfe.es\/index.php?rest_route=%2Fwp%2Fv2%2Ftags&post=70856"}],"curies":[{"name":"wp","href":"https:\/\/api.w.org\/{rel}","templated":true}]}}