{"id":70904,"date":"2024-09-03T11:11:44","date_gmt":"2024-09-03T09:11:44","guid":{"rendered":"https:\/\/miradordeatarfe.es\/?p=70904"},"modified":"2024-09-03T13:10:39","modified_gmt":"2024-09-03T11:10:39","slug":"septiembre-preludio-de-nuevos-comienzos-por-fran-lopez","status":"publish","type":"post","link":"https:\/\/miradordeatarfe.es\/?p=70904","title":{"rendered":"\u00abSeptiembre, preludio de nuevos comienzos\u00bb por Fran L\u00f3pez"},"content":{"rendered":"<h3 style=\"text-align: justify;\">La claridad del albor comenzaba a vestir de color un nuevo d\u00eda. En el horizonte se atisbaban los primeros rayos de luz, rodeados por un enorme halo refulgente que auguraba una pronta irrupci\u00f3n del sol en escena.<\/h3>\n<p style=\"text-align: justify;\">En este punto, me hubiera gustado decir que una suave brisa marina acariciaba mi rostro, pero, en honor a la verdad, la realidad era mucho menos rom\u00e1ntica. Si alguna r\u00e1faga espor\u00e1dica alcanzaba mi balc\u00f3n, era la provocada por la velocidad il\u00edcita de los veh\u00edculos que circulaban por la v\u00eda que, perpendicular, discurre frente a nuestra vivienda, en una extra\u00f1a competici\u00f3n por ver<br \/>\nqui\u00e9n afronta con mayor agresividad el bad\u00e9n que la preside.<\/p>\n<p style=\"text-align: justify;\">Pero, sin m\u00e1s divagaci\u00f3n, dir\u00e9 que, aprovechando el frescor de la ma\u00f1ana, me encontraba inmerso en la azarosa tarea del desempolvado de las rejas, y fue as\u00ed como mi mente comenz\u00f3 a redactar este art\u00edculo, justo al acordarme de que aquella jornada estren\u00e1bamos mes, y no un mes ordinario: un mes que marca un punto de inflexi\u00f3n en el calendario, SEPTIEMBRE.<\/p>\n<p style=\"text-align: justify;\">Septiembre se vive entre la melancol\u00eda de lo que se va y la vibrante expectativa de lo que est\u00e1 por venir. Es s\u00edmbolo de cierre de la etapa estival que meses atr\u00e1s inaugur\u00e1bamos con ilusi\u00f3n, pero que, a estas alturas, se vive con cierto hartazgo de d\u00edas largos y temperaturas desorbitadas. Comienza, pues, la a\u00f1oranza por un inminente oto\u00f1o que traiga nuevas estampas buc\u00f3licas, junto con temperaturas frescas que inviten a enfrascarse en los farragosos cambios de armario. En definitiva, septiembre, por lo general, es precursor de nuevos comienzos, nuevos retos, nuevas metas, nuevos prop\u00f3sitos e ilusiones renovadas para enfrentar nuevas dichas.<\/p>\n<p><a href=\"https:\/\/i0.wp.com\/miradordeatarfe.es\/wp-content\/uploads\/2024\/09\/istockphoto-1389876696-612x6122-1.jpg?ssl=1\"><img data-recalc-dims=\"1\" loading=\"lazy\" decoding=\"async\" class=\"size-medium wp-image-70927 alignleft\" src=\"https:\/\/i0.wp.com\/miradordeatarfe.es\/wp-content\/uploads\/2024\/09\/istockphoto-1389876696-612x6122-1.jpg?resize=300%2C200&#038;ssl=1\" alt=\"\" width=\"300\" height=\"200\" srcset=\"https:\/\/i0.wp.com\/miradordeatarfe.es\/wp-content\/uploads\/2024\/09\/istockphoto-1389876696-612x6122-1.jpg?resize=300%2C200&amp;ssl=1 300w, https:\/\/i0.wp.com\/miradordeatarfe.es\/wp-content\/uploads\/2024\/09\/istockphoto-1389876696-612x6122-1.jpg?w=612&amp;ssl=1 612w\" sizes=\"auto, (max-width: 300px) 100vw, 300px\" \/><\/a>Este sentir se acent\u00faa en las familias que tenemos hijas e hijos en edad de escolarizaci\u00f3n, as\u00ed como, quienes tienen por dedicaci\u00f3n profesional, el noble arte de la ense\u00f1anza, pues marca el inicio de un nuevo curso escolar. A nivel comunicativo, septiembre tambi\u00e9n trae el inicio de las nuevas temporadas televisivas, radiof\u00f3nicas, period\u00edsticas y, c\u00f3mo no, una nueva temporada del Mirador de Atarfe, siempre y cuando, claro est\u00e1, nuestro coordinador, <strong>Manolo Codina<\/strong>, tenga a bien brind\u00e1rnosla.<\/p>\n<p style=\"text-align: justify;\">Ser\u00eda esta una nueva oportunidad para que servidor vuelva a sentir el s\u00edndrome del impostor que a menudo me fustiga al verme publicado junto a articulistas de la talla de <strong>Remedios S\u00e1nchez<\/strong>, quien deleita con la agudeza de su mirada convertida en fina prosa; del prol\u00edfico y sagaz <strong>Enrique Granados<\/strong>, que nos ayuda con sus escritos a admirar la cultura e historia de nuestro municipio; del sarc\u00e1stico, a la par de elocuente, anal\u00edtico y provocador J<strong>uan de Dios Villanueva Roa<\/strong>, quien ofrece art\u00edculos cargados de actualidad, llenos de respetuosas bravatas y denotando inteligencia; reflexivo y clarividente leemos de cuando en cuando a<strong> Alberto Granados<\/strong>, destacando sus preocupaciones ante la cultura, la actualidad y los problemas de la ciudadan\u00eda, en unas redacciones de lectura sencilla y directa.<\/p>\n<p style=\"text-align: justify;\">\u201cSi quieres ser le\u00eddo, s\u00e9 breve\u201d. Rememorando esta recomendaci\u00f3n que nuestro coordinador me hizo el d\u00eda que me invit\u00f3 a publicar, y no estando seguro de haberlo conseguido, pero s\u00ed de tener carrete como para llevaros al punto del hast\u00edo, voy finalizando este escrito. Lo hago con el anhelo de que, esta nueva temporada del Mirador de Atarfe, podamos volver a recuperar a articulistas locales de la ralea de<strong> Fuencisla Moreno<\/strong>, narradora apasionada, conocedora como pocas de nuestra historia y cultura m\u00e1s cercanas. Con deleitosa pluma traslada al papel sus rigurosos<br \/>\nconocimientos para gozo de quien tiene a bien leerla; <strong>Manuel Sierra<\/strong>, especialista en emocionar con sus recuerdos y an\u00e9cdotas autobiogr\u00e1ficas de un tiempo hoy ya lejano, a trav\u00e9s de su talentoso estilo; con fuerte compromiso por sus ra\u00edces, tambi\u00e9n echo en falta las rememoraciones de <strong>Fabiola G. Montijano,<\/strong> en las que los lectores forasteros encontramos una forma de conocer la historia del pueblo que nos acoge, y los lectores locales evocan tiempos pasados.<\/p>\n<p style=\"text-align: justify;\">A TODOS, GRACIAS. A los que permanec\u00e9is, a los que vais a volver, a los que est\u00e1is por llegar y con m\u00e1s ah\u00ednco si cabe, a todas y todos los que he olvidado mencionar.<br \/>\n<strong>Feliz temporada 2024\/2025.<\/strong><\/p>\n","protected":false},"excerpt":{"rendered":"<p>La claridad del albor comenzaba a vestir de color un nuevo d\u00eda. En el horizonte&#8230;<\/p>\n","protected":false},"author":1,"featured_media":70926,"comment_status":"closed","ping_status":"closed","sticky":false,"template":"","format":"standard","meta":{"_coblocks_attr":"","_coblocks_dimensions":"","_coblocks_responsive_height":"","_coblocks_accordion_ie_support":"","jetpack_post_was_ever_published":false,"_jetpack_newsletter_access":"","_jetpack_dont_email_post_to_subs":false,"_jetpack_newsletter_tier_id":0,"_jetpack_memberships_contains_paywalled_content":false,"_jetpack_memberships_contains_paid_content":false,"footnotes":"","jetpack_publicize_message":"","jetpack_publicize_feature_enabled":true,"jetpack_social_post_already_shared":true,"jetpack_social_options":{"image_generator_settings":{"template":"highway","default_image_id":0,"enabled":false},"version":2}},"categories":[12,10794,186,44],"tags":[],"class_list":["post-70904","post","type-post","status-publish","format-standard","has-post-thumbnail","hentry","category-cultura","category-fran-lopez","category-instituciones","category-noticias-de-hoy"],"jetpack_publicize_connections":[],"jetpack_featured_media_url":"https:\/\/i0.wp.com\/miradordeatarfe.es\/wp-content\/uploads\/2024\/09\/Principales-efemerides-de-septiembre-encualquier-pais-del-mundo.jpg?fit=624%2C363&ssl=1","jetpack_likes_enabled":true,"jetpack_sharing_enabled":true,"_links":{"self":[{"href":"https:\/\/miradordeatarfe.es\/index.php?rest_route=\/wp\/v2\/posts\/70904","targetHints":{"allow":["GET"]}}],"collection":[{"href":"https:\/\/miradordeatarfe.es\/index.php?rest_route=\/wp\/v2\/posts"}],"about":[{"href":"https:\/\/miradordeatarfe.es\/index.php?rest_route=\/wp\/v2\/types\/post"}],"author":[{"embeddable":true,"href":"https:\/\/miradordeatarfe.es\/index.php?rest_route=\/wp\/v2\/users\/1"}],"replies":[{"embeddable":true,"href":"https:\/\/miradordeatarfe.es\/index.php?rest_route=%2Fwp%2Fv2%2Fcomments&post=70904"}],"version-history":[{"count":5,"href":"https:\/\/miradordeatarfe.es\/index.php?rest_route=\/wp\/v2\/posts\/70904\/revisions"}],"predecessor-version":[{"id":70929,"href":"https:\/\/miradordeatarfe.es\/index.php?rest_route=\/wp\/v2\/posts\/70904\/revisions\/70929"}],"wp:featuredmedia":[{"embeddable":true,"href":"https:\/\/miradordeatarfe.es\/index.php?rest_route=\/wp\/v2\/media\/70926"}],"wp:attachment":[{"href":"https:\/\/miradordeatarfe.es\/index.php?rest_route=%2Fwp%2Fv2%2Fmedia&parent=70904"}],"wp:term":[{"taxonomy":"category","embeddable":true,"href":"https:\/\/miradordeatarfe.es\/index.php?rest_route=%2Fwp%2Fv2%2Fcategories&post=70904"},{"taxonomy":"post_tag","embeddable":true,"href":"https:\/\/miradordeatarfe.es\/index.php?rest_route=%2Fwp%2Fv2%2Ftags&post=70904"}],"curies":[{"name":"wp","href":"https:\/\/api.w.org\/{rel}","templated":true}]}}