{"id":70908,"date":"2024-09-06T11:28:42","date_gmt":"2024-09-06T09:28:42","guid":{"rendered":"https:\/\/miradordeatarfe.es\/?p=70908"},"modified":"2024-09-03T13:26:50","modified_gmt":"2024-09-03T11:26:50","slug":"resena-historica-y-social-de-la-feria-y-fiestas-de-atarfe-por-fuencisla-moreno-rueda-y-jose-enrique-granados-torres","status":"publish","type":"post","link":"https:\/\/miradordeatarfe.es\/?p=70908","title":{"rendered":"\u00abRese\u00f1a hist\u00f3rica y social de la Feria y Fiestas de Atarfe\u00bb por Fuencisla Moreno Rueda y Jos\u00e9 Enrique Granados Torres"},"content":{"rendered":"<h3 style=\"text-align: justify;\">Con este art\u00edculo pretendemos continuar la labor ya iniciada en 1983 publicando una breve historia de nuestra feria y fiestas<\/h3>\n<p style=\"text-align: justify;\">Esta culmin\u00f3 durante el a\u00f1o 87 montando una exposici\u00f3n con todos los documentos alusivos a las fiestas encontrados tanto en el Archivo Municipal como en colecciones de particulares.<br \/>\nVamos a comenzar hablando de las manifestaciones festivo-religiosas de m\u00e1s relevancia en nuestro pueblo. As\u00ed, por ejemplo, se erigi\u00f3 en 1944, sufragado por los vecinos del pueblo, el monumento al Sagrado Coraz\u00f3n de Jes\u00fas, sito en el Paseo de Santa Ana. Desde esta fecha, anualmente se conmemoraba dicha festividad cuyo continuismo en el tiempo ha llegado casi hasta nuestros d\u00edas. Desde la iglesia parroquial hasta donde est\u00e1 enclavado el monumento se paseaba en solemne procesi\u00f3n Jes\u00fas Sacramentado. Todo el recorrido se encontraba engalanado con flores y macetas que contribu\u00edan a dar realce a la festividad.<\/p>\n<p style=\"text-align: justify;\">De igual modo relevante era la Semana Santa atarfe\u00f1a, donde sus actos no difer\u00edan de los del resto de Andaluc\u00eda, se repart\u00edan \u00e9stos, entre los celebrados en la iglesia y las procesiones, generalmente con mucha afluencia de p\u00fablico y con una elegancia propia que le dio un marcado car\u00e1cter a la Semana Mayor atarfe\u00f1a. Sin embargo, a posar de ser ambas fiestas de gran arraigo<br \/>\npopular, \u00e9stas han desaparecido quedando s\u00f3lo en el recuerdo de los m\u00e1s mayores.<\/p>\n<p style=\"text-align: justify;\">Pasando ya a la feria y fiestas propiamente dichas, los primeros datos que tenemos acerca de las fiestas patronales son de 1607, en donde un atarfe\u00f1o, Bartolom\u00e9 S\u00e1nchez, le dedica un libro a Santa Ana, que parece ser era ya patrona de Atarte.<\/p>\n<p style=\"text-align: justify;\"><a href=\"https:\/\/i0.wp.com\/miradordeatarfe.es\/wp-content\/uploads\/2024\/09\/FIESTAS-2001.png?ssl=1\"><img data-recalc-dims=\"1\" loading=\"lazy\" decoding=\"async\" class=\"alignnone wp-image-70909 size-full\" src=\"https:\/\/i0.wp.com\/miradordeatarfe.es\/wp-content\/uploads\/2024\/09\/FIESTAS-2001.png?resize=398%2C405&#038;ssl=1\" alt=\"\" width=\"398\" height=\"405\" srcset=\"https:\/\/i0.wp.com\/miradordeatarfe.es\/wp-content\/uploads\/2024\/09\/FIESTAS-2001.png?w=398&amp;ssl=1 398w, https:\/\/i0.wp.com\/miradordeatarfe.es\/wp-content\/uploads\/2024\/09\/FIESTAS-2001.png?resize=295%2C300&amp;ssl=1 295w\" sizes=\"auto, (max-width: 398px) 100vw, 398px\" \/><\/a><a href=\"https:\/\/i0.wp.com\/miradordeatarfe.es\/wp-content\/uploads\/2024\/09\/FIESTAS-1973.png?ssl=1\"><img data-recalc-dims=\"1\" loading=\"lazy\" decoding=\"async\" class=\"alignnone wp-image-70910 size-full\" src=\"https:\/\/i0.wp.com\/miradordeatarfe.es\/wp-content\/uploads\/2024\/09\/FIESTAS-1973.png?resize=225%2C467&#038;ssl=1\" alt=\"\" width=\"225\" height=\"467\" srcset=\"https:\/\/i0.wp.com\/miradordeatarfe.es\/wp-content\/uploads\/2024\/09\/FIESTAS-1973.png?w=225&amp;ssl=1 225w, https:\/\/i0.wp.com\/miradordeatarfe.es\/wp-content\/uploads\/2024\/09\/FIESTAS-1973.png?resize=145%2C300&amp;ssl=1 145w\" sizes=\"auto, (max-width: 225px) 100vw, 225px\" \/><\/a><br \/>\nFerial atarfe\u00f1o en el a\u00f1o 2001 y\u00a0 Cartel promocionador de las fiestas de 1973<\/p>\n<p style=\"text-align: justify;\">\u00a0<\/p>\n<p style=\"text-align: justify;\">Pese a esto, las primeras fiestas que conocemos no eran fiestas patronales, sino las que se dedicaban al culto del Sant\u00edsimo. Estas fiestas del Corpus empiezan a celebrarse en nuestro pueblo, al igual que en otras zonas de la provincia, a partir de 1492 por voluntad de Isabel la Cat\u00f3lica, teniendo tan s\u00f3lo car\u00e1cter religioso. Sus actos se limitaban a la representaci\u00f3n de autos sacramentales ya la salida en procesi\u00f3n del Sant\u00edsimo Sacramento. Es interesante se\u00f1alar que el recorrido de la procesi\u00f3n actualmente es el mismo que realizaba en el siglo XVII, por el casco antiguo del pueblo, salvo las modificaciones sufridas en el curso de los \u00faltimos a\u00f1os.<\/p>\n<p style=\"text-align: justify;\">El 26 de diciembre de 1846, siendo alcalde Antonio Fern\u00e1ndez Osuna, se acuerda solicitar a P\u00edo IX la confirmaci\u00f3n de Santa Ana como patrona de Atarte. Desde esta fecha, se dedican las fiestas a la patrona, celebr\u00e1ndose conjuntamente con las del Corpus, los d\u00edas 25 y 26 de julio.<\/p>\n<p style=\"text-align: justify;\">Con el inicio de la Feria de Ganado en septiembre de 1925, las fiestas patronales de julio van perdiendo importancia. Los principales actos religiosos se trasladan a las celebraciones de septiembre, para darles mayor auge a \u00e9stas, cosa que se consigui\u00f3 y poco a poco, la Feria de Septiembre adquiere mayor importancia. La Feria de Ganado toma un gran esplendor. A los vecinos del pueblo que eran propietarios de ganado, se les instaba a que concurriesen a la feria con los animales que eran de su propiedad, anim\u00e1ndolos con premios otorgados por distintos organismos. Se establec\u00edan una serie de premios que, generalmente, eran el resultado de los concursos que el \u00faltimo d\u00eda de feria se celebraban.<\/p>\n<p style=\"text-align: justify;\">El ganado que m\u00e1s se encontraba representado era el vacuno y debido al deseo por parte de la Corporaci\u00f3n de fomentar esta Feria, el primer premio de exposici\u00f3n de ganado vacuno no se otorgaba al mejor ganado, sino al que concurriera con m\u00e1s entusiasmo y asiduidad a la Feria, siempre que el lote con el que concursase tuviese un m\u00ednimo de cinco cabezas.<\/p>\n<p style=\"text-align: justify;\">La Central Lechera en la mayor\u00eda de los casos y el Ayuntamiento en menor medida, otorgaban un premio a distintos concurso, tales como concurso de orde\u00f1o (el cual en los 50 oscilaba en tomo a las 500 pesetas), mejor pareja de toros de trabajo, mejor lote de gallinas de raza, mejor lote de ganado caprino, etc.<\/p>\n<p style=\"text-align: justify;\">En 1960, ante el deseo de que no desapareciese la Feria de Ganado, el Ayuntamiento dot\u00f3 de infraestructura adecuada al lugar donde dicha feria se celebraba, incluso se pens\u00f3 trasladar al mismo recinto los festejos populares, con el fin de mantener el mayor tiempo posible al p\u00fablico en la Feria, sin embargo, en 1962 termin\u00f3 por desaparecer de los programas oficiales de fiestas.<\/p>\n<p style=\"text-align: justify;\">Continuaron las Fiestas de Julio como conmemoraci\u00f3n a Santa Ana pero con una importancia creciente de los actos religiosos. Por ejemplo, hay que resaltar las importantes corridas de toros, configurando unos excelentes carteles que se celebraban en la d\u00e9cada de los 60.<\/p>\n<p style=\"text-align: justify;\">En los \u00faltimos a\u00f1os, ambas fiestas han sido unificadas de nuevo en torno a su origen primero, es decir en julio. A finales de la d\u00e9cada de los 70 y principios de los 80, las fiestas cayeron en el olvido, celebr\u00e1ndose por celebrarse; sin ning\u00fan inter\u00e9s por parte de la poblaci\u00f3n debido en parte a dos motivos que pueden ser uno solo. La situaci\u00f3n social ha cambiado y cualquier periodo de fiestas, la gente lo aprovecha para salir de vacaciones (aunque creemos que esto es extensivo a otros lugares).<\/p>\n<p style=\"text-align: justify;\">Asimismo en estas fechas, Atarfe recibi\u00f3 una gran cantidad de habitantes de otros sitios, no haci\u00e9ndose part\u00edcipes de las fiestas atarfe\u00f1as. Sin embargo, en los \u00faltimos a\u00f1os, las fiestas de Atarfe van cobrando el esplendor, que tuvieron en \u00e9pocas pasadas, debido en parte a una serie de actos que dejaron de celebrarse en su momento, y que eran del agrado de la mayor parte de la poblaci\u00f3n, caso de la elecci\u00f3n de reina de las fiestas. La primera elecci\u00f3n de reina de las fiestas en nuestro pueblo tuvo lugar en 1959, desapareciendo en los 80. Este a\u00f1o se retorna a la elecci\u00f3n, comenzando \u00e9sta a principios de junio, en unas sectoriales que se han celebrado en los distintos barrios.<\/p>\n<p style=\"text-align: justify;\">Y para terminar creemos interesante reproducir el preg\u00f3n de fiestas de 1959, en la p\u00e1gina siguiente, donde la situaci\u00f3n de Atarfe era muy distinta a la actual.<\/p>\n<p><a href=\"https:\/\/i0.wp.com\/miradordeatarfe.es\/wp-content\/uploads\/2024\/09\/FERIA-DEL-GANADO-1929.png?ssl=1\"><img data-recalc-dims=\"1\" loading=\"lazy\" decoding=\"async\" class=\"alignnone wp-image-70911 size-full\" src=\"https:\/\/i0.wp.com\/miradordeatarfe.es\/wp-content\/uploads\/2024\/09\/FERIA-DEL-GANADO-1929.png?resize=536%2C324&#038;ssl=1\" alt=\"\" width=\"536\" height=\"324\" srcset=\"https:\/\/i0.wp.com\/miradordeatarfe.es\/wp-content\/uploads\/2024\/09\/FERIA-DEL-GANADO-1929.png?w=536&amp;ssl=1 536w, https:\/\/i0.wp.com\/miradordeatarfe.es\/wp-content\/uploads\/2024\/09\/FERIA-DEL-GANADO-1929.png?resize=300%2C181&amp;ssl=1 300w\" sizes=\"auto, (max-width: 536px) 100vw, 536px\" \/><\/a><\/p>\n<p>&nbsp;<\/p>\n<p><a href=\"https:\/\/i0.wp.com\/miradordeatarfe.es\/wp-content\/uploads\/2024\/09\/PREGON-1959.png?ssl=1\"><img data-recalc-dims=\"1\" loading=\"lazy\" decoding=\"async\" class=\"alignnone wp-image-70912 \" src=\"https:\/\/i0.wp.com\/miradordeatarfe.es\/wp-content\/uploads\/2024\/09\/PREGON-1959.png?resize=640%2C510&#038;ssl=1\" alt=\"\" width=\"640\" height=\"510\" srcset=\"https:\/\/i0.wp.com\/miradordeatarfe.es\/wp-content\/uploads\/2024\/09\/PREGON-1959.png?w=700&amp;ssl=1 700w, https:\/\/i0.wp.com\/miradordeatarfe.es\/wp-content\/uploads\/2024\/09\/PREGON-1959.png?resize=300%2C239&amp;ssl=1 300w\" sizes=\"auto, (max-width: 640px) 100vw, 640px\" \/><\/a><\/p>\n<p>ATARFE EN EL PAPEL<\/p>\n<h3>Art\u00edculo editado por Corporaci\u00f3n de Medios de Andaluc\u00eda y el Ayuntamiento de Atarfe, coordinado por Jos\u00e9 Enrique Granados y tiene por nombre \u00abAtarfe en el papel\u00bb<\/h3>\n<p>&nbsp;<\/p>\n","protected":false},"excerpt":{"rendered":"<p>Con este art\u00edculo pretendemos continuar la labor ya iniciada en 1983 publicando una breve historia&#8230;<\/p>\n","protected":false},"author":1,"featured_media":70909,"comment_status":"closed","ping_status":"closed","sticky":false,"template":"","format":"standard","meta":{"_coblocks_attr":"","_coblocks_dimensions":"","_coblocks_responsive_height":"","_coblocks_accordion_ie_support":"","jetpack_post_was_ever_published":false,"_jetpack_newsletter_access":"","_jetpack_dont_email_post_to_subs":false,"_jetpack_newsletter_tier_id":0,"_jetpack_memberships_contains_paywalled_content":false,"_jetpack_memberships_contains_paid_content":false,"footnotes":"","jetpack_publicize_message":"","jetpack_publicize_feature_enabled":true,"jetpack_social_post_already_shared":true,"jetpack_social_options":{"image_generator_settings":{"template":"highway","default_image_id":0,"enabled":false},"version":2}},"categories":[1161,2949,1225,186,38,44],"tags":[],"class_list":["post-70908","post","type-post","status-publish","format-standard","has-post-thumbnail","hentry","category-ciudadania","category-opinion-de-fuencisla-moreno","category-ha-de-atarfe","category-instituciones","category-opinion-de-jose-enrique-granados","category-noticias-de-hoy"],"jetpack_publicize_connections":[],"jetpack_featured_media_url":"https:\/\/i0.wp.com\/miradordeatarfe.es\/wp-content\/uploads\/2024\/09\/FIESTAS-2001.png?fit=398%2C405&ssl=1","jetpack_likes_enabled":true,"jetpack_sharing_enabled":true,"_links":{"self":[{"href":"https:\/\/miradordeatarfe.es\/index.php?rest_route=\/wp\/v2\/posts\/70908","targetHints":{"allow":["GET"]}}],"collection":[{"href":"https:\/\/miradordeatarfe.es\/index.php?rest_route=\/wp\/v2\/posts"}],"about":[{"href":"https:\/\/miradordeatarfe.es\/index.php?rest_route=\/wp\/v2\/types\/post"}],"author":[{"embeddable":true,"href":"https:\/\/miradordeatarfe.es\/index.php?rest_route=\/wp\/v2\/users\/1"}],"replies":[{"embeddable":true,"href":"https:\/\/miradordeatarfe.es\/index.php?rest_route=%2Fwp%2Fv2%2Fcomments&post=70908"}],"version-history":[{"count":3,"href":"https:\/\/miradordeatarfe.es\/index.php?rest_route=\/wp\/v2\/posts\/70908\/revisions"}],"predecessor-version":[{"id":70915,"href":"https:\/\/miradordeatarfe.es\/index.php?rest_route=\/wp\/v2\/posts\/70908\/revisions\/70915"}],"wp:featuredmedia":[{"embeddable":true,"href":"https:\/\/miradordeatarfe.es\/index.php?rest_route=\/wp\/v2\/media\/70909"}],"wp:attachment":[{"href":"https:\/\/miradordeatarfe.es\/index.php?rest_route=%2Fwp%2Fv2%2Fmedia&parent=70908"}],"wp:term":[{"taxonomy":"category","embeddable":true,"href":"https:\/\/miradordeatarfe.es\/index.php?rest_route=%2Fwp%2Fv2%2Fcategories&post=70908"},{"taxonomy":"post_tag","embeddable":true,"href":"https:\/\/miradordeatarfe.es\/index.php?rest_route=%2Fwp%2Fv2%2Ftags&post=70908"}],"curies":[{"name":"wp","href":"https:\/\/api.w.org\/{rel}","templated":true}]}}