{"id":70976,"date":"2024-09-08T10:26:00","date_gmt":"2024-09-08T08:26:00","guid":{"rendered":"https:\/\/miradordeatarfe.es\/?p=70976"},"modified":"2024-09-04T18:32:52","modified_gmt":"2024-09-04T16:32:52","slug":"susana-rodriguez-consigue-en-paris-su-segundo-oro-de-triatlon-paralimpico","status":"publish","type":"post","link":"https:\/\/miradordeatarfe.es\/?p=70976","title":{"rendered":"Susana Rodr\u00edguez consigue en Par\u00eds su segundo oro de triatl\u00f3n paral\u00edmpico"},"content":{"rendered":"<header class=\"articleLayout\">\n<h2 class=\"articleSubtitle\" style=\"text-align: justify;\">La atleta gallega lo ha logrado formando equipo con Sara P\u00e9rez<\/h2>\n<\/header>\n<div class=\"articleContentLayout\">\n<div class=\"articleContent firstArticleContent\" style=\"text-align: justify;\">\n<div class=\"contentP\">\n<p class=\"articleContentParagraph\">Susana Rodr\u00edguez lo ha vuelto a hacer. La triatleta se ha colgado este lunes la medalla de oro en los Juegos Paral\u00edmpicos de Par\u00eds, revalidando as\u00ed el t\u00edtulo que logr\u00f3 hace tres a\u00f1os en Tokio. Sara P\u00e9rez ha sido en esta ocasi\u00f3n su gu\u00eda.<\/p>\n<p class=\"articleContentParagraph\">Con un tiempo de\u00a01:04:19 horas, Rodr\u00edguez y P\u00e9rez cruzaron la meta y se fundieron despu\u00e9s en un abrazo. Las espa\u00f1olas hab\u00edan liderado la prueba en todo momento. Se hicieron con el oro con m\u00e1s de dos minutos de ventaja sobre sus rivales m\u00e1s pr\u00f3ximas, las italianas Francesca Tarantello y Silvia Visaggi. El bronce lo consiguieron las alemanas Anja Renner y Maria Paulig, con un tiempo de 1:08:21 horas.<\/p>\n<p class=\"articleContentParagraph\">Este triunfo se produce solo tres meses despu\u00e9s del accidente que Susana Rodr\u00edguez y Sara P\u00e9rez sufrieron en la Copa del Mundo de triatl\u00f3n en Vigo. Las deportistas cayeron al suelo cuando la rueda delantera de su bicicleta revent\u00f3 mientras bajaban por una pronunciada cuesta a 70 kil\u00f3metros por hora.<\/p>\n<\/div>\n<\/div>\n<div class=\"articleContent secondArticleContent\">\n<div class=\"contentP clearFloat\">\n<div class=\"twitter-tweet twitter-tweet-rendered\" style=\"text-align: justify;\"><iframe id=\"twitter-widget-0\" class=\"\" title=\"X Post\" src=\"https:\/\/platform.twitter.com\/embed\/Tweet.html?dnt=false&amp;embedId=twitter-widget-0&amp;features=eyJ0ZndfdGltZWxpbmVfbGlzdCI6eyJidWNrZXQiOltdLCJ2ZXJzaW9uIjpudWxsfSwidGZ3X2ZvbGxvd2VyX2NvdW50X3N1bnNldCI6eyJidWNrZXQiOnRydWUsInZlcnNpb24iOm51bGx9LCJ0ZndfdHdlZXRfZWRpdF9iYWNrZW5kIjp7ImJ1Y2tldCI6Im9uIiwidmVyc2lvbiI6bnVsbH0sInRmd19yZWZzcmNfc2Vzc2lvbiI6eyJidWNrZXQiOiJvbiIsInZlcnNpb24iOm51bGx9LCJ0ZndfZm9zbnJfc29mdF9pbnRlcnZlbnRpb25zX2VuYWJsZWQiOnsiYnVja2V0Ijoib24iLCJ2ZXJzaW9uIjpudWxsfSwidGZ3X21peGVkX21lZGlhXzE1ODk3Ijp7ImJ1Y2tldCI6InRyZWF0bWVudCIsInZlcnNpb24iOm51bGx9LCJ0ZndfZXhwZXJpbWVudHNfY29va2llX2V4cGlyYXRpb24iOnsiYnVja2V0IjoxMjA5NjAwLCJ2ZXJzaW9uIjpudWxsfSwidGZ3X3Nob3dfYmlyZHdhdGNoX3Bpdm90c19lbmFibGVkIjp7ImJ1Y2tldCI6Im9uIiwidmVyc2lvbiI6bnVsbH0sInRmd19kdXBsaWNhdGVfc2NyaWJlc190b19zZXR0aW5ncyI6eyJidWNrZXQiOiJvbiIsInZlcnNpb24iOm51bGx9LCJ0ZndfdXNlX3Byb2ZpbGVfaW1hZ2Vfc2hhcGVfZW5hYmxlZCI6eyJidWNrZXQiOiJvbiIsInZlcnNpb24iOm51bGx9LCJ0ZndfdmlkZW9faGxzX2R5bmFtaWNfbWFuaWZlc3RzXzE1MDgyIjp7ImJ1Y2tldCI6InRydWVfYml0cmF0ZSIsInZlcnNpb24iOm51bGx9LCJ0ZndfbGVnYWN5X3RpbWVsaW5lX3N1bnNldCI6eyJidWNrZXQiOnRydWUsInZlcnNpb24iOm51bGx9LCJ0ZndfdHdlZXRfZWRpdF9mcm9udGVuZCI6eyJidWNrZXQiOiJvbiIsInZlcnNpb24iOm51bGx9fQ%3D%3D&amp;frame=false&amp;hideCard=false&amp;hideThread=false&amp;id=1830564555212124594&amp;lang=es&amp;maxWidth=560px&amp;origin=https%3A%2F%2Fwww.mujeresaseguir.com%2Fsocial%2Fnoticia%2F1184517048615%2Fsusana-rodriguez-consigue-en-paris-su-segundo-oro-de-triatlon-paralimpico.1.html&amp;sessionId=b3b5ffb6d008ad78f14429f7d7c1c3b493350a99&amp;siteScreenName=MujeresaSeguir&amp;theme=light&amp;widgetsVersion=2615f7e52b7e0%3A1702314776716&amp;width=550px\" frameborder=\"0\" scrolling=\"no\" allowfullscreen=\"allowfullscreen\" data-tweet-id=\"1830564555212124594\" data-mce-fragment=\"1\"><\/iframe><\/div>\n<p class=\"articleContentParagraph\" style=\"text-align: justify;\">Susana Rodr\u00edguez naci\u00f3 con albinismo y una grave deficiencia visual, pero eso no le ha impedido convertirse en el referente del deporte que es hoy. Empez\u00f3 a correr de ni\u00f1a, animada por una profesora de la ONCE, y despu\u00e9s se pas\u00f3 al triatl\u00f3n, uno de los deportes m\u00e1s duros que hay. Su palmar\u00e9s es impresionante. Adem\u00e1s de las dos medallas en los Paral\u00edmpicos, tiene nueve medallas del Mundial de triatl\u00f3n adaptado y ocho del Europeo.<\/p>\n<p class=\"articleContentParagraph\" style=\"text-align: justify;\">Fuera de la competici\u00f3n, tambi\u00e9n ha dejado su huella, tanto es as\u00ed que <a class=\"external\" href=\"https:\/\/www.mujeresaseguir.com\/tendencias\/noticia\/1183326048815\/la-atleta-paralimpica-susana-rodriguez-inspira-nueva-barbie.1.html\" target=\"_blank\" rel=\"nofollow noopener\">incluso ha inspirado una Barbie<\/a>. Fue la primera mujer ciega en licenciarse en Medicina en Espa\u00f1a y durante la pandemia de la Covid ejerci\u00f3 en el Hospital de Santiago de Compostela, al tiempo que continuaba su preparaci\u00f3n para los Juegos de Tokio. <a class=\"external\" href=\"https:\/\/www.mujeresaseguir.com\/social\/noticia\/1167403048615\/ademas-de-tener-talento-perseverante-puedes-conseguir-cosas-priori-parecen-imposibles.1.html\" target=\"_blank\" rel=\"nofollow noopener\">En 2021 gan\u00f3 el primer premio MAS Talento a Bordo<\/a>, un galard\u00f3n concedido por Mujeres a Seguir e Iberia para destacar a mujeres capaces de imaginar nuevos horizontes y trascender sus l\u00edmites. En 2022 se convirti\u00f3 tambi\u00e9n en la primera deportista con discapacidad en ganar el Premio Nacional de Deporte.<\/p>\n<p style=\"text-align: justify;\"><strong>Marina Dorado<\/strong><\/p>\n<p style=\"text-align: justify;\">FOTO:Susana Rodr\u00edguez (derecha) junto a su gu\u00eda, Sara P\u00e9rez, cruzando la meta. Foto: Comit\u00e9 Paral\u00edmpico Espa\u00f1ol (CPE).<\/p>\n<div class=\"articleContentLayout\">\n<div class=\"articleContent firstArticleContent\">\n<div class=\"authorandtime\" style=\"text-align: justify;\">\n<address class=\"articleAuthor\">https:\/\/www.mujeresaseguir.com\/social\/noticia\/1184517048615\/susana-rodriguez-consigue-en-paris-su-segundo-oro-de-triatlon-paralimpico.1.html<\/address>\n<\/div>\n<\/div>\n<\/div>\n<\/div>\n<\/div>\n<\/div>\n","protected":false},"excerpt":{"rendered":"<p>La atleta gallega lo ha logrado formando equipo con Sara P\u00e9rez Susana Rodr\u00edguez lo ha&#8230;<\/p>\n","protected":false},"author":1,"featured_media":70977,"comment_status":"closed","ping_status":"closed","sticky":false,"template":"","format":"standard","meta":{"_coblocks_attr":"","_coblocks_dimensions":"","_coblocks_responsive_height":"","_coblocks_accordion_ie_support":"","jetpack_post_was_ever_published":false,"_jetpack_newsletter_access":"","_jetpack_dont_email_post_to_subs":false,"_jetpack_newsletter_tier_id":0,"_jetpack_memberships_contains_paywalled_content":false,"_jetpack_memberships_contains_paid_content":false,"footnotes":"","jetpack_publicize_message":"","jetpack_publicize_feature_enabled":true,"jetpack_social_post_already_shared":true,"jetpack_social_options":{"image_generator_settings":{"template":"highway","default_image_id":0,"enabled":false},"version":2}},"categories":[14,44,6937],"tags":[],"class_list":["post-70976","post","type-post","status-publish","format-standard","has-post-thumbnail","hentry","category-feminismo","category-noticias-de-hoy","category-sociedad"],"jetpack_publicize_connections":[],"jetpack_featured_media_url":"https:\/\/i0.wp.com\/miradordeatarfe.es\/wp-content\/uploads\/2024\/09\/69.webp?fit=1270%2C589&ssl=1","jetpack_likes_enabled":true,"jetpack_sharing_enabled":true,"_links":{"self":[{"href":"https:\/\/miradordeatarfe.es\/index.php?rest_route=\/wp\/v2\/posts\/70976","targetHints":{"allow":["GET"]}}],"collection":[{"href":"https:\/\/miradordeatarfe.es\/index.php?rest_route=\/wp\/v2\/posts"}],"about":[{"href":"https:\/\/miradordeatarfe.es\/index.php?rest_route=\/wp\/v2\/types\/post"}],"author":[{"embeddable":true,"href":"https:\/\/miradordeatarfe.es\/index.php?rest_route=\/wp\/v2\/users\/1"}],"replies":[{"embeddable":true,"href":"https:\/\/miradordeatarfe.es\/index.php?rest_route=%2Fwp%2Fv2%2Fcomments&post=70976"}],"version-history":[{"count":2,"href":"https:\/\/miradordeatarfe.es\/index.php?rest_route=\/wp\/v2\/posts\/70976\/revisions"}],"predecessor-version":[{"id":70979,"href":"https:\/\/miradordeatarfe.es\/index.php?rest_route=\/wp\/v2\/posts\/70976\/revisions\/70979"}],"wp:featuredmedia":[{"embeddable":true,"href":"https:\/\/miradordeatarfe.es\/index.php?rest_route=\/wp\/v2\/media\/70977"}],"wp:attachment":[{"href":"https:\/\/miradordeatarfe.es\/index.php?rest_route=%2Fwp%2Fv2%2Fmedia&parent=70976"}],"wp:term":[{"taxonomy":"category","embeddable":true,"href":"https:\/\/miradordeatarfe.es\/index.php?rest_route=%2Fwp%2Fv2%2Fcategories&post=70976"},{"taxonomy":"post_tag","embeddable":true,"href":"https:\/\/miradordeatarfe.es\/index.php?rest_route=%2Fwp%2Fv2%2Ftags&post=70976"}],"curies":[{"name":"wp","href":"https:\/\/api.w.org\/{rel}","templated":true}]}}