{"id":70986,"date":"2024-10-01T11:23:57","date_gmt":"2024-10-01T09:23:57","guid":{"rendered":"https:\/\/miradordeatarfe.es\/?p=70986"},"modified":"2024-10-09T12:14:14","modified_gmt":"2024-10-09T10:14:14","slug":"descubren-restos-de-la-muralla-de-medina-elvira-granada-y-la-puerta-de-poniente-06-11-2005","status":"publish","type":"post","link":"https:\/\/miradordeatarfe.es\/?p=70986","title":{"rendered":"Descubren restos de la muralla de Medina Elvira (Granada) y la puerta de Poniente (06\/11\/2005)"},"content":{"rendered":"<p style=\"text-align: justify;\"><b>La primera fase del ambicioso proyecto de excavaci\u00f3n que se ha emprendido este a\u00f1o en Medina Elvira confirma todas las expectativas generadas en la comunidad cient\u00edfica internacional y anticipa una realidad inevitable: los a\u00f1os y d\u00e9cadas de trabajo sistem\u00e1tico que ser\u00e1n necesarios para descubrir los vestigios de la antigua ciudad y poder crear un gran parque arqueol\u00f3gico que desvele la estructura, organizaci\u00f3n y forma de vida de la sociedad isl\u00e1mica de la \u00e9poca.<\/b><\/p>\n<p>El director de la excavaci\u00f3n, el profesor Antonio Malpica Cuello, present\u00f3 ayer en la zona del yacimiento los \u201cimportantes\u201d hallazgos de la campa\u00f1a de 2005: se ha descubierto parte de la muralla que rodeaba la Alcazaba \u2013lo que permitir\u00e1 su completa delimitaci\u00f3n\u2013 y se ha localizado la puerta de acceso desde Poniente, una entrada de unos tres metros que conectar\u00eda la parte militar de Medina Elvira con la poblaci\u00f3n civil que estar\u00eda asentada en la zona baja. Estos descubrimientos se suman, adem\u00e1s, a las m\u00faltiples estructuras de viviendas que comenzaron a salir a la luz en la ladera Este del Cerro del Sombrerete y que, seg\u00fan se constata ahora, pertenecer\u00edan a familias muy extensas \u2013con lazos de parentesco que podr\u00edan vincular a cientos de personas\u2013 y que estar\u00edan vinculadas con el poder. Las decenas de naves rectangulares descubiertas \u2013donde se ha hallado un importante volumen de tejas y cer\u00e1micas e incluso vestigios de un fog\u00f3n para calentar alimentos\u2013 cumplir\u00edan funciones distintas en respuesta, precisamente, a las necesidades de un colectivo de tales caracter\u00edsticas: \u201cLa realidad que hemos encontrado es que tanto la topolog\u00eda constructiva como la organizaci\u00f3n del espacio no es la habitual. Es una organizaci\u00f3n muy camuflada, muy elemental, pero muy inteligente. Trabajando en la roca han conseguido establecer andenes y escaleras y han logrado aprovechar al m\u00e1ximo los recursos geol\u00f3gicos\u201d. <\/p>\n<p>En el caso de las viviendas, Malpica explica que se trata de la organizaci\u00f3n propia de una primera \u00e9poca isl\u00e1mica que se reproduce en otras zonas de Oriente y que permite plantear un tema crucial en la Historiograf\u00eda: que realmente los \u00e1rabes \u201cllegaron\u201d a Espa\u00f1a: \u201cNo se trata de un ej\u00e9rcito que viene y ocupa un espacio y controla a una poblaci\u00f3n preexistente, sino que se trata de gentes que vienen de all\u00ed y organizan su propia sociedad creando Al-\u00c1ndalus. Es un proceso largo, que abarca desde el siglo octavo hasta el d\u00e9cimo, y Medina Elvira es clave en ese proceso, porque comienza en el VIII como una serie de n\u00facleos separados entre s\u00ed, probablemente alquer\u00edas, y en el siglo IX, con la creaci\u00f3n de la Alcazaba, obra de Abderram\u00e1n II, es cuando se produce la organizaci\u00f3n de la ciudad\u201d.<\/p>\n<p>\u00c9stas son algunas de las \u201cvaliosas\u201d conclusiones de la actual campa\u00f1a arqueol\u00f3gica que reflejan la propia magnitud y potencial de la zona \u201ccomo punto de arranque del establecimiento de los \u00e1rabes en Hispania y la transformaci\u00f3n en Al-\u00c1ndalus\u201d y que vienen a constatar el destacado inter\u00e9s internacional que ha suscitado el yacimiento. Seg\u00fan indic\u00f3 ayer el catedr\u00e1tico de Historia Medieval, ya est\u00e1 preparando acuerdos a trav\u00e9s de la Universidad de Granada con instituciones acad\u00e9micas para que arque\u00f3logos de pa\u00edses como Francia, Portugal, Italia y Reino Unido participen en el proyecto.<\/p>\n<p>Pero, junto a las aportaciones al debate internacional sobre el paso de la Edad Antigua a la Edad Media, se encuentran tambi\u00e9n los vestigios visibles que desvelan la estructura de aquella gran ciudad y permitir\u00e1n su reconstrucci\u00f3n. Porque Medina Elvira se extiende en m\u00e1s de 330 hect\u00e1reas en los t\u00e9rminos municipales de Atarfe y Pinos Puente, fue la capital de la Vega entre los siglos VIII y XI y se convirti\u00f3 en una de las ciudades m\u00e1s importantes de la \u00e9poca.<\/p>\n<p>El equipo de m\u00e1s de cuarenta arque\u00f3logos que trabaja en Medina Elvira desde el pasado 22 de agosto \u2013los trabajos se prolongar\u00e1n hasta finales de noviembre\u2013 ha logrado extraer resultados tangibles que ser\u00e1n \u201cfundamentales\u201d para justificar los pr\u00f3ximos a\u00f1os de intervenci\u00f3n. <\/p>\n<p>En este sentido, los restos descubiertos de la gran muralla protectora de la Alcazaba muestran, por ejemplo, que \u201cdebi\u00f3 tener unas dimensiones considerables\u201d y que se construy\u00f3 con una tecnolog\u00eda aparentemente muy sencilla, pero muy inteligente: \u201cSe hizo sin grandes gastos ni en capital humano ni en inversi\u00f3n, sino con la capacidad de saber encontrar soluciones elementales para alcanzar los mejores resultados\u201d. As\u00ed, la muralla \u2013con un grosor de 2,80\u2013 no est\u00e1 levantada con sillares a unos niveles impresionantes \u2013como ser\u00edan las grandes obras de ingenier\u00eda de otras sociedades\u2013, si bien logra salvar de forma ingeniosa desniveles de hasta el 20 por ciento. Para conseguir estabilizarla, no se llega tampoco hasta la roca madre, sino que se crea una plataforma de mortero que permite nivelar y asentar la muralla. <\/p>\n<p>\u201cLlevamos trabajando en esta zona \u2013en el entorno que se conoce como Los Caballicos del Rey\u2013 un mes y medio y los resultados han sido brillantes. No ten\u00edamos conocimiento del trazado de la muralla, porque estaba muy camuflada\u201d, recalc\u00f3 el director de la excavaci\u00f3n al valorar algunos de los vestigios m\u00e1s llamativos de lo que se presenta como el inicio del ambicioso Proyecto de Investigaci\u00f3n General en Madinat Ilbira aprobado antes del verano por la Consejer\u00eda de Cultura de la Junta.<\/p>\n<p>Sobre esta cuesti\u00f3n, el delegado provincial de Cultura, Jos\u00e9 Antonio P\u00e9rez Tapias, record\u00f3 que Medina Elvira fue declarada Bien de Inter\u00e9s Cultural (BIC) hace en torno a un a\u00f1o \u2013una iniciativa que pretend\u00eda garantizar su protecci\u00f3n y su posterior puesta en valor\u2013 y subray\u00f3 el valor y necesidad que entonces supon\u00eda aprobar un proyecto que respondiera a las expectativas que la zona hab\u00eda suscitado tras los sondeos realizados en 2001 y 2003: \u201cVamos a encontrar claves muy interesantes para un per\u00edodo hist\u00f3rico que encierra a\u00fan muchas inc\u00f3gnitas no solo en lo que se refiere a Granada y a su entorno en la Alta Edad Media, sino de lo que era Al-\u00c1ndalus en aquellos momentos en que comenzaba a configurarse geopol\u00edticamente\u201d. <\/p>\n<p>La campa\u00f1a de 2005 se presenta, por tanto, como el inicio de al menos doce a\u00f1os de investigaci\u00f3n arqueol\u00f3gica que se extender\u00e1n tami\u00e9n al Secano de la Mezquita (2007) y al Cortijo de las Monjas (2009) con objeto de realizar la secuencia de ocupaci\u00f3n de la ciudad y planificar el gran parque arqueol\u00f3gico. Porque, como continuaci\u00f3n irrenunciable de las excavaciones, se encuentran la inmediata consolidaci\u00f3n y puesta en valor de los restos. Para Malpica, es un factor fundamental que permitir\u00e1 mostrar a todos los ciudadanos c\u00f3mo viv\u00edan las gentes normales y conocer su organizaci\u00f3n social y de trabajo.<\/p>\n<p>En esta l\u00ednea de trabajo, el Ayuntamiento de Atarfe ha aprobado ya varias actuaciones para la creaci\u00f3n de senderos y rutas que recorran toda la zona con espacios de recreo y miradores y que conectar\u00e1n con los posteriores centros de interpretaci\u00f3n en los espacios de mayor valor arqueol\u00f3gico. Seg\u00fan avanz\u00f3 en el yacimiento la directora de la Oficina T\u00e9cnica, Francisca Fuillerat, en este contexto se incluye por ejemplo la construcci\u00f3n de un parque y unos jardines en la zona baja del yacimiento a cargo de la escuela taller del municipio. El coordinador del proyecto, Juan Ca\u00f1avate, concret\u00f3 por su parte que se trata de una iniciativa global que ha sido impulsada por Cultura y que contar\u00e1 con otras consejer\u00edas como Medio Ambiente y Obras P\u00fablicas.<\/p>\n<p>Con estas propuestas de presente y de futuro, arque\u00f3logos, t\u00e9cnicos y pol\u00edticos empiezan a a esbozar Medina Elvira. Una Medina Elvira que se presenta ya como la Pompeya de Al-\u00c1ndalus.<\/p>\n<p>&nbsp;<\/p>\n","protected":false},"excerpt":{"rendered":"<p>La primera fase del ambicioso proyecto de excavaci\u00f3n que se ha emprendido este a\u00f1o en&#8230;<\/p>\n","protected":false},"author":1,"featured_media":70990,"comment_status":"closed","ping_status":"closed","sticky":false,"template":"","format":"standard","meta":{"_coblocks_attr":"","_coblocks_dimensions":"","_coblocks_responsive_height":"","_coblocks_accordion_ie_support":"","jetpack_post_was_ever_published":false,"_jetpack_newsletter_access":"","_jetpack_dont_email_post_to_subs":false,"_jetpack_newsletter_tier_id":0,"_jetpack_memberships_contains_paywalled_content":false,"_jetpack_memberships_contains_paid_content":false,"footnotes":"","jetpack_publicize_message":"","jetpack_publicize_feature_enabled":true,"jetpack_social_post_already_shared":false,"jetpack_social_options":{"image_generator_settings":{"template":"highway","default_image_id":0,"enabled":false},"version":2}},"categories":[1225,5359,10431,44],"tags":[],"class_list":["post-70986","post","type-post","status-publish","format-standard","has-post-thumbnail","hentry","category-ha-de-atarfe","category-madinat-ilbira","category-medina-elvira-2","category-noticias-de-hoy"],"jetpack_publicize_connections":[],"jetpack_featured_media_url":"https:\/\/i0.wp.com\/miradordeatarfe.es\/wp-content\/uploads\/2024\/09\/FB_IMG_1629296274852.webp?fit=1080%2C715&ssl=1","jetpack_likes_enabled":true,"jetpack_sharing_enabled":true,"_links":{"self":[{"href":"https:\/\/miradordeatarfe.es\/index.php?rest_route=\/wp\/v2\/posts\/70986","targetHints":{"allow":["GET"]}}],"collection":[{"href":"https:\/\/miradordeatarfe.es\/index.php?rest_route=\/wp\/v2\/posts"}],"about":[{"href":"https:\/\/miradordeatarfe.es\/index.php?rest_route=\/wp\/v2\/types\/post"}],"author":[{"embeddable":true,"href":"https:\/\/miradordeatarfe.es\/index.php?rest_route=\/wp\/v2\/users\/1"}],"replies":[{"embeddable":true,"href":"https:\/\/miradordeatarfe.es\/index.php?rest_route=%2Fwp%2Fv2%2Fcomments&post=70986"}],"version-history":[{"count":1,"href":"https:\/\/miradordeatarfe.es\/index.php?rest_route=\/wp\/v2\/posts\/70986\/revisions"}],"predecessor-version":[{"id":70988,"href":"https:\/\/miradordeatarfe.es\/index.php?rest_route=\/wp\/v2\/posts\/70986\/revisions\/70988"}],"wp:featuredmedia":[{"embeddable":true,"href":"https:\/\/miradordeatarfe.es\/index.php?rest_route=\/wp\/v2\/media\/70990"}],"wp:attachment":[{"href":"https:\/\/miradordeatarfe.es\/index.php?rest_route=%2Fwp%2Fv2%2Fmedia&parent=70986"}],"wp:term":[{"taxonomy":"category","embeddable":true,"href":"https:\/\/miradordeatarfe.es\/index.php?rest_route=%2Fwp%2Fv2%2Fcategories&post=70986"},{"taxonomy":"post_tag","embeddable":true,"href":"https:\/\/miradordeatarfe.es\/index.php?rest_route=%2Fwp%2Fv2%2Ftags&post=70986"}],"curies":[{"name":"wp","href":"https:\/\/api.w.org\/{rel}","templated":true}]}}