{"id":70996,"date":"2024-09-09T08:41:12","date_gmt":"2024-09-09T06:41:12","guid":{"rendered":"https:\/\/miradordeatarfe.es\/?p=70996"},"modified":"2024-09-05T13:45:39","modified_gmt":"2024-09-05T11:45:39","slug":"daniel-wilson-experto-de-harvard-debemos-repensar-los-deberes-es-dificil-aprender-sin-una-respuesta-en-la-practica","status":"publish","type":"post","link":"https:\/\/miradordeatarfe.es\/?p=70996","title":{"rendered":"Daniel Wilson, experto de Harvard: \u201cDebemos repensar los deberes. Es dif\u00edcil aprender sin una respuesta en la pr\u00e1ctica\u201d"},"content":{"rendered":"<h3 class=\"a_st\" style=\"text-align: justify;\">El exdirector de Project Zero, el laboratorio de innovaci\u00f3n docente de la universidad, cree que ser\u00e1 \u201cdesastroso\u201d si se sigue desligando la ense\u00f1anza de la vida cotidiana<\/h3>\n<article class=\"a _g _g-lg _g-o\">\n<div class=\"a_c clearfix\" data-dtm-region=\"articulo_cuerpo\">\n<p class=\"\" style=\"text-align: justify;\"><a href=\"https:\/\/elpais.com\/sociedad\/2019\/03\/26\/actualidad\/1553627291_428563.html\" target=\"_blank\" rel=\"noopener\" data-link-track-dtm=\"\" data-mrf-link=\"https:\/\/elpais.com\/sociedad\/2019\/03\/26\/actualidad\/1553627291_428563.html\">Proyect Zero, el laboratorio de innovaci\u00f3n educativa del Harvard Graduate School of Education, <\/a>est\u00e1 poniendo en marcha junto a la Facultad de Educaci\u00f3n de la Universidad Camilo Jos\u00e9 Cela, de titularidad privada y en Madrid, un programa que va a intentar describir y entender lo que est\u00e1 ocurriendo en su red de colegios por toda Espa\u00f1a. En estas escuelas tratan de generar curiosidad, sentido de pertenencia y diversi\u00f3n a sus alumnos a trav\u00e9s de su interacci\u00f3n con lo que les rodea, ya sea un centro de d\u00eda, un taller mec\u00e1nico o un invernadero; y su intenci\u00f3n es integrar estas experiencias en su curr\u00edculo escolar. \u201cEs un proyecto colaborativo con la UCJC, no invasivo. No es que el laboratorio formule unas preguntas y se pruebe en estas escuelas\u201d, razona el estadounidense Daniel Wilson (Waterville, Maine; 1969), director de Project Zero hasta 2023, y <a href=\"https:\/\/pz.harvard.edu\/projects\/learning-outside-in\" target=\"_blank\" rel=\"noopener\" data-link-track-dtm=\"\" data-mrf-link=\"https:\/\/pz.harvard.edu\/projects\/learning-outside-in\">hoy al frente de este programa, llamado <i>Learning Outside-In<\/i>. <\/a><\/p>\n<p class=\"\">Proyect Zero tiene activos 49 proyectos por el mundo, pero solo este en Espa\u00f1a. Wilson concedi\u00f3 una entrevista a EL PA\u00cdS en la que mezcl\u00f3 espa\u00f1ol (vivi\u00f3 en Colombia) e ingl\u00e9s durante una de sus visitas a colegios del SEK en Madrid, Vigo y Almer\u00eda, que se van a prolongar tres a\u00f1os.<\/p>\n<p class=\"\" style=\"text-align: justify;\"><b>Pregunta. <\/b><a href=\"https:\/\/elpais.com\/educacion\/2020-11-25\/el-gran-agujero-educativo-que-trajo-la-covid.html\" target=\"_blank\" rel=\"noopener\" data-link-track-dtm=\"\" data-mrf-link=\"https:\/\/elpais.com\/educacion\/2020-11-25\/el-gran-agujero-educativo-que-trajo-la-covid.html\">\u00bfTanto ha cambiado la pandemia la educaci\u00f3n?<\/a><\/p>\n<p class=\"\" style=\"text-align: justify;\"><b>Respuesta. <\/b>Ha exacerbado muchos desaf\u00edos. La p\u00e9rdida de aprendizaje es una preocupaci\u00f3n, claro, pero es igualmente cr\u00edtico y quiz\u00e1s, incluso, m\u00e1s complejo el tema del bienestar [emocional]. Antes, francamente, las escuelas prestaban m\u00e1s atenci\u00f3n al bienestar. Es un desaf\u00edo que probablemente no vamos a entender del todo. Creo que la pandemia va a tener impacto durante 15 o 20 a\u00f1os, va a llevar tiempo recuperarse <a href=\"https:\/\/elpais.com\/educacion\/2022-01-21\/la-avalancha-de-confinamientos-escolares-pone-contra-las-cuerdas-a-las-familias-estamos-desesperadas.html\" target=\"_blank\" rel=\"noopener\" data-link-track-dtm=\"\" data-mrf-link=\"https:\/\/elpais.com\/educacion\/2022-01-21\/la-avalancha-de-confinamientos-escolares-pone-contra-las-cuerdas-a-las-familias-estamos-desesperadas.html\">porque es \u00fanica una interrupci\u00f3n de esta magnitud.<\/a><\/p>\n<p class=\"\" style=\"text-align: justify;\"><b>P.<\/b> \u00bfAfecta solo a los alumnos?<\/p>\n<p class=\"\" style=\"text-align: justify;\"><b>R.<\/b> A todos. Cuando las escuelas cerraron, maestros, familias, todos, tuvimos que cambiar. Y cuando reabrieron, algunas escuelas y educadores se cuestionaron si deber\u00edamos volver a la normalidad. Algunas escuelas en Espa\u00f1a cambiaron sus pr\u00e1cticas, y cuando compartieron algunos de esos cambios, me interes\u00e9 mucho. Y luego me invitaron a iniciar este proyecto, que busca la forma de que las escuelas apoyen el bienestar. Lo hacen a trav\u00e9s de la exploraci\u00f3n, el aprendizaje fuera del aula, en las comunidades y reconectando con la sociedad.<\/p>\n<blockquote class=\"a_q\">\n<div><strong>Los maestros pensaron: podemos aprender algo en nuestra comunidad, \u00bfpor qu\u00e9 estar en el aula?<\/strong><\/div>\n<\/blockquote>\n<p class=\"\" style=\"text-align: justify;\"><b>P. <\/b>\u00bfDe qu\u00e9 manera?<\/p>\n<p class=\"\" style=\"text-align: justify;\"><b>R.<\/b> Cuando la pandemia golpe\u00f3, algunas de estas escuelas optaron por buscar lugares en la comunidad donde pudieran aprender \u2015un taller mec\u00e1nico, un museo&#8230;\u2015 y crearon un curr\u00edculo basado en su comunidad. Y luego, cuando se les permiti\u00f3 regresar, muchos maestros y familias dijeron: \u201cEn realidad, salir fue realmente interesante. Si podemos aprender algo en nuestra comunidad, \u00bfpor qu\u00e9 estar en el aula?\u201d. El oto\u00f1o pasado estuve visitando una escuela, SEK-Santa Isabel en el Barrio de las Letras de Madrid, que quiere desarrollar las competencias de empat\u00eda de sus estudiantes de sexto de primaria. Han establecido relaci\u00f3n con un centro de d\u00eda y visitan a los mayores regularmente. Es bonito ver como se amigan estudiantes de sexto [12 a\u00f1os] con personas mayores de su comunidad. Ver c\u00f3mo un anciano conf\u00eda tanto en un joven que le muestra su obra de arte y el joven se siente orgulloso ante sus amigos.<\/p>\n<p class=\"\" style=\"text-align: justify;\"><b>P. <\/b>\u00bfLos ni\u00f1os tienen que seguir memorizando o basta con experiencias como la de este proyecto? \u00bfHay que seguir con los deberes?<\/p>\n<p class=\"\" style=\"text-align: justify;\"><b>R.<\/b> Deber\u00edamos tener un debate realmente cr\u00edtico sobre lo que significan las tareas, aunque por supuesto que hay que ejercitar algo la memoria. Debemos repensar los deberes para que tengan un prop\u00f3sito pr\u00e1ctico. Si no tenemos<i> <\/i>respuesta en la pr\u00e1ctica, es dif\u00edcil aprender. Ya sea a deletrear o la teor\u00eda de la relatividad.<\/p>\n<p class=\"\" style=\"text-align: justify;\"><b>P.<\/b> Para plantear un curr\u00edculo como el que proponen, se necesita la complicidad y el compromiso de la comunidad.<\/p>\n<p class=\"\" style=\"text-align: justify;\"><b>R. <\/b>Absolutamente. Si seguimos aislando el aprendizaje de lo que es la vida, va a resultar desastroso. Necesitamos reintegrar el aprendizaje en la vida.<\/p>\n<blockquote class=\"a_q\">\n<div>Queremos que se pueda visitar colegios en los que se pone en pr\u00e1ctica el proyecto<\/div>\n<\/blockquote>\n<p class=\"\" style=\"text-align: justify;\"><b>P. <\/b>En El Elejido (Almer\u00eda) trabajan de una manera muy distinta.<\/p>\n<p class=\"\" style=\"text-align: justify;\"><b>R. <\/b>S\u00ed. En lugar de aprender ciencia en el aula, pasan tiempo en invernaderos. No es una excursi\u00f3n, tiene una intenci\u00f3n educativa.<\/p>\n<h5 class=\"a_m a_m-h \" style=\"text-align: justify;\"><span class=\"_db a_m_w _pr lb_btn\"><img data-recalc-dims=\"1\" loading=\"lazy\" decoding=\"async\" class=\"_re lazyload a_m-h alignleft\" src=\"https:\/\/i0.wp.com\/imagenes.elpais.com\/resizer\/v2\/JSEVZ6GL7FELNO2CVUTYVWU4OA.jpg?resize=414%2C276&#038;ssl=1\" sizes=\"auto, (min-width:1199px) 1155px,(min-width:1001px) calc(100vw - 44px),(min-width:768px) 767px, 100vw\" srcset=\"https:\/\/imagenes.elpais.com\/resizer\/v2\/JSEVZ6GL7FELNO2CVUTYVWU4OA.jpg?auth=80664b585a6f5dfa3418f16b2bc12f37ba7a903293c4920fe0183dee359030d7&amp;width=414 414w,https:\/\/imagenes.elpais.com\/resizer\/v2\/JSEVZ6GL7FELNO2CVUTYVWU4OA.jpg?auth=80664b585a6f5dfa3418f16b2bc12f37ba7a903293c4920fe0183dee359030d7&amp;width=828 640w,https:\/\/imagenes.elpais.com\/resizer\/v2\/JSEVZ6GL7FELNO2CVUTYVWU4OA.jpg?auth=80664b585a6f5dfa3418f16b2bc12f37ba7a903293c4920fe0183dee359030d7&amp;width=980 1000w,https:\/\/imagenes.elpais.com\/resizer\/v2\/JSEVZ6GL7FELNO2CVUTYVWU4OA.jpg?auth=80664b585a6f5dfa3418f16b2bc12f37ba7a903293c4920fe0183dee359030d7&amp;width=1960 1960w\" alt=\"Daniel Wilson en el Colegio SEK-Santa Isabel, en Madrid. \" width=\"414\" height=\"276\" \/><\/span>Daniel Wilson en el Colegio SEK-Santa Isabel, en Madrid. <span class=\"a_m_m\">Samuel S\u00e1nchez<\/span><\/h5>\n<p class=\"\" style=\"text-align: justify;\"><b>P.<\/b> <a href=\"https:\/\/elpais.com\/educacion\/escuelas-en-red\/2023-12-10\/aprender-con-proposito-social-realidad-virtual-y-alzheimer.html\" target=\"_blank\" rel=\"noopener\" data-link-track-dtm=\"\" data-mrf-link=\"https:\/\/elpais.com\/educacion\/escuelas-en-red\/2023-12-10\/aprender-con-proposito-social-realidad-virtual-y-alzheimer.html\">Su proyecto se parece mucho al aprendizaje-servicio<\/a> [un grupo de estudiantes trabaja para su comunidad, p<a href=\"https:\/\/elpais.com\/economia\/formacion\/2021-07-15\/aps-alumnos-comprometidos-y-listos-para-cambiar-el-mundo.html\" target=\"_blank\" rel=\"noopener\" data-link-track-dtm=\"\" data-mrf-link=\"https:\/\/elpais.com\/economia\/formacion\/2021-07-15\/aps-alumnos-comprometidos-y-listos-para-cambiar-el-mundo.html\">or ejemplo montando una huerta vecinal, y aprende durante el proceso].<\/a><\/p>\n<p class=\"\" style=\"text-align: justify;\"><b>R.<\/b> En algunas escuelas tienen ese aprendizaje-servicio; los ni\u00f1os, por ejemplo, ayudan a los mayores a usar el tel\u00e9fono m\u00f3vil o YouTube&#8230; La forma de aprender no es nueva, pero cambia un poco ahora. Las escuelas est\u00e1n teniendo mini secuencias de aprendizaje y las est\u00e1n integrando en el curr\u00edculo. Regresar\u00e1n al mismo sitio de nuevo, pero con otras preguntas. Y el entorno y las personas ir\u00e1n cambiando y creo que es muy interesante que vean ese proceso.<\/p>\n<p class=\"\" style=\"text-align: justify;\"><b>P.<\/b> \u00bfC\u00f3mo van a extender su proyecto?<\/p>\n<p class=\"\" style=\"text-align: justify;\"><b>R. <\/b>La idea es lanzar recursos gratuitos con casos, ejemplos. Y queremos que se pueda visitar colegios en los que se pone en pr\u00e1ctica el proyecto o que se organicen talleres. Lo que tenemos que hacer es poner en contacto a las escuelas, que se conozcan. Los cambios no tienen lugar sin relaciones humanas.<\/p>\n<p class=\"\" style=\"text-align: justify;\"><b>P. <\/b>En Espa\u00f1a solo casi se habla del uso de la tecnolog\u00eda en el aula. \u00bfSe usa en este proyecto?<\/p>\n<p class=\"\" style=\"text-align: justify;\"><b>R.<\/b> Es muy t\u00edpico que los estudiantes utilicen la tecnolog\u00eda en estas experiencias. Por ejemplo, para tomar una imagen que ilustre que est\u00e1n en el lugar correcto. Son un instrumento para compartir lo que has hecho, por ejemplo el otro d\u00eda los ni\u00f1os de Vigo en medio de un bosque usaron el <i>ipad. <\/i>S\u00e9 que es un debate \u00e9tico y cultural que se da en muchas partes, hay una alarma. Mis compa\u00f1eros expertos dicen que hasta dentro de cinco o diez a\u00f1os no vamos a ver los efectos de las pantallas en el desarrollo cognitivo. No hay una soluci\u00f3n est\u00e1ndar, somos un mundo diverso.<\/p>\n<\/div>\n<\/article>\n<p style=\"text-align: justify;\"><a class=\"a_md_a_n\" title=\"Ver todas las noticias de Elisa Sili\u00f3\" href=\"https:\/\/elpais.com\/autor\/elisa-silio\/#?rel=author_top\" data-mrf-link=\"https:\/\/elpais.com\/autor\/elisa-silio\/\"><strong>Elisa Sili\u00f3<\/strong><\/a><\/p>\n<p style=\"text-align: justify;\">FOTO: Daniel Wilson, profesor de Harvard, en el colegio SEK-Santa Isabel, en Madrid.<span class=\"a_m_m\">Samuel S\u00e1nchez<\/span><\/p>\n<p style=\"text-align: justify;\">https:\/\/elpais.com\/educacion\/2024-07-16\/daniel-wilson-experto-de-harvard-debemos-repensar-los-deberes-es-dificil-aprender-sin-una-respuesta-en-la-practica.html<\/p>\n<div class=\"a_md _g _g-xs \">\n<figure class=\"a_md_i a_m-h c_m--nf\" style=\"text-align: justify;\"><span class=\"a_m_w _db\">\u00a0<\/span><\/figure>\n<div class=\"a_md_txt\">\n<div class=\"a_md_a\" style=\"text-align: justify;\" data-dtm-region=\"articulo_firma\">\u00a0<\/div>\n<\/div>\n<\/div>\n","protected":false},"excerpt":{"rendered":"<p>El exdirector de Project Zero, el laboratorio de innovaci\u00f3n docente de la universidad, cree que&#8230;<\/p>\n","protected":false},"author":1,"featured_media":70997,"comment_status":"closed","ping_status":"closed","sticky":false,"template":"","format":"standard","meta":{"_coblocks_attr":"","_coblocks_dimensions":"","_coblocks_responsive_height":"","_coblocks_accordion_ie_support":"","jetpack_post_was_ever_published":false,"_jetpack_newsletter_access":"","_jetpack_dont_email_post_to_subs":false,"_jetpack_newsletter_tier_id":0,"_jetpack_memberships_contains_paywalled_content":false,"_jetpack_memberships_contains_paid_content":false,"footnotes":"","jetpack_publicize_message":"","jetpack_publicize_feature_enabled":true,"jetpack_social_post_already_shared":true,"jetpack_social_options":{"image_generator_settings":{"template":"highway","default_image_id":0,"enabled":false},"version":2}},"categories":[187,186,44],"tags":[],"class_list":["post-70996","post","type-post","status-publish","format-standard","has-post-thumbnail","hentry","category-centros-educativos","category-instituciones","category-noticias-de-hoy"],"jetpack_publicize_connections":[],"jetpack_featured_media_url":"https:\/\/i0.wp.com\/miradordeatarfe.es\/wp-content\/uploads\/2024\/09\/Screenshot-2024-09-05-at-13-41-46-Daniel-Wilson-experto-de-Harvard-Debemos-repensar-los-deberes.-Es-dificil-aprender-sin-una-respuesta-en-la-practica-Educacion-EL-PAIS.png?fit=778%2C506&ssl=1","jetpack_likes_enabled":true,"jetpack_sharing_enabled":true,"_links":{"self":[{"href":"https:\/\/miradordeatarfe.es\/index.php?rest_route=\/wp\/v2\/posts\/70996","targetHints":{"allow":["GET"]}}],"collection":[{"href":"https:\/\/miradordeatarfe.es\/index.php?rest_route=\/wp\/v2\/posts"}],"about":[{"href":"https:\/\/miradordeatarfe.es\/index.php?rest_route=\/wp\/v2\/types\/post"}],"author":[{"embeddable":true,"href":"https:\/\/miradordeatarfe.es\/index.php?rest_route=\/wp\/v2\/users\/1"}],"replies":[{"embeddable":true,"href":"https:\/\/miradordeatarfe.es\/index.php?rest_route=%2Fwp%2Fv2%2Fcomments&post=70996"}],"version-history":[{"count":1,"href":"https:\/\/miradordeatarfe.es\/index.php?rest_route=\/wp\/v2\/posts\/70996\/revisions"}],"predecessor-version":[{"id":70998,"href":"https:\/\/miradordeatarfe.es\/index.php?rest_route=\/wp\/v2\/posts\/70996\/revisions\/70998"}],"wp:featuredmedia":[{"embeddable":true,"href":"https:\/\/miradordeatarfe.es\/index.php?rest_route=\/wp\/v2\/media\/70997"}],"wp:attachment":[{"href":"https:\/\/miradordeatarfe.es\/index.php?rest_route=%2Fwp%2Fv2%2Fmedia&parent=70996"}],"wp:term":[{"taxonomy":"category","embeddable":true,"href":"https:\/\/miradordeatarfe.es\/index.php?rest_route=%2Fwp%2Fv2%2Fcategories&post=70996"},{"taxonomy":"post_tag","embeddable":true,"href":"https:\/\/miradordeatarfe.es\/index.php?rest_route=%2Fwp%2Fv2%2Ftags&post=70996"}],"curies":[{"name":"wp","href":"https:\/\/api.w.org\/{rel}","templated":true}]}}