{"id":71007,"date":"2024-09-06T11:09:34","date_gmt":"2024-09-06T09:09:34","guid":{"rendered":"https:\/\/miradordeatarfe.es\/?p=71007"},"modified":"2024-09-05T19:19:35","modified_gmt":"2024-09-05T17:19:35","slug":"71007","status":"publish","type":"post","link":"https:\/\/miradordeatarfe.es\/?p=71007","title":{"rendered":"Importante anuncio para las familias de Atarfe: AYUDAS PARA MATERIAL ESCOLAR"},"content":{"rendered":"<h3 style=\"text-align: justify;\">Desde las Concejal\u00edas de Bienestar Social y Educaci\u00f3n, queremos ayudarte con la compra de material escolar para el pr\u00f3ximo curso 2024\/2025.<\/h3>\n<p style=\"text-align: justify;\">\u00a0Estas ayudas est\u00e1n dirigidas a alumnos\/as empadronados\/as en Atarfe y matriculados\/as en educaci\u00f3n infantil, primaria, secundaria y educaci\u00f3n especial en centros p\u00fablicos o concertados del municipio. Las ayudas cubrir\u00e1n:<\/p>\n<p style=\"text-align: justify;\">&#8211; Primaria y secundaria: material escolar<br \/>\n&#8211; Infantil: libros y material escolar<\/p>\n<h3 style=\"text-align: justify;\">\u00a0P<strong>lazo de solicitud: del 9 al 18 de septiembre de 2024.<\/strong><\/h3>\n<p style=\"text-align: justify;\">Las personas destinatarias de las ayudas para material escolar ser\u00e1n las\/os alumnas\/os de empadronadas\/os en Atarfe y escolarizadas\/os en Educaci\u00f3n Infantil (de 3 a 5 a\u00f1os), Educaci\u00f3n\u00a0 Primaria, Educaci\u00f3n Secundaria Obligatoria y Educaci\u00f3n Especial en los colegios p\u00fablicos y\/o concertados de Atarfe.<\/p>\n<p style=\"text-align: justify;\">El presupuesto m\u00e1ximo destinado a estas ayudas ser\u00e1 de 8.000 euros (ocho mil euros). En caso de que se presentasen solicitudes que superen dicho importe, el criterio para la percepci\u00f3n de las mismas, una vez comprobado el cumplimiento de los requisitos, se realizar\u00e1 teniendo en cuenta la fecha y hora de presentaci\u00f3n de las mismas en el Registro General de este AYUNTAMIENTO<\/p>\n<h3 style=\"text-align: justify;\">REQUISITOS PARA ACCEDER A LAS AYUDAS.<\/h3>\n<p style=\"text-align: justify;\">a) El solicitante deber\u00e1 ser la madre, padre o tutor legal del alumna\/o. En el caso de divorcio o separaci\u00f3n legal de los c\u00f3nyuges no se considerar\u00e1 miembro computable a quien no ostente su Guarda y Custodia. En caso de Guarda y Custodia compartida, tan solo podr\u00e1 solicitar esta ayuda el progenitor que coincida a efectos padronales con el domicilio del menor.<\/p>\n<p style=\"text-align: justify;\">b) Las\/os alumnas\/os deber\u00e1n estar empadronadas\/os en Atarfe y pertenecer a unidades familiares, igualmente, empadronadas en un mismo domicilio del municipio.<br \/>\nA tal efecto, se utiliza un criterio de unidad familiar, defini\u00e9ndola como la constituida por las\/os menores de edad y la persona o personas que ostentan su patria potestad, tutela, guarda o<br \/>\nacogimiento familiar (formalizado o no), que residan en la misma vivienda. No se incluyen personas con otra vinculaci\u00f3n, aunque residan en el mismo domicilio.<\/p>\n<p style=\"text-align: justify;\">c) Que las\/os alumnas\/os se encuentren matriculadas\/os en alguno de los colegios p\u00fablicos o concertados del municipio en cualquiera de los citados cursos de Educaci\u00f3n Infantil, Educaci\u00f3n Primaria, Educaci\u00f3n Secundaria Obligatoria y Educaci\u00f3n Especial. Igualmente, se atender\u00e1n las solicitudes de aquellas\/os alumnas\/os empadronados en Atarfe que cursen estudios de Educaci\u00f3n Primaria, Educaci\u00f3n Especial y Educaci\u00f3n Secundaria Obligatoria con adjudicaci\u00f3n de plaza en los recursos educativos de escuela hogar y\/o residencias escolares, que dentro del plazo de presentaci\u00f3n de solicitudes re\u00fanan los requisitos establecidos.<\/p>\n<p style=\"text-align: justify;\">d) En el mes anterior a la presentaci\u00f3n de la solicitud, los ingresos econ\u00f3micos familiares no habr\u00e1n podido superar el IPREM anual establecido para el a\u00f1o 2024.<\/p>\n<p style=\"text-align: justify;\"><a href=\"https:\/\/i0.wp.com\/miradordeatarfe.es\/wp-content\/uploads\/2024\/09\/Captura20240905141925.png?ssl=1\"><img data-recalc-dims=\"1\" loading=\"lazy\" decoding=\"async\" class=\"alignnone wp-image-71008 size-full\" src=\"https:\/\/i0.wp.com\/miradordeatarfe.es\/wp-content\/uploads\/2024\/09\/Captura20240905141925.png?resize=640%2C254&#038;ssl=1\" alt=\"\" width=\"640\" height=\"254\" srcset=\"https:\/\/i0.wp.com\/miradordeatarfe.es\/wp-content\/uploads\/2024\/09\/Captura20240905141925.png?w=675&amp;ssl=1 675w, https:\/\/i0.wp.com\/miradordeatarfe.es\/wp-content\/uploads\/2024\/09\/Captura20240905141925.png?resize=300%2C119&amp;ssl=1 300w\" sizes=\"auto, (max-width: 640px) 100vw, 640px\" \/><\/a><\/p>\n<p style=\"text-align: justify;\">e) Ser\u00e1n Ingresos computables los rendimientos procedentes del trabajo, sea por cuenta propia o ajena, de pensiones, prestaciones y subsidios, incluyendo Ingreso m\u00ednimo vital y Renta m\u00ednima de<br \/>\ninclusi\u00f3n social de Andaluc\u00eda. No se considerar\u00e1n recursos computables la propiedad o mera posesi\u00f3n de la vivienda habitual ni la prestaci\u00f3n por hijo a cargo ni aquellas prestaciones econ\u00f3micas<br \/>\nderivadas de la Ley de Dependencia.<\/p>\n<p style=\"text-align: justify;\">Ser\u00e1n gastos computables y deducibles solo los ingresos calculables y relativos al alquiler o hipoteca de la vivienda habitual, debidamente acreditados.<br \/>\nEn cada caso se acreditar\u00e1 documentalment<strong>e<\/strong> aportando los justificantes correspondientes (copia del recibo bancario del mes anterior a la solicitud en el que se recoja los conceptos de <br \/>\ntransferencia o ingreso en efectivo del pr\u00e9stamo hipotecario o de alquiler).<\/p>\n<h3 style=\"text-align: justify;\">4.- CUANT\u00cdA DE LAS AYUDAS<br \/>\nLa dotaci\u00f3n individual por cada alumna\/o, ser\u00e1 la siguiente:<\/h3>\n<p style=\"text-align: justify;\">1. Para Educaci\u00f3n Infantil de 3, 4 y 5 a\u00f1os: ayudas para material escolar (fungible o no fungible)y\/o libros de texto (60\u20ac).<\/p>\n<p style=\"text-align: justify;\">2. Para Educaci\u00f3n Primaria, Educaci\u00f3n Especial y\/o Educaci\u00f3n Secundaria Obligatoria (desde 1\u00ba E.S.O a 4\u00ba E.S.O, ambos incluidos): ayudas para material escolar (40\u20ac).<\/p>\n<p style=\"text-align: justify;\">Tras la resoluci\u00f3n, publicaci\u00f3n y entrega de las ayudas, la convocatoria quedar\u00e1 cerrada. Dichas ayudas son de car\u00e1cter anual e improrrogables.<\/p>\n<p style=\"text-align: justify;\">BASES DE LA CONVOCATORIA:<\/p>\n<p style=\"text-align: justify;\"><a href=\"https:\/\/drive.google.com\/file\/d\/1kLEUZ7oLbMu12Iy_0g6XV00o0O1PhPqs\/view?usp=sharing\">https:\/\/drive.google.com\/file\/d\/1kLEUZ7oLbMu12Iy_0g6XV00o0O1PhPqs\/view?usp=sharing<\/a><\/p>\n<p style=\"text-align: justify;\">MODELO DE SOLICITUD:<\/p>\n<p style=\"text-align: justify;\"><a href=\"https:\/\/drive.google.com\/file\/d\/1aC2bIBeRTassxkZa_KRcB1TO06_dzRhB\/view?usp=sharing\">https:\/\/drive.google.com\/file\/d\/1aC2bIBeRTassxkZa_KRcB1TO06_dzRhB\/view?usp=sharing<\/a><\/p>\n<h3 style=\"text-align: justify;\">Si lo necesitas, en las dependencias de Servicios Sociales en la Plaza de Abastos, te ayudar\u00e1n con la tramitaci\u00f3n.<\/h3>\n<h3 style=\"text-align: justify;\">&#x1f517; Presentaci\u00f3n en el Registro General o en la Sede Electr\u00f3nica <a href=\"https:\/\/atarfe.sedelectronica.es\">https:\/\/atarfe.sedelectronica.es<\/a><\/h3>\n","protected":false},"excerpt":{"rendered":"<p>Desde las Concejal\u00edas de Bienestar Social y Educaci\u00f3n, queremos ayudarte con la compra de material&#8230;<\/p>\n","protected":false},"author":1,"featured_media":71009,"comment_status":"closed","ping_status":"closed","sticky":false,"template":"","format":"standard","meta":{"_coblocks_attr":"","_coblocks_dimensions":"","_coblocks_responsive_height":"","_coblocks_accordion_ie_support":"","jetpack_post_was_ever_published":false,"_jetpack_newsletter_access":"","_jetpack_dont_email_post_to_subs":false,"_jetpack_newsletter_tier_id":0,"_jetpack_memberships_contains_paywalled_content":false,"_jetpack_memberships_contains_paid_content":false,"footnotes":"","jetpack_publicize_message":"","jetpack_publicize_feature_enabled":true,"jetpack_social_post_already_shared":true,"jetpack_social_options":{"image_generator_settings":{"template":"highway","default_image_id":0,"enabled":false},"version":2}},"categories":[6916,187,44],"tags":[],"class_list":["post-71007","post","type-post","status-publish","format-standard","has-post-thumbnail","hentry","category-ayuntamiento-de-atarfe","category-centros-educativos","category-noticias-de-hoy"],"jetpack_publicize_connections":[],"jetpack_featured_media_url":"https:\/\/i0.wp.com\/miradordeatarfe.es\/wp-content\/uploads\/2024\/09\/Imagen-de-WhatsApp-2024-09-05-a-las-14.06.21_7debb0a1.jpg?fit=600%2C600&ssl=1","jetpack_likes_enabled":true,"jetpack_sharing_enabled":true,"_links":{"self":[{"href":"https:\/\/miradordeatarfe.es\/index.php?rest_route=\/wp\/v2\/posts\/71007","targetHints":{"allow":["GET"]}}],"collection":[{"href":"https:\/\/miradordeatarfe.es\/index.php?rest_route=\/wp\/v2\/posts"}],"about":[{"href":"https:\/\/miradordeatarfe.es\/index.php?rest_route=\/wp\/v2\/types\/post"}],"author":[{"embeddable":true,"href":"https:\/\/miradordeatarfe.es\/index.php?rest_route=\/wp\/v2\/users\/1"}],"replies":[{"embeddable":true,"href":"https:\/\/miradordeatarfe.es\/index.php?rest_route=%2Fwp%2Fv2%2Fcomments&post=71007"}],"version-history":[{"count":2,"href":"https:\/\/miradordeatarfe.es\/index.php?rest_route=\/wp\/v2\/posts\/71007\/revisions"}],"predecessor-version":[{"id":71011,"href":"https:\/\/miradordeatarfe.es\/index.php?rest_route=\/wp\/v2\/posts\/71007\/revisions\/71011"}],"wp:featuredmedia":[{"embeddable":true,"href":"https:\/\/miradordeatarfe.es\/index.php?rest_route=\/wp\/v2\/media\/71009"}],"wp:attachment":[{"href":"https:\/\/miradordeatarfe.es\/index.php?rest_route=%2Fwp%2Fv2%2Fmedia&parent=71007"}],"wp:term":[{"taxonomy":"category","embeddable":true,"href":"https:\/\/miradordeatarfe.es\/index.php?rest_route=%2Fwp%2Fv2%2Fcategories&post=71007"},{"taxonomy":"post_tag","embeddable":true,"href":"https:\/\/miradordeatarfe.es\/index.php?rest_route=%2Fwp%2Fv2%2Ftags&post=71007"}],"curies":[{"name":"wp","href":"https:\/\/api.w.org\/{rel}","templated":true}]}}