{"id":71016,"date":"2024-09-07T11:30:00","date_gmt":"2024-09-07T09:30:00","guid":{"rendered":"https:\/\/miradordeatarfe.es\/?p=71016"},"modified":"2024-09-07T20:16:47","modified_gmt":"2024-09-07T18:16:47","slug":"cursos-online-gratuitos-para-jovenes-en-atarfe-nueva-convocatoria","status":"publish","type":"post","link":"https:\/\/miradordeatarfe.es\/?p=71016","title":{"rendered":"Cursos Online Gratuitos para J\u00f3venes en Atarfe (Nueva Convocatoria)"},"content":{"rendered":"<h3>La Concejal\u00eda de Juventud lanza esta iniciativa dirigida a la poblaci\u00f3n joven de Atarfe. \u00a1No pierdas esta oportunidad!<\/h3>\n<p>Plazo de Inscripci\u00f3n:<strong> Del 6 al 20 de Septiembre<\/strong><br \/>\nPrioridad: J\u00f3venes entre <strong>16 y 35 a\u00f1os<\/strong> y residentes en Atarfe<br \/>\nInscripciones: Se realizar\u00e1n por <strong>orden de llegada<\/strong><\/p>\n<h3>M\u00e1s Informaci\u00f3n:<br \/>\n676484703<br \/>\njuventud@atarfe.es<\/h3>\n<p>Los cursos de formaci\u00f3n son gratuitos y se realizar\u00e1n online. A la plataforma on-line se podr\u00e1 acceder de manera ilimitada durante las<br \/>\n24 horas del d\u00eda, los 7 d\u00edas a la semana.<\/p>\n<p>Se contar\u00e1 con dos convocatorias de 50 plazas cada una.La poblaci\u00f3n joven solo podr\u00e1 elegir un curso en cada convocatoria entre los diferentes propuestos, dando la posibilidad de ampliar la participaci\u00f3n a m\u00e1s j\u00f3venes.<\/p>\n<p>En la 2a convocatoria se dar\u00e1 prioridad a las personas que no hayan tenido opci\u00f3n de hacer ning\u00fan curso en la 1a convocatoria y cumplan con los requisitos.<\/p>\n<p>A las personas participantes que superen con \u00e9xito el curso en cualquiera de las convocatorias se les har\u00e1 entrega de un Certificado.<\/p>\n<h3>La documentaci\u00f3n a presentar ser\u00e1 la siguiente:<\/h3>\n<p>a)Modelo de solicitud.<br \/>\nb)Fotocopia del DNI.<br \/>\nc)Modelo de declaraci\u00f3n responsable.<\/p>\n<h3>Criterios de selecci\u00f3n.<\/h3>\n<p>Primera Convocatoria<br \/>\n1o Estar empadronados en Atarfe.<br \/>\n2a Orden de llegada de la solicitud.<\/p>\n<p>Segunda convocatoria<br \/>\n1o Estar empadronados en Atarfe.<br \/>\n2o Orden de llegada de la solicitud.<br \/>\n3o Tendr\u00e1n prioridad las personas solicitantes que no hayan realizado ning\u00fan curso formativo de los ofertados en la Primera convocatoria de<br \/>\neste a\u00f1o 2024.<\/p>\n<h1>1\u00aa CONVOCATORIA<\/h1>\n<p>(S\u00f3lo se elige uno)<\/p>\n<p><a href=\"https:\/\/i0.wp.com\/miradordeatarfe.es\/wp-content\/uploads\/2024\/09\/Captura20240906165727.png?ssl=1\"><img data-recalc-dims=\"1\" loading=\"lazy\" decoding=\"async\" class=\"alignnone wp-image-71017 size-full\" src=\"https:\/\/i0.wp.com\/miradordeatarfe.es\/wp-content\/uploads\/2024\/09\/Captura20240906165727.png?resize=640%2C348&#038;ssl=1\" alt=\"\" width=\"640\" height=\"348\" srcset=\"https:\/\/i0.wp.com\/miradordeatarfe.es\/wp-content\/uploads\/2024\/09\/Captura20240906165727.png?w=905&amp;ssl=1 905w, https:\/\/i0.wp.com\/miradordeatarfe.es\/wp-content\/uploads\/2024\/09\/Captura20240906165727.png?resize=300%2C163&amp;ssl=1 300w, https:\/\/i0.wp.com\/miradordeatarfe.es\/wp-content\/uploads\/2024\/09\/Captura20240906165727.png?resize=768%2C418&amp;ssl=1 768w\" sizes=\"auto, (max-width: 640px) 100vw, 640px\" \/><\/a><\/p>\n<h1>2\u00aa CONVOCATORIA<\/h1>\n<p>(S\u00f3lo se elige uno)<\/p>\n<p><a href=\"https:\/\/i0.wp.com\/miradordeatarfe.es\/wp-content\/uploads\/2024\/09\/Captura20240906165926.png?ssl=1\"><img data-recalc-dims=\"1\" loading=\"lazy\" decoding=\"async\" class=\"alignnone wp-image-71018 size-full\" src=\"https:\/\/i0.wp.com\/miradordeatarfe.es\/wp-content\/uploads\/2024\/09\/Captura20240906165926.png?resize=640%2C416&#038;ssl=1\" alt=\"\" width=\"640\" height=\"416\" srcset=\"https:\/\/i0.wp.com\/miradordeatarfe.es\/wp-content\/uploads\/2024\/09\/Captura20240906165926.png?w=906&amp;ssl=1 906w, https:\/\/i0.wp.com\/miradordeatarfe.es\/wp-content\/uploads\/2024\/09\/Captura20240906165926.png?resize=300%2C195&amp;ssl=1 300w, https:\/\/i0.wp.com\/miradordeatarfe.es\/wp-content\/uploads\/2024\/09\/Captura20240906165926.png?resize=768%2C499&amp;ssl=1 768w\" sizes=\"auto, (max-width: 640px) 100vw, 640px\" \/><\/a><\/p>\n<p><a href=\"https:\/\/i0.wp.com\/miradordeatarfe.es\/wp-content\/uploads\/2024\/09\/Imagen-de-WhatsApp-2024-09-06-a-las-10.53.14_b6184603.jpg?ssl=1\"><img data-recalc-dims=\"1\" loading=\"lazy\" decoding=\"async\" class=\"alignnone wp-image-71019 \" src=\"https:\/\/i0.wp.com\/miradordeatarfe.es\/wp-content\/uploads\/2024\/09\/Imagen-de-WhatsApp-2024-09-06-a-las-10.53.14_b6184603.jpg?resize=640%2C906&#038;ssl=1\" alt=\"\" width=\"640\" height=\"906\" srcset=\"https:\/\/i0.wp.com\/miradordeatarfe.es\/wp-content\/uploads\/2024\/09\/Imagen-de-WhatsApp-2024-09-06-a-las-10.53.14_b6184603.jpg?w=600&amp;ssl=1 600w, https:\/\/i0.wp.com\/miradordeatarfe.es\/wp-content\/uploads\/2024\/09\/Imagen-de-WhatsApp-2024-09-06-a-las-10.53.14_b6184603.jpg?resize=212%2C300&amp;ssl=1 212w\" sizes=\"auto, (max-width: 640px) 100vw, 640px\" \/><\/a><\/p>\n<p><strong>CONVIENE QUE SE LEAN LAS BASES Y DOCUMENTACI\u00d3N\u00a0 EN ESTE ENLACE:<\/strong><\/p>\n<p><a href=\"https:\/\/drive.google.com\/file\/d\/1HDhrHq_H7rVlQPr5AM6t7hmAdNBUJChb\/view?usp=sharing\">https:\/\/drive.google.com\/file\/d\/1HDhrHq_H7rVlQPr5AM6t7hmAdNBUJChb\/view?usp=sharing<\/a><\/p>\n<p>&nbsp;<\/p>\n<p>FOTO: https:\/\/www.segg.es\/formacion\/2015\/09\/03\/cursos-on-line-gratuitos-apuntate-ya<\/p>\n","protected":false},"excerpt":{"rendered":"<p>La Concejal\u00eda de Juventud lanza esta iniciativa dirigida a la poblaci\u00f3n joven de Atarfe. \u00a1No&#8230;<\/p>\n","protected":false},"author":1,"featured_media":71020,"comment_status":"closed","ping_status":"closed","sticky":false,"template":"","format":"standard","meta":{"_coblocks_attr":"","_coblocks_dimensions":"","_coblocks_responsive_height":"","_coblocks_accordion_ie_support":"","jetpack_post_was_ever_published":false,"_jetpack_newsletter_access":"","_jetpack_dont_email_post_to_subs":false,"_jetpack_newsletter_tier_id":0,"_jetpack_memberships_contains_paywalled_content":false,"_jetpack_memberships_contains_paid_content":false,"footnotes":"","jetpack_publicize_message":"","jetpack_publicize_feature_enabled":true,"jetpack_social_post_already_shared":false,"jetpack_social_options":{"image_generator_settings":{"template":"highway","default_image_id":0,"enabled":false},"version":2}},"categories":[2,187,44],"tags":[],"class_list":["post-71016","post","type-post","status-publish","format-standard","has-post-thumbnail","hentry","category-atarfe","category-centros-educativos","category-noticias-de-hoy"],"jetpack_publicize_connections":[],"jetpack_featured_media_url":"https:\/\/i0.wp.com\/miradordeatarfe.es\/wp-content\/uploads\/2024\/09\/imagesD.jpeg?fit=275%2C183&ssl=1","jetpack_likes_enabled":true,"jetpack_sharing_enabled":true,"_links":{"self":[{"href":"https:\/\/miradordeatarfe.es\/index.php?rest_route=\/wp\/v2\/posts\/71016","targetHints":{"allow":["GET"]}}],"collection":[{"href":"https:\/\/miradordeatarfe.es\/index.php?rest_route=\/wp\/v2\/posts"}],"about":[{"href":"https:\/\/miradordeatarfe.es\/index.php?rest_route=\/wp\/v2\/types\/post"}],"author":[{"embeddable":true,"href":"https:\/\/miradordeatarfe.es\/index.php?rest_route=\/wp\/v2\/users\/1"}],"replies":[{"embeddable":true,"href":"https:\/\/miradordeatarfe.es\/index.php?rest_route=%2Fwp%2Fv2%2Fcomments&post=71016"}],"version-history":[{"count":1,"href":"https:\/\/miradordeatarfe.es\/index.php?rest_route=\/wp\/v2\/posts\/71016\/revisions"}],"predecessor-version":[{"id":71021,"href":"https:\/\/miradordeatarfe.es\/index.php?rest_route=\/wp\/v2\/posts\/71016\/revisions\/71021"}],"wp:featuredmedia":[{"embeddable":true,"href":"https:\/\/miradordeatarfe.es\/index.php?rest_route=\/wp\/v2\/media\/71020"}],"wp:attachment":[{"href":"https:\/\/miradordeatarfe.es\/index.php?rest_route=%2Fwp%2Fv2%2Fmedia&parent=71016"}],"wp:term":[{"taxonomy":"category","embeddable":true,"href":"https:\/\/miradordeatarfe.es\/index.php?rest_route=%2Fwp%2Fv2%2Fcategories&post=71016"},{"taxonomy":"post_tag","embeddable":true,"href":"https:\/\/miradordeatarfe.es\/index.php?rest_route=%2Fwp%2Fv2%2Ftags&post=71016"}],"curies":[{"name":"wp","href":"https:\/\/api.w.org\/{rel}","templated":true}]}}