{"id":71028,"date":"2024-09-08T11:06:30","date_gmt":"2024-09-08T09:06:30","guid":{"rendered":"https:\/\/miradordeatarfe.es\/?p=71028"},"modified":"2024-09-11T19:40:31","modified_gmt":"2024-09-11T17:40:31","slug":"vecineando-y-libros-nuevos-por-fabiola-ga-montijano","status":"publish","type":"post","link":"https:\/\/miradordeatarfe.es\/?p=71028","title":{"rendered":"\u00abVecineando y libros nuevos\u00bb por Fabiola G\u00aa Montijano"},"content":{"rendered":"<h3 style=\"text-align: justify;\"><strong>Creativa<\/strong><\/h3>\n<p style=\"text-align: justify;\">Si hay un recuerdo que como ning\u00fan otro me acerca al septiembre de mi infancia es, sin dudarlo, el olor a libro nuevo.<\/p>\n<p style=\"text-align: justify;\">Atr\u00e1s quedaba el verano y la vuelta al cole tra\u00eda la ilusi\u00f3n de estrenar libros, cartera, plumier o estuche, aunque a veces no siempre fue as\u00ed.<\/p>\n<p style=\"text-align: justify;\">Se apuraban las hojas de las libretas del curso anterior porque las ma\u00f1anas de verano de once a doce y de lunes a viernes mi hermana mayor, Mari Trini, improvisaba en el patio de la casa una escuela bajo un toldo hecho con los sacos vac\u00edos del az\u00facar \u00a0con la que elaboraban mis padres riqu\u00edsimos helados artesanales.<\/p>\n<p style=\"text-align: justify;\">Y all\u00ed bajo aquella sombra \u00a0repas\u00e1bamos cuentas, caligraf\u00eda, ortograf\u00eda-qu\u00e9 cantidad de dictados madre m\u00eda- le\u00edamos en voz alta y hasta alg\u00fan que otro dibujo daba fin a las hojas de la usada libreta. No s\u00e9 por qu\u00e9 \u00a0pero un caracol de largos cuernos \u00a0que terminaba en unos enormes ojos era mi dibujo favorito y junto con la palabra fin la libreta estaba lista.<\/p>\n<p style=\"text-align: justify;\">Era mi hermana quien nos forraba los \u201cheredados\u201d libros con papeles de colores y repasaba estuches y carteras para ver qu\u00e9 ten\u00edamos que comprar en la librer\u00eda de Bail\u00f3n en la \u201cCalle Nueva\u201d, curiosamente el mismo lugar en donde mi padre \u00a0compraba la leche para sus helados de producci\u00f3n propia.<\/p>\n<p style=\"text-align: justify;\">Yo estrenaba cada a\u00f1o un nuevo estuche despu\u00e9s de que vinieran los Reyes Magos porque mi t\u00eda C\u00e1ndida, hermana de mi padre, que regentaba junto a su marido, mi tito Pepe, en verano una helader\u00eda y en invierno una papeler\u00eda-jugueter\u00eda en Marbella, me tra\u00eda uno por aquellas fechas- qu\u00e9 pasada de estuche, cuarenta y ocho colores y doce rotuladores adem\u00e1s de escuadra, cartab\u00f3n, semic\u00edrculo, regla, goma., sacapuntas, tijeras y comp\u00e1s- . Cada vez que lo abr\u00eda una amplia sonrisa iluminaba mi carilla.<\/p>\n<p style=\"text-align: justify;\">A mis hermanos s\u00ed les compraban carteras nuevas, yo no quer\u00eda porque \u00a0prefer\u00eda las \u201creliquias\u201d. Recuerdo ir al colegio con una cartera de lata color rosa que mi abuela materna ten\u00eda guardada porque alguien se la dio. Me encantaba. Otra vez llev\u00e9 una peque\u00f1a maleta de madera que hab\u00eda pertenecido a alguno de mis t\u00edos, hermanos de mi madre. A mi hermana le daba verg\u00fcenza y le ped\u00eda a \u00a0mam\u00e1 que no me dejara ir con semejante artilugio al cole.<\/p>\n<p style=\"text-align: justify;\">Pasaron \u00a0pocos a\u00f1os y los libros \u201cheredados\u201d dieron paso a los esperados libros nuevos que comprabas en la librer\u00eda \u00a0Bail\u00f3n o en la librer\u00eda D\u00edaz en donde te los forraban dejando de hacerlo por el trabajo que ello ten\u00eda \u00a0y \u00a0en su lugar \u00a0te regalaban por la compra de libros, \u00a0el forro y el \u201cFixo \u201cpara que lo hicieras t\u00fa en casa.<\/p>\n<p style=\"text-align: justify;\">Mi hermana pas\u00f3 el testigo \u00a0a mi hermano Fernando quien para librarse de la ardua tarea de forrar los libros nos ense\u00f1\u00f3 a hacerlo.<\/p>\n<p style=\"text-align: justify;\">\u00a0Nunca olvidar\u00e9 la primera vez que forr\u00e9 mis libros con aquel forro que ten\u00eda pintadas mariposas de colores. Ni tampoco olvidar\u00e9 el caracter\u00edstico olor a libro nuevo que invitaba a pasar sus hojas con cuidado \u00a0mientras te impregnabas de tan inolvidable aroma.<\/p>\n<p>\u201c<strong>Un coraz\u00f3n de guitarra quisiera para cantar lo que siento\u201d<\/strong><\/p>\n<p><strong>(Alberto Cortez) <\/strong><\/p>\n<p><strong>\u00a0<\/strong><\/p>\n<p>&nbsp;<\/p>\n<p>&nbsp;<\/p>\n","protected":false},"excerpt":{"rendered":"<p>Creativa Si hay un recuerdo que como ning\u00fan otro me acerca al septiembre de mi&#8230;<\/p>\n","protected":false},"author":1,"featured_media":71029,"comment_status":"closed","ping_status":"closed","sticky":false,"template":"","format":"standard","meta":{"_coblocks_attr":"","_coblocks_dimensions":"","_coblocks_responsive_height":"","_coblocks_accordion_ie_support":"","jetpack_post_was_ever_published":false,"_jetpack_newsletter_access":"","_jetpack_dont_email_post_to_subs":false,"_jetpack_newsletter_tier_id":0,"_jetpack_memberships_contains_paywalled_content":false,"_jetpack_memberships_contains_paid_content":false,"footnotes":"","jetpack_publicize_message":"","jetpack_publicize_feature_enabled":true,"jetpack_social_post_already_shared":true,"jetpack_social_options":{"image_generator_settings":{"template":"highway","default_image_id":0,"enabled":false},"version":2}},"categories":[2,10796,1225,44],"tags":[],"class_list":["post-71028","post","type-post","status-publish","format-standard","has-post-thumbnail","hentry","category-atarfe","category-fabiola-ga-montijano","category-ha-de-atarfe","category-noticias-de-hoy"],"jetpack_publicize_connections":[],"jetpack_featured_media_url":"https:\/\/i0.wp.com\/miradordeatarfe.es\/wp-content\/uploads\/2024\/09\/Imagen-de-WhatsApp-2024-09-06-a-las-19.27.12_fe5b1348.jpg?fit=1536%2C2048&ssl=1","jetpack_likes_enabled":true,"jetpack_sharing_enabled":true,"_links":{"self":[{"href":"https:\/\/miradordeatarfe.es\/index.php?rest_route=\/wp\/v2\/posts\/71028","targetHints":{"allow":["GET"]}}],"collection":[{"href":"https:\/\/miradordeatarfe.es\/index.php?rest_route=\/wp\/v2\/posts"}],"about":[{"href":"https:\/\/miradordeatarfe.es\/index.php?rest_route=\/wp\/v2\/types\/post"}],"author":[{"embeddable":true,"href":"https:\/\/miradordeatarfe.es\/index.php?rest_route=\/wp\/v2\/users\/1"}],"replies":[{"embeddable":true,"href":"https:\/\/miradordeatarfe.es\/index.php?rest_route=%2Fwp%2Fv2%2Fcomments&post=71028"}],"version-history":[{"count":1,"href":"https:\/\/miradordeatarfe.es\/index.php?rest_route=\/wp\/v2\/posts\/71028\/revisions"}],"predecessor-version":[{"id":71030,"href":"https:\/\/miradordeatarfe.es\/index.php?rest_route=\/wp\/v2\/posts\/71028\/revisions\/71030"}],"wp:featuredmedia":[{"embeddable":true,"href":"https:\/\/miradordeatarfe.es\/index.php?rest_route=\/wp\/v2\/media\/71029"}],"wp:attachment":[{"href":"https:\/\/miradordeatarfe.es\/index.php?rest_route=%2Fwp%2Fv2%2Fmedia&parent=71028"}],"wp:term":[{"taxonomy":"category","embeddable":true,"href":"https:\/\/miradordeatarfe.es\/index.php?rest_route=%2Fwp%2Fv2%2Fcategories&post=71028"},{"taxonomy":"post_tag","embeddable":true,"href":"https:\/\/miradordeatarfe.es\/index.php?rest_route=%2Fwp%2Fv2%2Ftags&post=71028"}],"curies":[{"name":"wp","href":"https:\/\/api.w.org\/{rel}","templated":true}]}}