{"id":71043,"date":"2024-09-13T11:39:52","date_gmt":"2024-09-13T09:39:52","guid":{"rendered":"https:\/\/miradordeatarfe.es\/?p=71043"},"modified":"2024-09-11T19:29:09","modified_gmt":"2024-09-11T17:29:09","slug":"atarfe-referente-de-inclusion","status":"publish","type":"post","link":"https:\/\/miradordeatarfe.es\/?p=71043","title":{"rendered":"ATARFE REFERENTE DE INCLUSI\u00d3N"},"content":{"rendered":"<h3 style=\"text-align: justify;\">El Ayuntamiento de Atarfe sigue avanzando en nuestro compromiso de convertir a Atarfe en un referente de Inclusi\u00f3n. Con la firma del convenio con la Asociaci\u00f3n S\u00edndrome de Down de Granada, se da un paso m\u00e1s para promover la inclusi\u00f3n social y laboral de las personas con s\u00edndrome de Down.<\/h3>\n<p style=\"text-align: justify;\">La integraci\u00f3n y normalizaci\u00f3n son ejes de la filosof\u00eda que inspiran la meta y la acci\u00f3n formativa de las personas con S\u00edndrome de Down. Granadown tiene como fin general <strong>mejorar la calidad de vida de las personas con S\u00edndrome de Down<\/strong>, potenciando el pleno desarrollo de sus capacidades individuales y logrando su plena inclusi\u00f3n en la sociedad.<\/p>\n<p style=\"text-align: justify;\">Creemos en las capacidades de las personas con S\u00edndrome de Down, promoviendo las estrategias m\u00e1s adecuadas para potenciarlas. Queremos que alcancen la mayor autonom\u00eda e independencia que les permita desenvolverse y participar activamente en la comunidad y para ello <strong>apostamos por la m\u00e1xima implicaci\u00f3n de las familias<\/strong> y la formaci\u00f3n espec\u00edfica de nuestros profesionales.<\/p>\n<p style=\"text-align: justify;\">El<strong><em> S\u00edndrome de Down es la principal causa de discapacidad intelectual y la alteraci\u00f3n gen\u00e9tica m\u00e1s com\u00fan entre la poblaci\u00f3n<\/em><\/strong>. No existen factores determinantes que provoquen dicha alteraci\u00f3n, si no que se produce de forma totalmente espont\u00e1nea. Cada 700-600 personas nacidas aparece una persona con S\u00edndrome de Down. Y las encontramos en todas las etnias y pa\u00edses. Solamente se ha podido demostrar que la edad materna (especialmente cuando supera los 35 a\u00f1os) y de manera muy excepcional (1% de los casos) la herencia de los progenitores pueden ser factores de riesgo.<\/p>\n<p style=\"text-align: justify;\"><strong>La Asociaci\u00f3n Sindrome de Down de Granada fue creada en 1.990,<\/strong> es una Entidad sin \u00e1nimo de lucro, de \u00e1mbito provincial, inscrita con el n\u00famero de registro 1.496. Declarada de Utilidad Publica. Forman parte de Down Andaluc\u00eda, la Federaci\u00f3n Andaluza de Asociaciones para el S\u00edndrome de Down, y de la Federaci\u00f3n Espa\u00f1ola de Instituciones para el S\u00edndrome de Down, Down Espa\u00f1a.<\/p>\n<p style=\"text-align: justify;\">Gracias a este convenio, desarrollaremos actividades conjuntas como: <br \/>\n&#x1f539;<strong> Asesoramiento mutuo<\/strong><br \/>\n<strong>&#x1f539; Campa\u00f1as de sensibilizaci\u00f3n<\/strong><br \/>\n<strong>&#x1f539; Eventos que fomenten la integraci\u00f3n<\/strong><\/p>\n<p><strong>Adem\u00e1s, el Ayuntamiento ceder\u00e1 espacios e instalaciones para acciones formativas y ofrecer\u00e1 oportunidades de aprendizaje a personas con s\u00edndrome de Down.<\/strong><\/p>\n<p>La firma del convenio ha contado con la participaci\u00f3n de nuestra <strong>Alcaldesa, Yolanda Fern\u00e1ndez, el Presidente de la Asociaci\u00f3n, Francisco Hidalgo, la Gerente de la Asociaci\u00f3n, Mar\u00eda Matilla, y el Concejal de Bienestar Social, Javier Arenas.<\/strong><\/p>\n<p>Con iniciativas como esta, seguimos construyendo un Atarfe m\u00e1s inclusivo, donde todos y todas tenemos un lugar destacado<\/p>\n<p><div class=\"jetpack-video-wrapper\"><iframe loading=\"lazy\" title=\"\u2728\ud83e\udd1d Atarfe, referente en Inclusi\u00f3n \ud83e\udd1d\u2728\" width=\"640\" height=\"360\" src=\"https:\/\/www.youtube.com\/embed\/gt9jrrUs8uc?feature=oembed\" frameborder=\"0\" allow=\"accelerometer; autoplay; clipboard-write; encrypted-media; gyroscope; picture-in-picture; web-share\" referrerpolicy=\"strict-origin-when-cross-origin\" allowfullscreen><\/iframe><\/div><\/p>\n","protected":false},"excerpt":{"rendered":"<p>El Ayuntamiento de Atarfe sigue avanzando en nuestro compromiso de convertir a Atarfe en un&#8230;<\/p>\n","protected":false},"author":1,"featured_media":71044,"comment_status":"closed","ping_status":"closed","sticky":false,"template":"","format":"standard","meta":{"_coblocks_attr":"","_coblocks_dimensions":"","_coblocks_responsive_height":"","_coblocks_accordion_ie_support":"","jetpack_post_was_ever_published":false,"_jetpack_newsletter_access":"","_jetpack_dont_email_post_to_subs":false,"_jetpack_newsletter_tier_id":0,"_jetpack_memberships_contains_paywalled_content":false,"_jetpack_memberships_contains_paid_content":false,"footnotes":"","jetpack_publicize_message":"","jetpack_publicize_feature_enabled":true,"jetpack_social_post_already_shared":true,"jetpack_social_options":{"image_generator_settings":{"template":"highway","default_image_id":0,"enabled":false},"version":2}},"categories":[6916,187,44,6937],"tags":[],"class_list":["post-71043","post","type-post","status-publish","format-standard","has-post-thumbnail","hentry","category-ayuntamiento-de-atarfe","category-centros-educativos","category-noticias-de-hoy","category-sociedad"],"jetpack_publicize_connections":[],"jetpack_featured_media_url":"https:\/\/i0.wp.com\/miradordeatarfe.es\/wp-content\/uploads\/2024\/09\/sindrome-down.png?fit=393%2C237&ssl=1","jetpack_likes_enabled":true,"jetpack_sharing_enabled":true,"_links":{"self":[{"href":"https:\/\/miradordeatarfe.es\/index.php?rest_route=\/wp\/v2\/posts\/71043","targetHints":{"allow":["GET"]}}],"collection":[{"href":"https:\/\/miradordeatarfe.es\/index.php?rest_route=\/wp\/v2\/posts"}],"about":[{"href":"https:\/\/miradordeatarfe.es\/index.php?rest_route=\/wp\/v2\/types\/post"}],"author":[{"embeddable":true,"href":"https:\/\/miradordeatarfe.es\/index.php?rest_route=\/wp\/v2\/users\/1"}],"replies":[{"embeddable":true,"href":"https:\/\/miradordeatarfe.es\/index.php?rest_route=%2Fwp%2Fv2%2Fcomments&post=71043"}],"version-history":[{"count":1,"href":"https:\/\/miradordeatarfe.es\/index.php?rest_route=\/wp\/v2\/posts\/71043\/revisions"}],"predecessor-version":[{"id":71045,"href":"https:\/\/miradordeatarfe.es\/index.php?rest_route=\/wp\/v2\/posts\/71043\/revisions\/71045"}],"wp:featuredmedia":[{"embeddable":true,"href":"https:\/\/miradordeatarfe.es\/index.php?rest_route=\/wp\/v2\/media\/71044"}],"wp:attachment":[{"href":"https:\/\/miradordeatarfe.es\/index.php?rest_route=%2Fwp%2Fv2%2Fmedia&parent=71043"}],"wp:term":[{"taxonomy":"category","embeddable":true,"href":"https:\/\/miradordeatarfe.es\/index.php?rest_route=%2Fwp%2Fv2%2Fcategories&post=71043"},{"taxonomy":"post_tag","embeddable":true,"href":"https:\/\/miradordeatarfe.es\/index.php?rest_route=%2Fwp%2Fv2%2Ftags&post=71043"}],"curies":[{"name":"wp","href":"https:\/\/api.w.org\/{rel}","templated":true}]}}