{"id":71049,"date":"2024-09-15T10:04:10","date_gmt":"2024-09-15T08:04:10","guid":{"rendered":"https:\/\/miradordeatarfe.es\/?p=71049"},"modified":"2024-09-11T19:14:51","modified_gmt":"2024-09-11T17:14:51","slug":"la-nueva-pobreza-de-granada","status":"publish","type":"post","link":"https:\/\/miradordeatarfe.es\/?p=71049","title":{"rendered":"La nueva pobreza de Granada"},"content":{"rendered":"<h3 class=\"v-a-sub-t\" style=\"text-align: justify;\">Tres de cada diez personas de la provincia no llegan a fin de mes, incluso teniendo trabajo y viviendo en el centro<\/h3>\n<p class=\"v-p\" style=\"text-align: justify;\">El viernes 26 de julio, Jes\u00fas Aguirre, presidente del Parlamento de Andaluc\u00eda, propuso subirle el sueldo a los diputados porque, dijo, <a title=\"\u00ables cuesta trabajo llegar a fin de mes\u00bb\" href=\"https:\/\/www.ideal.es\/andalucia\/presidente-parlamento-andaluz-quiere-aumentar-dietas-diputados-20240726133623-nt.html\" data-voc-vtm-id=\"in-text-traffic\" data-mrf-link=\"https:\/\/www.ideal.es\/andalucia\/presidente-parlamento-andaluz-quiere-aumentar-dietas-diputados-20240726133623-nt.html\">\u00ables cuesta trabajo llegar a fin de mes\u00bb<\/a>. \u00abAguirre tendr\u00eda que sentarse en esta oficina y ver c\u00f3mo llegan familias bastante normalizadas para las que el aceite de oliva, el dentista o la calefacci\u00f3n son un lujo al que no pueden llegar\u00bb. Manolo Mart\u00edn, defensor del ciudadano en Granada, sonr\u00ede incluso cuando est\u00e1 cabreado. \u00abEs que hay familias \u2013sigue\u2013 que tienen que elegir cada mes entre pagar el alquiler o la luz. \u00a1Y, ojo, que algunas no est\u00e1n en el paro!\u00bb.<\/p>\n<div class=\"paywall container-wall-exclusive\" style=\"text-align: justify;\" data-mrf-recirculation=\"Link art\u00edculos\">\n<div class=\"v-c-cmp v-c-cmp--t1 v-bdr-b-s\">\n<div class=\"v-cmp-rld v-cmp-rld--1 \">\n<header class=\"v-cnt-m v-cnt-m--xs\">\n<div class=\"v-cnt-m__c\">\n<div class=\"v-cnt-m__w v-cnt-m__w--1\">\n<p class=\"v-cnt-m__t\">Mart\u00edn aborrece el t\u00e9rmino \u00abnueva pobreza\u00bb, pero no encuentra otro mejor para explicar la situaci\u00f3n. \u00abEste perfil de nuevas pobrezas ya no es \u00fanicamente la persona que duerme entre cartones, que tambi\u00e9n las hay, por desgracia. Ahora hay familias que han estudiado una carrera en la universidad, tienen trabajo, coche, est\u00e1n en un pa\u00eds en el que se dice que la econom\u00eda crece&#8230; pero, sin embargo, no llegan a final de mes por distintas razones\u00bb.<\/p>\n<\/div>\n<\/div>\n<\/header>\n<\/div>\n<\/div>\n<\/div>\n<p class=\"v-p\" style=\"text-align: justify;\">Antes de seguir hablando con Manolo Mart\u00edn sobre esas razones, merece la pena detenerse en los \u00faltimos datos publicados por el Instituto Nacional de Estad\u00edstica (2023). Casi tres de cada diez personas (el 28,5%) de Granada est\u00e1n por debajo del umbral de la pobreza, es decir, que los ingresos por persona en el hogar est\u00e1n por debajo del 60% de la mediana de ingresos. Esa mediana en Granada es de 16.818 euros (en Espa\u00f1a, 19.127), por lo que, redondeando, estas familias viven con menos de 10.000 euros al a\u00f1o.<\/p>\n<p class=\"v-p\" style=\"text-align: justify;\">Un apunte m\u00e1s. Seg\u00fan datos publicados en julio de este a\u00f1o por la Agencia Tributaria, en la estad\u00edstica de la Renta de 2022, el 43,7% de los granadinos que realizaron la declaraci\u00f3n del IRPF lo hizo con ingresos por debajo del salario m\u00ednimo interprofesional: 165.241 personas.<\/p>\n<p class=\"v-p\" style=\"text-align: justify;\">\u00bfCu\u00e1les son las razones de esta nueva pobreza? \u00abHay de todo \u2013explica Mart\u00edn\u2013. Personas que a pesar de mantener el trabajo sufren bajadas de sueldo o directamente no cobran suficiente&#8230; En esos casos, adem\u00e1s, tener hijos y vivir de alquiler son factores que acercan a la precariedad\u00bb. Tambi\u00e9n est\u00e1 la edad, \u00abgente de 52 a\u00f1os que no encuentra trabajo y ven c\u00f3mo no pueden mantener la vida que ten\u00edan sus hijos\u00bb;o padecer una discapacidad, \u00abque provoca un alto riesgo de pobreza\u00bb. Ah\u00ed las tienen: Condiciones laborales, vivienda, edad y discapacidad. \u00abComo salimos a la calle y vemos lo bares llenos \u2013reflexiona el defensor\u2013, no somos conscientes de que hay gente muy cerca pas\u00e1ndolo mal. Gente que siente verg\u00fcenza y les cuesta decirlo. Gente que no tiene suficiente para vivir con dignidad y satisfacer las necesidades b\u00e1sicas\u00bb.<\/p>\n<p class=\"v-p\" style=\"text-align: justify;\">A la oficina de Mart\u00edn llegan decenas de casos. Hace unos d\u00edas, un hombre le contaba que no sab\u00eda c\u00f3mo decirle a sus hijos que no pod\u00edan tener vacaciones. \u00ab\u00bfPor qu\u00e9 no vamos a la playa este a\u00f1o?, le preguntaban sus ni\u00f1os al padre, que hab\u00eda vendido el coche para subsistir\u00bb. Tambi\u00e9n recuerda a un alto directivo que ven\u00eda de cobrar un sueldo \u00abbastante bueno\u00bb. \u00abHicieron reajustes en la empresa y le bajaron el sueldo much\u00edsimo. Se tuvieron que ir del piso de alquiler en el que estaban. Dejaron el coche. Cambiaron a los hijos de colegio. Est\u00e1n pasando faltas. Lo que puede cambiar la situaci\u00f3n en un momento&#8230; Insisto, vivir hoy d\u00eda de alquiler aumenta el riesgo de pobreza: por la escasez de alquileres asequibles y la dificultad de acceso a la vivienda en propiedad. Son pobres con empleo\u00bb.<\/p>\n<p class=\"v-p\" style=\"text-align: justify;\">Muchas de estas familias, cuenta Mart\u00edn, tienen que recurrir a los comedores sociales. \u00abLas colas del hambre son una imagen desgarradora. Un drama humanitario y social. Es inadmisible que existan las colas del hambre en pleno siglo XXI\u00bb. Por otro lado, el defensor de la ciudadan\u00eda advierte que \u00abla pobreza, al igual que la riqueza, se hereda\u00bb. \u00abQuien nace en pobreza, muy probablemente sea pobre de adulto. Es muy dif\u00edcil salir de ah\u00ed\u00bb. \u00bfY qu\u00e9 se puede hacer? \u00abLa pobreza que lleva a la exclusi\u00f3n social es un reto urgente de toda la sociedad, especialmente de los que nos gobiernan. No quiero ser alarmista, pero hay que ser realista: esto nos puede pasar a cualquiera. O a nuestros hijos. O nietos. O hermanos&#8230; La gente se tiene que sensibilizar porque hoy ser pobre no es solo estar parado o vivir en un barrio dif\u00edcil\u00bb.<\/p>\n<div class=\"v-c-cmp v-c-cmp--t2\" style=\"text-align: justify;\">\n<div class=\"v-cmp-chp\">\n<header class=\"v-cmp-chp__h\">\n<h3 class=\"v-cmp-chp__t\">Zona Norte<\/h3>\n<\/header>\n<\/div>\n<\/div>\n<div class=\"v-c-cmp \" style=\"text-align: justify;\">\n<div class=\"v-cmp-m \">\n<article class=\"v-a v-a--cmp-m \">\n<div class=\"v-a-img-c v-a-img-c--fw-xs\">\n<figure class=\"v-a-fig\">\n<div class=\"v-a-link\"><img data-recalc-dims=\"1\" loading=\"lazy\" decoding=\"async\" class=\"v-a-img lzld alignleft\" src=\"https:\/\/i0.wp.com\/s3.ppllstatics.com\/ideal\/www\/multimedia\/2024\/08\/04\/carrion-k1OH-U220882474906ToE-650x455%40Ideal.jpg?resize=640%2C448&#038;ssl=1\" alt=\"Juan Carlos Carri\u00f3n, p\u00e1rroco de Jes\u00fas Orero y presidente de Alfa.\" width=\"640\" height=\"448\" data-voc-vtm-id=\"in-text-traffic\" \/><\/div><figcaption class=\"v-fc\"><em><span class=\"v-fc__t\"> Juan Carlos Carri\u00f3n, p\u00e1rroco de Jes\u00fas Orero y presidente de Alfa. <\/span> <\/em><span class=\"v-fc__p\"><em> a. A.<\/em> <\/span><\/figcaption><\/figure>\n<\/div>\n<\/article>\n<\/div>\n<\/div>\n<p class=\"v-p\" style=\"text-align: justify;\">Mientras tanto, en la Zona de Norte de Granada, Juan Carlos Carri\u00f3n, p\u00e1rroco de Jes\u00fas Obrero y presidente de la asociaci\u00f3n Almanj\u00e1yar en Familia (Alfa), prepara la comida para el centenar de ni\u00f1os del barrio que participan en la escuela de verano. \u00abHablar de vacaciones es dif\u00edcil aqu\u00ed. Las familias hacen todo lo posible por dar lo mejor a sus hijos, pero es durillo no poder salir\u00bb. El mi\u00e9rcoles, Carri\u00f3n y una veintena de educadores se llevaron a 105 menores y 37 padres y madres al parque acu\u00e1tico de Almu\u00f1\u00e9car. \u00abFue una alegr\u00eda. Los cr\u00edos no podr\u00edan permitirse ese lujo, pero tambi\u00e9n tienen derecho. Aunque sea una vez en verano\u00bb.<\/p>\n<p class=\"v-p\" style=\"text-align: justify;\">La pobreza en Almanj\u00e1yar es aun m\u00e1s angustiosa. \u00abHay familias \u2013dice Carri\u00f3n\u2013 que viven con ayudas de 400 euros al mes y que para buscar trabajo van a sitios p\u00fablicos con Internet, porque, si no, no pueden mandar curr\u00edculums o recibir respuestas\u00bb. El p\u00e1rroco necesita solo unos segundos para que se le vengan a la cabeza una ristra de familias que viven en la pobreza. \u00abSon personas invisibles \u2013el cura aguanta unos segundos en silencio y aprieta los pu\u00f1os\u2013. En el barrio hay una realidad invisible, la de los que de verdad lo pasan mal. Y hay otra realidad m\u00e1s visible, la de los que viven a costa de este mundo que hemos consentido entre todos: la droga\u00bb.<\/p>\n<p class=\"v-p\" style=\"text-align: justify;\">Entre ambas realidades, los j\u00f3venes buscan su lugar. \u00abNo tienen estudios por la situaci\u00f3n social que han vivido. Y, como todos los j\u00f3venes, quieren tener m\u00f3vil, lujos&#8230; lo que se ve por ah\u00ed. As\u00ed que muchos se ven abocados al mundo del trapicheo. Esa es otra parte de la que no se habla. Gente completamente invisibilizada\u00bb.<\/p>\n<div class=\"v-c-cmp v-c-cmp--t1 v-c-cmp--ab-xs\" style=\"text-align: justify;\">\n<div class=\"v-cmp-smy\">\n<article class=\"v-a v-a--cmp-smy \">\n<div class=\"v-a-info-c\">\n<p class=\"v-a-t\"><strong>\u00abEn el barrio hay una realidad invisible, la de los que lo pasan mal. Y hay otra, la de los que viven de la droga\u00bb\u00a0 Juan Carlos Carri\u00f3n P\u00e1rroco Almanj\u00e1yar<\/strong><\/p>\n<\/div>\n<\/article>\n<\/div>\n<\/div>\n<p class=\"v-p\" style=\"text-align: justify;\">La escuela de verano de Alfa est\u00e1 \u00ababierta a todas las edades y a todas las realidades\u00bb. \u00abEs una gozada c\u00f3mo se puede educar a trav\u00e9s de un plato de comida\u00bb, afirma Carri\u00f3n, que asegura que quienes lo est\u00e1n pasando peor son los inmigrantes. Por otro lado, el economato de la parroquia funciona todos los d\u00edas. \u00abHay productos con un 80% de descuento a familias que han hecho distintos compromisos vitales con nosotros: b\u00fasqueda de trabajo, formaci\u00f3n, adaptaci\u00f3n digital&#8230;\u00bb. \u00abEl otro d\u00eda \u2013recuerda\u2013, una persona mayor que vive sola se priv\u00f3 del economato para que pudieran comer otras familias. Me dijo: hoy me quito yo y se lo das al que tenga menos. Eso son las cosas bonitas de este barrio que no se cuentan\u00bb.<\/p>\n<p class=\"v-p\" style=\"text-align: justify;\">\u00bfQu\u00e9 se puede hacer? \u00abMe hago muchas veces esa pregunta. Lo \u00fanico que se me ocurre es estar al lado de ellos. Escuchar, acompa\u00f1ar y potenciar las capacidades de cada persona&#8230; Y cuando quiera, que se pase por aqu\u00ed el presidente del Parlamento, que vemos lo de llegar a fin de mes\u00bb. Los sueldos de los diputados, por cierto, rondan los 5.000 euros.<\/p>\n<div class=\"v-c-cmp v-c-cmp--t1 v-bdr-t-b\">\n<div class=\"v-cmp-exp\">\n<article class=\"v-a v-a--cmp-exp v-a--p-t\">\n<div class=\"v-a-info-c \">\n<h3 class=\"v-a-t\" style=\"text-align: justify;\">\u00abEl pa\u00eds que m\u00e1s recorta la brecha de la desigualdad\u00bb<\/h3>\n<p class=\"v-p\" style=\"text-align: justify;\">El pasado mi\u00e9rcoles, el presidente del Gobierno, Pedro S\u00e1nchez, asegur\u00f3 durante el balance del curso pol\u00edtico que \u00abEspa\u00f1a es el pa\u00eds de la eurozona que m\u00e1s ha recortado la brecha que existe entre los m\u00e1s ricos y los m\u00e1s pobres desde el a\u00f1o 2017\u00bb. Seg\u00fan precis\u00f3, \u00abla desigualdad y la proporci\u00f3n de gente que vive por debajo del umbral de la pobreza se han reducido\u00bb. En Espa\u00f1a, el umbral de la pobreza se sit\u00faa en 11.476,2 euros al a\u00f1o. S\u00e1nchez consider\u00f3 as\u00ed que \u00abel Estado del Bienestar ha vuelto a florecer, a robustecerse\u00bb.<\/p>\n<p><a href=\"https:\/\/www.ideal.es\/autor\/jose-e-cabrero-372.html\" data-mrf-link=\"https:\/\/www.ideal.es\/autor\/jose-e-cabrero-372.html\">Jos\u00e9 E. Cabrero<\/a> y <a href=\"https:\/\/www.ideal.es\/autor\/juanjo-cerero-1525.html\" data-mrf-link=\"https:\/\/www.ideal.es\/autor\/juanjo-cerero-1525.html\">Juanjo Cerero<\/a><\/p>\n<p>FOTO: <span class=\"v-fc__t\">Gente recorriendo la calle Mesones, en el centro de Granada. Seg\u00fan el defensor del pueblo, hay familias en Granada que pasan desapercibidas y que, pese a tener trabajo, no consiguen llegar a fin de mes.<\/span> <span class=\"v-fc__p\">A. A<\/span><\/p>\n<p>https:\/\/www.ideal.es\/granada\/nueva-pobreza-granada-20240804000016-nt.html<\/p>\n<\/div>\n<\/article>\n<\/div>\n<\/div>\n","protected":false},"excerpt":{"rendered":"<p>Tres de cada diez personas de la provincia no llegan a fin de mes, incluso&#8230;<\/p>\n","protected":false},"author":1,"featured_media":71052,"comment_status":"closed","ping_status":"closed","sticky":false,"template":"","format":"standard","meta":{"_coblocks_attr":"","_coblocks_dimensions":"","_coblocks_responsive_height":"","_coblocks_accordion_ie_support":"","jetpack_post_was_ever_published":false,"_jetpack_newsletter_access":"","_jetpack_dont_email_post_to_subs":false,"_jetpack_newsletter_tier_id":0,"_jetpack_memberships_contains_paywalled_content":false,"_jetpack_memberships_contains_paid_content":false,"footnotes":"","jetpack_publicize_message":"","jetpack_publicize_feature_enabled":true,"jetpack_social_post_already_shared":true,"jetpack_social_options":{"image_generator_settings":{"template":"highway","default_image_id":0,"enabled":false},"version":2}},"categories":[1161,186,44,6937],"tags":[],"class_list":["post-71049","post","type-post","status-publish","format-standard","has-post-thumbnail","hentry","category-ciudadania","category-instituciones","category-noticias-de-hoy","category-sociedad"],"jetpack_publicize_connections":[],"jetpack_featured_media_url":"https:\/\/i0.wp.com\/miradordeatarfe.es\/wp-content\/uploads\/2024\/09\/mesones-granada-k1OH-U220882474906hQE-1200x840%40Ideal.webp?fit=1200%2C840&ssl=1","jetpack_likes_enabled":true,"jetpack_sharing_enabled":true,"_links":{"self":[{"href":"https:\/\/miradordeatarfe.es\/index.php?rest_route=\/wp\/v2\/posts\/71049","targetHints":{"allow":["GET"]}}],"collection":[{"href":"https:\/\/miradordeatarfe.es\/index.php?rest_route=\/wp\/v2\/posts"}],"about":[{"href":"https:\/\/miradordeatarfe.es\/index.php?rest_route=\/wp\/v2\/types\/post"}],"author":[{"embeddable":true,"href":"https:\/\/miradordeatarfe.es\/index.php?rest_route=\/wp\/v2\/users\/1"}],"replies":[{"embeddable":true,"href":"https:\/\/miradordeatarfe.es\/index.php?rest_route=%2Fwp%2Fv2%2Fcomments&post=71049"}],"version-history":[{"count":2,"href":"https:\/\/miradordeatarfe.es\/index.php?rest_route=\/wp\/v2\/posts\/71049\/revisions"}],"predecessor-version":[{"id":71054,"href":"https:\/\/miradordeatarfe.es\/index.php?rest_route=\/wp\/v2\/posts\/71049\/revisions\/71054"}],"wp:featuredmedia":[{"embeddable":true,"href":"https:\/\/miradordeatarfe.es\/index.php?rest_route=\/wp\/v2\/media\/71052"}],"wp:attachment":[{"href":"https:\/\/miradordeatarfe.es\/index.php?rest_route=%2Fwp%2Fv2%2Fmedia&parent=71049"}],"wp:term":[{"taxonomy":"category","embeddable":true,"href":"https:\/\/miradordeatarfe.es\/index.php?rest_route=%2Fwp%2Fv2%2Fcategories&post=71049"},{"taxonomy":"post_tag","embeddable":true,"href":"https:\/\/miradordeatarfe.es\/index.php?rest_route=%2Fwp%2Fv2%2Ftags&post=71049"}],"curies":[{"name":"wp","href":"https:\/\/api.w.org\/{rel}","templated":true}]}}