{"id":71061,"date":"2024-09-16T08:28:18","date_gmt":"2024-09-16T06:28:18","guid":{"rendered":"https:\/\/miradordeatarfe.es\/?p=71061"},"modified":"2024-09-11T19:30:04","modified_gmt":"2024-09-11T17:30:04","slug":"los-espanoles-vuelven-a-emigrar","status":"publish","type":"post","link":"https:\/\/miradordeatarfe.es\/?p=71061","title":{"rendered":"LOS ESPA\u00d1OLES VUELVEN A EMIGRAR"},"content":{"rendered":"<h3 style=\"text-align: justify;\">Emigrar es un verbo familiar en la historia de Espa\u00f1a, desde los barcos repletos de\u00a0campesinos que llegaban a Buenos Aires en el siglo\u00a0XIX hasta las comunidades que se afincaban en Suiza o Alemania en los a\u00f1os sesenta del siglo pasado.<\/h3>\n<p style=\"text-align: justify;\">Seg\u00fan informa un art\u00edculo de la <em>BBC<\/em>, la tendencia hab\u00eda cambiado por la transformaci\u00f3n econ\u00f3mica espa\u00f1ola. De pa\u00eds emisor se convirti\u00f3 en receptor de inmigrantes. Ahora, ante el impacto del desempleo, la emigraci\u00f3n se ha reactivado.<\/p>\n<p style=\"text-align: justify;\"><strong>Durante el \u00faltimo a\u00f1o cerca de 120.000 espa\u00f1oles tomaron la decisi\u00f3n de partir<\/strong>, una cifra que ha ido en aumento mientras fen\u00f3menos como la inmigraci\u00f3n a Espa\u00f1a han disminuido hasta un 50%. Algunos de los viajeros tienen como destino a Am\u00e9rica Latina. Por ejemplo, cada mes llegan a Argentina entre 1.000 y 1.200 espa\u00f1oles, y cerca de 33.000 en los \u00faltimos dos a\u00f1os. Aunque, como se\u00f1alan los medios en ese pa\u00eds, en muchos casos se trata de argentinos con doble nacionalidad que partieron a Espa\u00f1a luego de la crisis de 2001 y ahora regresan a su pa\u00eds ante la compleja crisis econ\u00f3mica en que se encuentra Espa\u00f1a.<\/p>\n<p style=\"text-align: justify;\">Los emigrantes espa\u00f1oles suelen ser j\u00f3venes calificados (entre 25 y 35 a\u00f1os), con licenciaturas e idiomas, que buscan un trabajo que no encuentran en Espa\u00f1a, se\u00f1ala la consultora de recursos humanos Adecco. Los destinos favoritos son Estados Unidos, Am\u00e9rica Latina, Europa (Alemania, Reino Unido) y finalmente Asia. De los m\u00e1s de cuatro millones de desempleados que hay en Espa\u00f1a, la poblaci\u00f3n joven es la m\u00e1s afectada. Cuatro de cada diez est\u00e1 desempleado, seg\u00fan el Instituto Nacional de Estad\u00edstica (INE). A ello hay que sumarle la frustracci\u00f3n de no poder independizarse y de \u00abestudiar para nada\u00bb, como suelen acu\u00f1ar algunos universitarios.<\/p>\n<p style=\"text-align: justify;\"><strong>Entran y salen<\/strong><\/p>\n<p style=\"text-align: justify;\">\u00abEs como si el propio mercado te estuviera empujando del pa\u00eds. Soy psic\u00f3loga y periodista y durante toda mi vida laboral s\u00f3lo he conseguido trabajos temporales y mal pagados. Seguramente somos muchos profesionales, pero de todas formas sientes que no se valora el conocimiento\u00bb, coment\u00f3 a la BBC <strong>Andrea Palacios.<\/strong> Andrea ha iniciado los tr\u00e1mites para emigrar a la provincia de Quebec, en Canad\u00e1. \u00abS\u00e9 que durante medio a\u00f1o estar\u00e9 encerrada por el fr\u00edo pero ser\u00e9 independiente, tendr\u00e9 un trabajo en lo que me gusta\u00bb, agrega. No obstante, la corriente migratoria en Espa\u00f1a sigue siendo de doble v\u00eda.<\/p>\n<p style=\"text-align: justify;\">\u00abSiguen llegando inmigrantes. A pesar de la crisis Espa\u00f1a es un pa\u00eds atractivo por muchos aspectos: calidad de vida, seguridad social. Los flujos migratorios de ida y vuelta siempre han existido. La gente se marcha para estudiar o trabajar. Quiz\u00e1s sea un poco prematuro hablar de un \u00e9xodo. \u00bfCu\u00e1ntos de los espa\u00f1oles que est\u00e1n emigrando a Argentina finalmente se asientan all\u00ed?\u00bb, plantea la antrop\u00f3loga <strong>Mar\u00eda Fernanda Delgado<\/strong>. \u00abEs innegable que el mundo est\u00e1 cambiando muy de prisa inclu\u00eddo el concepto de migraci\u00f3n. Seguramente a las nuevas generaciones les tocar\u00e1 migrar profesionalmente varias veces en su vida\u00bb, subraya.<\/p>\n<p style=\"text-align: justify;\">El octagenario <strong>Gonzalo D\u00edez<\/strong> emigr\u00f3 a Suiza siendo un adolescente y regres\u00f3 al filo de su jubilaci\u00f3n. \u00abS\u00e9 lo que es hacer y deshacer las maletas. Tuvimos que marcharnos, nos toc\u00f3 la Espa\u00f1a de la posguerra donde realmente ve\u00edas la necesidad, el hambre. Ahora la gente no pasa hambre en Espa\u00f1a pero se ha acostumbrado a un nivel de vida. Lo que no podemos hacer es dejar que el barco se hunda\u00bb, comenta a BBC Mundo. D\u00edez es de Galicia, la comunidad de la que hist\u00f3ricamente m\u00e1s espa\u00f1oles han emigrado. La tendencia no ha cambiado: cada d\u00eda cerca de 50 j\u00f3venes gallegos se marchan en busca de un mejor porvenir. Madrid se ubica en segundo sitio con 16.000 casos en los \u00faltimos dos a\u00f1os, de acuerdo a la Encuesta de Poblaci\u00f3n Activa.<\/p>\n<p style=\"text-align: justify;\">Seg\u00fan Adecco, la mayor\u00eda de estos casos pertenecen a la llamada migraci\u00f3n selectiva o fuga de cerebros. Quienes hacen las maletas suelen ser investigadores, m\u00e9dicos, bi\u00f3logos, ingenieros, con pocas cargas familiares que buscan desarrollarse profesionalmente.<\/p>\n<p><i>Fuente: El Confidencial.<\/i><\/p>\n<p>http:\/\/elrepublicanodigital.blogspot.com\/2010\/12\/los-espanoles-vuelven-emigrar.html<\/p>\n","protected":false},"excerpt":{"rendered":"<p>Emigrar es un verbo familiar en la historia de Espa\u00f1a, desde los barcos repletos de\u00a0campesinos&#8230;<\/p>\n","protected":false},"author":1,"featured_media":71062,"comment_status":"closed","ping_status":"closed","sticky":false,"template":"","format":"standard","meta":{"_coblocks_attr":"","_coblocks_dimensions":"","_coblocks_responsive_height":"","_coblocks_accordion_ie_support":"","jetpack_post_was_ever_published":false,"_jetpack_newsletter_access":"","_jetpack_dont_email_post_to_subs":false,"_jetpack_newsletter_tier_id":0,"_jetpack_memberships_contains_paywalled_content":false,"_jetpack_memberships_contains_paid_content":false,"footnotes":"","jetpack_publicize_message":"","jetpack_publicize_feature_enabled":true,"jetpack_social_post_already_shared":true,"jetpack_social_options":{"image_generator_settings":{"template":"highway","default_image_id":0,"enabled":false},"version":2}},"categories":[187,1161,44,6937],"tags":[],"class_list":["post-71061","post","type-post","status-publish","format-standard","has-post-thumbnail","hentry","category-centros-educativos","category-ciudadania","category-noticias-de-hoy","category-sociedad"],"jetpack_publicize_connections":[],"jetpack_featured_media_url":"https:\/\/i0.wp.com\/miradordeatarfe.es\/wp-content\/uploads\/2024\/09\/emigrantes_espanoles.jpg?fit=352%2C223&ssl=1","jetpack_likes_enabled":true,"jetpack_sharing_enabled":true,"_links":{"self":[{"href":"https:\/\/miradordeatarfe.es\/index.php?rest_route=\/wp\/v2\/posts\/71061","targetHints":{"allow":["GET"]}}],"collection":[{"href":"https:\/\/miradordeatarfe.es\/index.php?rest_route=\/wp\/v2\/posts"}],"about":[{"href":"https:\/\/miradordeatarfe.es\/index.php?rest_route=\/wp\/v2\/types\/post"}],"author":[{"embeddable":true,"href":"https:\/\/miradordeatarfe.es\/index.php?rest_route=\/wp\/v2\/users\/1"}],"replies":[{"embeddable":true,"href":"https:\/\/miradordeatarfe.es\/index.php?rest_route=%2Fwp%2Fv2%2Fcomments&post=71061"}],"version-history":[{"count":1,"href":"https:\/\/miradordeatarfe.es\/index.php?rest_route=\/wp\/v2\/posts\/71061\/revisions"}],"predecessor-version":[{"id":71063,"href":"https:\/\/miradordeatarfe.es\/index.php?rest_route=\/wp\/v2\/posts\/71061\/revisions\/71063"}],"wp:featuredmedia":[{"embeddable":true,"href":"https:\/\/miradordeatarfe.es\/index.php?rest_route=\/wp\/v2\/media\/71062"}],"wp:attachment":[{"href":"https:\/\/miradordeatarfe.es\/index.php?rest_route=%2Fwp%2Fv2%2Fmedia&parent=71061"}],"wp:term":[{"taxonomy":"category","embeddable":true,"href":"https:\/\/miradordeatarfe.es\/index.php?rest_route=%2Fwp%2Fv2%2Fcategories&post=71061"},{"taxonomy":"post_tag","embeddable":true,"href":"https:\/\/miradordeatarfe.es\/index.php?rest_route=%2Fwp%2Fv2%2Ftags&post=71061"}],"curies":[{"name":"wp","href":"https:\/\/api.w.org\/{rel}","templated":true}]}}