{"id":71064,"date":"2024-09-16T10:00:11","date_gmt":"2024-09-16T08:00:11","guid":{"rendered":"https:\/\/miradordeatarfe.es\/?p=71064"},"modified":"2024-09-14T11:17:41","modified_gmt":"2024-09-14T09:17:41","slug":"cuando-la-rotonda-se-hace-arte","status":"publish","type":"post","link":"https:\/\/miradordeatarfe.es\/?p=71064","title":{"rendered":"Cuando la rotonda se hace&#8230; \u00bfarte?"},"content":{"rendered":"<div class=\"v-w\" data-voc-adbd-layer=\"\">\n<div class=\"v-adv v-adv--hd v-adv--bg\">\n<div class=\"v-adv__item v-c\" data-mrf-recirculation=\"Apertura\">\n<div id=\"megabanner-id\" data-voc-vam=\"\" data-voc-vam-position=\"megabanner\" data-google-query-id=\"CMz1zPqnuIgDFcVZ9ggd9m8gBA\" data-voc-vam-displayed=\"true\">\n<h3 id=\"google_ads_iframe_\/4900\/vocento.ideal\/portada_0__container__\" style=\"text-align: justify;\">Las rotondas est\u00e1n de moda. Vienen a sustituir a los sem\u00e1foros y a los \u00abmolestos\u00bb badenes, que tantas quejas causan en los conductores. De un tiempo a esta parte, muchos municipios del \u00c1rea Metropolitana las han elegido para regular el tr\u00e1fico en sus principales calles y v\u00edas de nueva creaci\u00f3n.<\/h3>\n<\/div>\n<\/div>\n<\/div>\n<\/div>\n<p class=\"v-p\" style=\"text-align: justify;\">Pero no han llegado solas. Paralelamente, en un intento por mejorar la est\u00e9tica urbana, en muchos de estos pueblos se ha desatado la fiebre de colocar en sus principales glorietas esculturas y estructuras art\u00edsticas de grandes dimensiones que, espectaculares o no, no dejan indiferente a nadie.<\/p>\n<p class=\"v-p\" style=\"text-align: justify;\">Cuerpos desnudos, figuras abstractas, r\u00e9plicas de s\u00edmbolos arquitect\u00f3nicos referentes a la historia del municipio o simples elementos decorativos conforman una exposici\u00f3n permanente que ya puede verse en localidades como <strong>Albolote, Atarfe, Maracena, Churriana o Santa Fe<\/strong>.<\/p>\n<p class=\"v-p\" style=\"text-align: justify;\">De hecho, algunos de estos municipios no s\u00f3lo se conforman con instalar esculturas en sus accesos, sino que han plagado sus principales calles con rotondas de &#8216;dise\u00f1o&#8217;, realizadas en diversos materiales como la piedra, el bronce, el m\u00e1rmol o el hierro y firmadas principalmente por escultores granadinos.<\/p>\n<p class=\"v-p\" style=\"text-align: justify;\">Ante este panorama, cabe preguntarse, \u00bfse trata de obras realmente justificadas?\u00bfRepresentan la identidad del pueblo o simplemente est\u00e1n pensadas para rellenar un hueco? \u00bfSon del gusto de los vecinos? \u00bfSon entendidas por los vecinos?.<\/p>\n<p class=\"v-p\" style=\"text-align: justify;\"><strong>En Albolote<\/strong><\/p>\n<p class=\"v-p\" style=\"text-align: justify;\">En esta l\u00ednea de debate, IDEAL ha iniciado un recorrido por la mayor exposici\u00f3n urbana de la provincia que se sucede, en parte, a trav\u00e9s de los municipios anteriormente citados. Comenzamos en Albolote, donde una r\u00e9plica del hist\u00f3rico Torre\u00f3n da la bienvenida a los conductores que acceden al pueblo desde la A-44. La rotonda est\u00e1 situada justo en la confluencia de las calles Baza y Loja (en el Pol\u00edgono Juncaril), Paseo de Col\u00f3n y Lucilo Carvajal. Es considerada el mayor repartidor de tr\u00e1fico de la localidad.<\/p>\n<p class=\"v-p\" style=\"text-align: justify;\">En ella se levanta una r\u00e9plica exacta realizada a escala de la atalaya \u00e1rabe que representa el monumento hist\u00f3rico-art\u00edstico m\u00e1s importante de Albolote. \u00abEst\u00e1 construido con los mismos materiales que el original, extra\u00eddos de la cantera que en su d\u00eda abasteci\u00f3 a la comunidad \u00e1rabe para construir \u00e9ste punto estrat\u00e9gico de defensa\u00bb, seg\u00fan explican desde el Ayuntamiento. Adem\u00e1s, est\u00e1 acompa\u00f1ada por dos fuentes de ocho ca\u00f1os cada una, un olivo y una encina que simbolizan el pasado y el presente del paisaje y la agricultura del pueblo.<\/p>\n<p class=\"v-p\" style=\"text-align: justify;\">Y as\u00ed lo ven tambi\u00e9n algunos vecinos. \u00abMe gusta mucho porque simboliza el torre\u00f3n, que es la identidad del municipio. Es mejor que la estructura tan horrible que iban a poner, que parec\u00eda las patas de un cangrejo\u00bb, dice Mar\u00eda \u00c1ngeles G\u00e1lvez. Un giro de \u00faltima hora impidi\u00f3 que se instalase otra escultura de grandes dimensiones, que muchos califican como un \u00abamasijo de hierros oxidados\u00bb. El mismo yace abandonado justo en el terreno de al lado.<\/p>\n<p class=\"v-p\" style=\"text-align: justify;\">Pero para otros ni siquiera la idea del torre\u00f3n es buena. \u00abLo veo un gasto in\u00fatil, eso no pinta nada ah\u00ed. Hay que gastarse el dinero en agilizar la entrada a los pol\u00edgonos y en hacer m\u00e1s aparcamientos gratis\u00bb, explica Nicol\u00e1s Montes. Otro vecino, Juan de Dios, califica la r\u00e9plica del torre\u00f3n como una \u00abpila de piedras que no quiere decir nada\u00bb.<\/p>\n<p class=\"v-p\" style=\"text-align: justify;\"><strong>En Maracena<\/strong><\/p>\n<p class=\"v-p\" style=\"text-align: justify;\">En Maracena, una &#8216;gran&#8217; mujer se impone en una de las principales entradas al municipio. Se trata de un cuerpo femenino esculpido en bronce, mide seis metros y medio de alto, carece de cabeza y brazos y se alza sobre el pilar central de una fuente. Est\u00e1 ubicada en la nueva rotonda del Camino de la Torrecilla, recientemente remodelado, y reparte el tr\u00e1fico a las calles Ribera, Era Baja, Mercurio y Doctor Fleming. Con esta obra, el Ayuntamiento quiere rendir homenaje a todas las mujeres del municipio. Su autor, Ramiro Meg\u00edas, que tambi\u00e9n firma el pol\u00e9mico caballo del Ayuntamiento de Granada, ha querido representar una nueva versi\u00f3n de la mujer, frente a la \u00abtradicional y acad\u00e9mica\u00bb.<\/p>\n<p class=\"v-p\" style=\"text-align: justify;\">\u00abEs una f\u00e9mina joven, que se quiere comer el mundo y avanza con gesto decidido. Por eso est\u00e1 dando un paso y esto se recoge en la parte central del cuerpo, lo que importa es la esencia del movimiento y no ha sido necesario completar el resto de extremidades\u00bb, se\u00f1ala el artista. Pese a la majestuosidad de la obra, \u00e9sta no acaba de gustar ni ser entendida por los vecinos. Encarna Tall\u00f3n no concibe por qu\u00e9 la figura carece de cabeza y brazos: \u00abNo est\u00e1 mal pero no s\u00e9 lo que significa, pensaba que estaba a medio hacer. Sugiero que pongan una placa con la explicaci\u00f3n\u00bb. Irene, otra vecina, va m\u00e1s all\u00e1: \u00abEs horrible y adem\u00e1s es muy grande, quita visi\u00f3n a los conductores\u00bb.<\/p>\n<p class=\"v-p\" style=\"text-align: justify;\"><strong>En Atarfe<\/strong><\/p>\n<h4 class=\"v-p\" style=\"text-align: justify;\">&#8216;Ponga una escultura en su rotonda&#8217;. As\u00ed ha debido pensar el Ayuntamiento de Atarfe, que ha plagado de imponentes estructuras sus principales glorietas. Concretamente, hay cinco que resultan especialmente llamativas. La primera y m\u00e1s famosa se ubica en la Avenida de la Constituci\u00f3n. Est\u00e1 construida en acero corten y es conocida como la &#8216;rotonda de los pinchos&#8217;, aunque realmente es un monumento a la Concordia. Seg\u00fan su autor, el atarfe\u00f1o Miguel Barranco, \u00abrepresenta los destellos de una estrella que , sustentada por tres manos derechas, simboliza la uni\u00f3n cultural de todos los hombres\u00bb. Aparecen adem\u00e1s varias alegor\u00edas como la palabra &#8216;vida&#8217; escrita en diferentes idiomas, as\u00ed como versos de Antonio Carvajal referentes a la paz.<\/h4>\n<h4 class=\"v-p\" style=\"text-align: justify;\">Barranco tambi\u00e9n firma otras dos esculturas ubicadas en sendas rotondas. Una de ellas est\u00e1 construida en homenaje a los atarfe\u00f1os y se encuentra en la Avenida de la Estaci\u00f3n. Se trata de tres grandes bloques con forma de la letra &#8216;C&#8217; hechos de un conglomerado artificial de piedra de Sierra Elvira, que sujetan el escudo del municipio. En su base lleva incrustados tres relieves con escenas de trabajo. \u00abLa idea es exponer las tres fuentes econ\u00f3micas originales del municipio: la agricultura, la industria y las canteras\u00bb, afirma Barranco. La otra rotonda es un monumento a la piedra de Sierra Elvira, situada en la Carretera de Albolote, donde bloques de piedra sin tallar se mezclan con una columna de capitel d\u00f3rico y otros elementos referentes a la arquitectura \u00e1rabe.<\/h4>\n<h4 class=\"v-p\" style=\"text-align: justify;\">Junto a la plaza de toros se divisan otras dos glorietas que firma Garc\u00eda Amezcua. El Arco las Culturas, que se levanta sobre la rotonda que conduce a las ruinas de Medina Elvira, y el Monumento Taurino Ciudad de Atarfe.<\/h4>\n<h4 class=\"v-p\" style=\"text-align: justify;\">Ante todas, los vecinos lanzan opiniones muy variadas. A Pilar, una comerciante atarfe\u00f1a, le parecen \u00abmuy bonitas y modernas\u00bb. No las considera monumentos al uso, \u00absino que representan la historia del municipio de manera innovadora\u00bb.<\/h4>\n<h4 class=\"v-p\" style=\"text-align: justify;\">Por su parte, Mar\u00eda Josefa Jim\u00e9nez las considera \u00abuna tonter\u00eda\u00bb. \u00abNo entiendo los monumentos y no me gusta nada la escultura de los pinchos, creo que hay cosas m\u00e1s importantes en las que gastarse el dinero\u00bb, concluye.<\/h4>\n<p class=\"v-p\" style=\"text-align: justify;\"><strong>En Santa Fe<\/strong><\/p>\n<p class=\"v-p\" style=\"text-align: justify;\">En este municipio, conocido por la tradici\u00f3n culinaria de los &#8216;piononos&#8217;, hay muchos vecinos que no entienden por qu\u00e9 la principal rotonda de entrada al pueblo, que comunica el municipio con el pol\u00edgono industrial Dos de Octubre, la A-92 y la carretera comarcal que parte hacia Atarfe, est\u00e1 decorada con olivos, piedras de molino y una prensa. Seg\u00fan el Ayuntamiento, esta rotonda, junto con otras dos m\u00e1s situadas en el mismo acceso, conforman un conjunto en homenaje a la denominada &#8216;triada mediterr\u00e1nea&#8217;, y por eso cada una representa un elemento: el trigo, la vid y el olivo.<\/p>\n<p class=\"v-p\" style=\"text-align: justify;\">Pero Rafael Casares, santaferino, no encuentra la relaci\u00f3n que el municipio pueda tener con el olivar. Para \u00e9l, \u00abrepresentar el escudo de Santa Fe habr\u00eda sido m\u00e1s adecuado\u00bb. Mar\u00eda, otra vecina, la considera una \u00abescena muy andaluza, pero son adornos que no hacen referencia al pueblo\u00bb. Igual opina Yolanda, una comerciante a la que le hubiera gustado m\u00e1s que el Ayuntamiento representase escenas de las capitulaciones de Santa Fe y de los Reyes Cat\u00f3licos.<\/p>\n<p class=\"v-p\" style=\"text-align: justify;\"><strong>En Churriana<\/strong><\/p>\n<p class=\"v-p\" style=\"text-align: justify;\">En Churriana de la Vega tambi\u00e9n las esculturas se han impuesto en las rotondas construidas \u00faltimamente \u00abante la necesidad de regular el tr\u00e1fico en la arteria m\u00e1s transitada, y para prevenir la seguridad de los viandantes\u00bb, explica Antonio Narv\u00e1ez, licenciado en Historia del Arte y primer teniente de alcalde del Ayuntamiento. \u00abEl equipo de gobierno quiso hacer de las glorietas un emblema, colocando esculturas en las mismas; \u00e9stas forman parte del Museo Escult\u00f3rico al Aire Libre del municipio, compuesto por un total de nueve piezas\u00bb, a\u00f1ade.<\/p>\n<p class=\"v-p\" style=\"text-align: justify;\">Una de las m\u00e1s llamativas es el homenaje a la madre, llamada &#8216;Mater Natura&#8217; y realizada por Miguel Moreno. Se levanta en la glorieta del cruce de las calles San Ram\u00f3n, M\u00e1laga y Valencia. La figura en s\u00ed aparece sentada y semidesnuda, dando el pecho al beb\u00e9 que acuna entre sus brazos.<\/p>\n<p class=\"v-p\" style=\"text-align: justify;\">Conmover<\/p>\n<p class=\"v-p\" style=\"text-align: justify;\">Por otro lado, en el cruce de las calles San Ram\u00f3n, Santa Luc\u00eda y Avenida Agustina de Arag\u00f3n de esta localidad se encuentra la escultura m\u00e1s discutida, ya que no gusta especialmente a los vecinos, no por el tema, sino por la forma. Es el &#8216;Arco de los Trabajadores&#8217; y hace referencia a la siniestralidad laboral. Es una figura abstracta de bronce donde un hombre y un caballo se funden convirti\u00e9ndose en un centauro. Una figura mitol\u00f3gica obra de Ramiro Meg\u00edas, cuya idea, seg\u00fan Narv\u00e1ez, \u00abera conmover, no dejar indiferente\u00bb.<\/p>\n<p class=\"v-p\" style=\"text-align: justify;\">Y lo ha conseguido. Maricruz, que trabaja en una tienda situada frente a esta rotonda, cree que la figura \u00abes desconcertante, desproporcionada y choca con la finura de las dem\u00e1s esculturas del pueblo\u00bb. Por su parte, Antonio, otro comerciante, explica que muchos clientes \u00abvienen preguntando lo que significa\u00bb. Subraya: \u00abPor detr\u00e1s la figura parece un hipop\u00f3tamo\u00bb. Esta escultura tampoco es del agrado de Castro, un vecino que cree que el centauro dista mucho de lo que significa el pueblo de Churriana\u00bb.<\/p>\n<p style=\"text-align: justify;\"><strong>MAR VALLEJO<\/strong><\/p>\n<p><span class=\"v-fc__t\">FOTO: Impacta. Monumento a la Concordia, en Atarfe. :: RAM\u00d3N L. P\u00c9REZ<\/span><\/p>\n<p>https:\/\/www.ideal.es\/granada\/20100124\/cultura\/cuando-rotonda-hace-arte-20100124.html<\/p>\n<article class=\"v-a v-a--d v-a--d-bs v-a--p-b\">\n<div class=\"v-a-info-c \">\n<h2 class=\"v-a-sub-t\">\u00a0<\/h2>\n<\/div>\n<\/article>\n<div class=\"v-d v-d--ab-c v-d--bs\">\n<div class=\"v-mdl-ath \" data-voc-component=\"viewport-not-visible\">\n<div class=\"v-mdl-ath__c v-mdl-ath__c--1\">\n<div class=\"v-mdl-ath__inf\">\n<p class=\"v-mdl-ath__p v-mdl-ath__p--2\"><strong>\u00a0<\/strong><\/p>\n<\/div>\n<p class=\"v-mdl-ath__p v-mdl-ath__p--6\">\u00a0<\/p>\n<\/div>\n<\/div>\n<\/div>\n","protected":false},"excerpt":{"rendered":"<p>Las rotondas est\u00e1n de moda. Vienen a sustituir a los sem\u00e1foros y a los \u00abmolestos\u00bb&#8230;<\/p>\n","protected":false},"author":1,"featured_media":71065,"comment_status":"closed","ping_status":"closed","sticky":false,"template":"","format":"standard","meta":{"_coblocks_attr":"","_coblocks_dimensions":"","_coblocks_responsive_height":"","_coblocks_accordion_ie_support":"","jetpack_post_was_ever_published":false,"_jetpack_newsletter_access":"","_jetpack_dont_email_post_to_subs":false,"_jetpack_newsletter_tier_id":0,"_jetpack_memberships_contains_paywalled_content":false,"_jetpack_memberships_contains_paid_content":false,"footnotes":"","jetpack_publicize_message":"","jetpack_publicize_feature_enabled":true,"jetpack_social_post_already_shared":true,"jetpack_social_options":{"image_generator_settings":{"template":"highway","default_image_id":0,"enabled":false},"version":2}},"categories":[12,186,44,6937],"tags":[],"class_list":["post-71064","post","type-post","status-publish","format-standard","has-post-thumbnail","hentry","category-cultura","category-instituciones","category-noticias-de-hoy","category-sociedad"],"jetpack_publicize_connections":[],"jetpack_featured_media_url":"https:\/\/i0.wp.com\/miradordeatarfe.es\/wp-content\/uploads\/2024\/09\/2216833-253x180-1.webp?fit=253%2C180&ssl=1","jetpack_likes_enabled":true,"jetpack_sharing_enabled":true,"_links":{"self":[{"href":"https:\/\/miradordeatarfe.es\/index.php?rest_route=\/wp\/v2\/posts\/71064","targetHints":{"allow":["GET"]}}],"collection":[{"href":"https:\/\/miradordeatarfe.es\/index.php?rest_route=\/wp\/v2\/posts"}],"about":[{"href":"https:\/\/miradordeatarfe.es\/index.php?rest_route=\/wp\/v2\/types\/post"}],"author":[{"embeddable":true,"href":"https:\/\/miradordeatarfe.es\/index.php?rest_route=\/wp\/v2\/users\/1"}],"replies":[{"embeddable":true,"href":"https:\/\/miradordeatarfe.es\/index.php?rest_route=%2Fwp%2Fv2%2Fcomments&post=71064"}],"version-history":[{"count":1,"href":"https:\/\/miradordeatarfe.es\/index.php?rest_route=\/wp\/v2\/posts\/71064\/revisions"}],"predecessor-version":[{"id":71066,"href":"https:\/\/miradordeatarfe.es\/index.php?rest_route=\/wp\/v2\/posts\/71064\/revisions\/71066"}],"wp:featuredmedia":[{"embeddable":true,"href":"https:\/\/miradordeatarfe.es\/index.php?rest_route=\/wp\/v2\/media\/71065"}],"wp:attachment":[{"href":"https:\/\/miradordeatarfe.es\/index.php?rest_route=%2Fwp%2Fv2%2Fmedia&parent=71064"}],"wp:term":[{"taxonomy":"category","embeddable":true,"href":"https:\/\/miradordeatarfe.es\/index.php?rest_route=%2Fwp%2Fv2%2Fcategories&post=71064"},{"taxonomy":"post_tag","embeddable":true,"href":"https:\/\/miradordeatarfe.es\/index.php?rest_route=%2Fwp%2Fv2%2Ftags&post=71064"}],"curies":[{"name":"wp","href":"https:\/\/api.w.org\/{rel}","templated":true}]}}