{"id":711,"date":"2015-03-29T08:15:31","date_gmt":"2015-03-29T08:15:31","guid":{"rendered":"http:\/\/miradordeatarfe.es\/?p=711"},"modified":"2015-03-30T08:44:18","modified_gmt":"2015-03-30T08:44:18","slug":"maitines-por-juan-alfredo-bellon","status":"publish","type":"post","link":"https:\/\/miradordeatarfe.es\/?p=711","title":{"rendered":"MAITINES  Por Juan Alfredo Bell\u00f3n"},"content":{"rendered":"<p><strong><em>MAITINES\u00a0 Por Juan Alfredo Bell\u00f3n DESDE EL MIRADOR n\u00ba45 para el domingo 29-03-2015<\/em><\/strong><!--more--><\/p>\n<p style=\"text-align: justify;\"><strong><em>\u00a0<\/em><\/strong>\u00a0\u00a0\u00a0\u00a0\u00a0\u00a0\u00a0\u00a0\u00a0\u00a0\u00a0\u00a0\u00a0\u00a0\u00a0 Sabidas son desde anta\u00f1o las concomitancias ente el vocabulario del f\u00fatbol y el del sexo (casarse de penalty) o el de a vida cotidiana (entrar hasta la cocina, robarle la cartera) pero hoy traigo a cuento las cercan\u00edas tambi\u00e9n evidentes entre la pol\u00edtica y otros muchos \u00e1mbitos deportivos, culturales, militares y otras muchas facetas de la sociedad. As\u00ed, un determinado jugador <em>supo leer el partido;<\/em> una buena defensa levant\u00f3 una barrera infranqueable o un buen ataque justific\u00f3 la t\u00e1ctica o la estrategia ofensiva de un equipo (<em>scuadra<\/em> en italiano) donde <em>militan <\/em>los miembros de la plantilla integrada por defensores, atacantes, arietes, medias puntas, guardametas, medios ofensivos y defensivos, diestros, siniestros y centrales avanzados o rezagados, etc.<\/p>\n<p style=\"text-align: justify;\">\u00a0\u00a0\u00a0\u00a0\u00a0\u00a0\u00a0\u00a0\u00a0\u00a0\u00a0\u00a0\u00a0\u00a0\u00a0 El fen\u00f3meno es bien conocido por la ling\u00fc\u00edstica y la sociol\u00edng\u00fc\u00edstica, donde los lenguajes sectoriales y especiales generan un vocabulario particular de la actividad en cuesti\u00f3n (fuera de juego, corner, golpe franco etc. que luego se traspasa y se intercambia con el l\u00e9xico de otras actividades (chut, patada, plantillazo, punterazo, cola de vaca, control orientado, chilena, t\u00fanel, regatear, carrilero, carril derecho, etc.) prest\u00e1ndoles o recibiendo t\u00e9rminos o frases originarios de ellas.<\/p>\n<p style=\"text-align: justify;\">\u00a0\u00a0\u00a0\u00a0\u00a0\u00a0\u00a0\u00a0\u00a0\u00a0\u00a0\u00a0\u00a0\u00a0\u00a0 Claro que \u00faltimamente esos intercambios han pasado al territorio de la Semi\u00f3tica y de las habilidades manuales y corporales comunicativas pero no expresadas por signos propiamente ling\u00fc\u00edsticos, como ese gesto estent\u00f3reo con que Cristiano Ronaldo celebra sus goles simulando una penetraci\u00f3n trasera de sus adversarios, como quien dijera al contrincante \u00abte la met\u00ed; j\u00f3dete\u00bb o pidiendo silencio al p\u00fablico asistente partidario del equipo jodido o dando gracias al cielo por un lace del juego favorable o comunic\u00e1ndose con un familiar cercano reci\u00e9n fallecido o, simplemente, dando gracias a la divinidad por su protecci\u00f3n.<\/p>\n<p style=\"text-align: justify;\">\u00a0\u00a0\u00a0\u00a0\u00a0\u00a0\u00a0\u00a0\u00a0\u00a0\u00a0\u00a0\u00a0\u00a0\u00a0 Todo esto son cuestiones ya hoy archiconocidas por la gente que se mueve alrededor del f\u00fatbol como el hecho de que t\u00e9cnicos y futbolistas se tapen la boca <em>papablemente<\/em> para que nadie (y menos un posible especialista en lectura de labios) pueda saber el contenido de las comunicaciones entre unos y otros, o el lugar de la porter\u00eda hacia donde pretende lanzar el delantero designado para ejecutarla. Hasta aqu\u00ed todo normal. Lo que no lo es tanto es la mouri\u00f1izaci\u00f3n de la Ejecutiva del PP y el espect\u00e1culo que dieron ante los medios durante la ma\u00f1ana siguiente al escrutinio electoral de las elecciones andaluzas el pasado lunes 23 de los corrientes.<\/p>\n<p style=\"text-align: justify;\">\u00a0<strong><em>\u00a0\u00a0\u00a0\u00a0\u00a0\u00a0\u00a0\u00a0\u00a0\u00a0\u00a0 <\/em><\/strong>All\u00ed faltaron una docena de barones y baronesas que no daban cr\u00e9dito a la magnitud de la derrota y no se atrev\u00edan a dar la cara contra Mariano y, los que asistieron, se llevaban ostensiblemente las manos a la boca parara decir lo que pensaban <em>inter se<\/em> en lugar de hacerlo p\u00fablico y patente:<\/p>\n<p style=\"text-align: justify;\">\u00a0\u00a0\u00a0\u00a0\u00a0\u00a0\u00a0\u00a0\u00a0\u00a0\u00a0\u00a0\u00a0\u00a0\u00a0 \u2014La Vin, qu\u00e9 hostia nos hemos <em>pegao<\/em> en Andaluc\u00eda. Es que ni a caso hecho, co\u00f1o. Este Mariano no tiene arreglo.<\/p>\n<p style=\"text-align: justify;\">\u00a0\u00a0\u00a0\u00a0\u00a0\u00a0\u00a0\u00a0\u00a0\u00a0\u00a0\u00a0\u00a0\u00a0\u00a0 \u2014Ni Andaluc\u00eda tampoco. Si a m\u00ed me dejaran&#8230;<\/p>\n<p style=\"text-align: justify;\">\u00a0\u00a0\u00a0\u00a0\u00a0\u00a0\u00a0\u00a0\u00a0\u00a0\u00a0\u00a0\u00a0\u00a0\u00a0 Claro que, en realidad, hay quien dice que uno de los futboleros, m\u00e1s inquieto y previsor que el mism\u00edsimo cop\u00f3n para los viajes, que es mi editor y amigo Manolo Codina, habiendo reservado un crucero de verano con escala en T\u00fanez y habi\u00e9ndolo sustituido (tambi\u00e9n por precauci\u00f3n) por una semana de turismo rural en una casita de los Alpes, por encima de Niza, tranquila de la muerte, que no se oyen ni los aviones, se atermin\u00f3 a hablar en el auditorio de Atarfe, con las dos manos en la boca, no fueran a verlo y a interpretarlo las fuerzas del mal y se le chafaran las vacaciones, ahora que su Paqui ha cumplido los sesenta, acept\u00e1ndolos, y con lo feliz y contenta que se halla consigo misma y con los dem\u00e1s, entre los que tiene la suerte de contarse el que esto escribe y toda su parentela. Y no digo m\u00e1s que felicidades porque ya casi se halla el Se\u00f1or muerto y hay que mantener la compostura.<\/p>\n","protected":false},"excerpt":{"rendered":"<p>MAITINES\u00a0 Por Juan Alfredo Bell\u00f3n DESDE EL MIRADOR n\u00ba45 para el domingo 29-03-2015<\/p>\n","protected":false},"author":1,"featured_media":712,"comment_status":"closed","ping_status":"closed","sticky":false,"template":"","format":"standard","meta":{"_coblocks_attr":"","_coblocks_dimensions":"","_coblocks_responsive_height":"","_coblocks_accordion_ie_support":"","jetpack_post_was_ever_published":false,"_jetpack_newsletter_access":"","_jetpack_dont_email_post_to_subs":false,"_jetpack_newsletter_tier_id":0,"_jetpack_memberships_contains_paywalled_content":false,"_jetpack_memberships_contains_paid_content":false,"footnotes":"","jetpack_publicize_message":"","jetpack_publicize_feature_enabled":true,"jetpack_social_post_already_shared":false,"jetpack_social_options":{"image_generator_settings":{"template":"highway","default_image_id":0,"enabled":false},"version":2}},"categories":[36,15],"tags":[310,311,309],"class_list":["post-711","post","type-post","status-publish","format-standard","has-post-thumbnail","hentry","category-opinion-de-juan-alfredo-bellon","category-ultimas-noticias","tag-ejecutivas","tag-futbol-barones-y-baronesas","tag-patada"],"jetpack_publicize_connections":[],"jetpack_featured_media_url":"https:\/\/i0.wp.com\/miradordeatarfe.es\/wp-content\/uploads\/2015\/03\/PATA.jpg?fit=220%2C200&ssl=1","jetpack_likes_enabled":true,"jetpack_sharing_enabled":true,"_links":{"self":[{"href":"https:\/\/miradordeatarfe.es\/index.php?rest_route=\/wp\/v2\/posts\/711","targetHints":{"allow":["GET"]}}],"collection":[{"href":"https:\/\/miradordeatarfe.es\/index.php?rest_route=\/wp\/v2\/posts"}],"about":[{"href":"https:\/\/miradordeatarfe.es\/index.php?rest_route=\/wp\/v2\/types\/post"}],"author":[{"embeddable":true,"href":"https:\/\/miradordeatarfe.es\/index.php?rest_route=\/wp\/v2\/users\/1"}],"replies":[{"embeddable":true,"href":"https:\/\/miradordeatarfe.es\/index.php?rest_route=%2Fwp%2Fv2%2Fcomments&post=711"}],"version-history":[{"count":1,"href":"https:\/\/miradordeatarfe.es\/index.php?rest_route=\/wp\/v2\/posts\/711\/revisions"}],"predecessor-version":[{"id":713,"href":"https:\/\/miradordeatarfe.es\/index.php?rest_route=\/wp\/v2\/posts\/711\/revisions\/713"}],"wp:featuredmedia":[{"embeddable":true,"href":"https:\/\/miradordeatarfe.es\/index.php?rest_route=\/wp\/v2\/media\/712"}],"wp:attachment":[{"href":"https:\/\/miradordeatarfe.es\/index.php?rest_route=%2Fwp%2Fv2%2Fmedia&parent=711"}],"wp:term":[{"taxonomy":"category","embeddable":true,"href":"https:\/\/miradordeatarfe.es\/index.php?rest_route=%2Fwp%2Fv2%2Fcategories&post=711"},{"taxonomy":"post_tag","embeddable":true,"href":"https:\/\/miradordeatarfe.es\/index.php?rest_route=%2Fwp%2Fv2%2Ftags&post=711"}],"curies":[{"name":"wp","href":"https:\/\/api.w.org\/{rel}","templated":true}]}}