{"id":71107,"date":"2024-09-12T11:20:08","date_gmt":"2024-09-12T09:20:08","guid":{"rendered":"https:\/\/miradordeatarfe.es\/?p=71107"},"modified":"2024-09-12T12:32:50","modified_gmt":"2024-09-12T10:32:50","slug":"comienza-el-cole-por-juan-de-dios-villanueva-roa","status":"publish","type":"post","link":"https:\/\/miradordeatarfe.es\/?p=71107","title":{"rendered":"\u00abCOMIENZA EL COLE\u00bb por Juan de Dios Villanueva Roa"},"content":{"rendered":"<h3 style=\"text-align: justify;\">Acaba de comenzar el curso escolar; empieza la escuela, espacio que genera caminos hacia el futuro, hacia la igualdad, hacia la libertad.<\/h3>\n<p style=\"text-align: justify;\">La escuela, ese lugar tan poco cuidado por la administraci\u00f3n, tan ladeada en los crecimientos econ\u00f3micos. Tan miserablemente tratada por los gobernantes, los auton\u00f3micos, que tienen transferidas las competencias. Ya, ya s\u00e9 que ahora saldr\u00e1n con cifras, con esos n\u00fameros que lo \u00fanico que se\u00f1alan es la justificaci\u00f3n de lo que no est\u00e1n haciendo. Una sociedad que no cuida su escuela es una sociedad dirigida hacia el fracaso, porque ah\u00ed, en la escuela es donde se genera el futuro de esa sociedad.<\/p>\n<p style=\"text-align: justify;\">Ya, sabemos que se hace todo lo que dicen que se puede, pero eso es una cruel mentira, porque en el \u00faltimo lustro no se ha avanzado en la mejora, se han puesto parches, y a veces ni eso. El lunes faltaban miles de maestros en sus puestos de trabajo, para preparar las clases, para revisar los expedientes de los ni\u00f1os que habr\u00edan de recibir al d\u00eda siguiente, para organizar sus tareas ante las diferentes realidades a las que comenzar\u00edan a enfrentarse a partir del d\u00eda siguiente. Y cuando fueron llamados, debieron coger los transportes y salir corriendo hacia sus lugares de destino, en apenas unas horas.<\/p>\n<p style=\"text-align: justify;\">Esa falta de respeto, no solo hacia esas maestras y maestros, tambi\u00e9n al resto de compa\u00f1eros y, sobre todo, a las familias que llegar\u00edan a las puertas de los colegios a la par que los maestros de sus hijos, considerados como simples n\u00fameros. Hay mucho m\u00e1s, que en realidad es mucho menos, lo que no hay. No cabe.<\/p>\n<p>FOTO: https:\/\/www.lavozdigital.es\/provincia\/<\/p>\n","protected":false},"excerpt":{"rendered":"<p>Acaba de comenzar el curso escolar; empieza la escuela, espacio que genera caminos hacia el&#8230;<\/p>\n","protected":false},"author":1,"featured_media":71108,"comment_status":"closed","ping_status":"closed","sticky":false,"template":"","format":"standard","meta":{"_coblocks_attr":"","_coblocks_dimensions":"","_coblocks_responsive_height":"","_coblocks_accordion_ie_support":"","jetpack_post_was_ever_published":false,"_jetpack_newsletter_access":"","_jetpack_dont_email_post_to_subs":false,"_jetpack_newsletter_tier_id":0,"_jetpack_memberships_contains_paywalled_content":false,"_jetpack_memberships_contains_paid_content":false,"footnotes":"","jetpack_publicize_message":"","jetpack_publicize_feature_enabled":true,"jetpack_social_post_already_shared":false,"jetpack_social_options":{"image_generator_settings":{"template":"highway","default_image_id":0,"enabled":false},"version":2}},"categories":[187,186,9772,44],"tags":[],"class_list":["post-71107","post","type-post","status-publish","format-standard","has-post-thumbnail","hentry","category-centros-educativos","category-instituciones","category-opinion-de-juan-de-dios-villanueva","category-noticias-de-hoy"],"jetpack_publicize_connections":[],"jetpack_featured_media_url":"https:\/\/i0.wp.com\/miradordeatarfe.es\/wp-content\/uploads\/2024\/09\/cole.jpeg?fit=257%2C180&ssl=1","jetpack_likes_enabled":true,"jetpack_sharing_enabled":true,"_links":{"self":[{"href":"https:\/\/miradordeatarfe.es\/index.php?rest_route=\/wp\/v2\/posts\/71107","targetHints":{"allow":["GET"]}}],"collection":[{"href":"https:\/\/miradordeatarfe.es\/index.php?rest_route=\/wp\/v2\/posts"}],"about":[{"href":"https:\/\/miradordeatarfe.es\/index.php?rest_route=\/wp\/v2\/types\/post"}],"author":[{"embeddable":true,"href":"https:\/\/miradordeatarfe.es\/index.php?rest_route=\/wp\/v2\/users\/1"}],"replies":[{"embeddable":true,"href":"https:\/\/miradordeatarfe.es\/index.php?rest_route=%2Fwp%2Fv2%2Fcomments&post=71107"}],"version-history":[{"count":2,"href":"https:\/\/miradordeatarfe.es\/index.php?rest_route=\/wp\/v2\/posts\/71107\/revisions"}],"predecessor-version":[{"id":71110,"href":"https:\/\/miradordeatarfe.es\/index.php?rest_route=\/wp\/v2\/posts\/71107\/revisions\/71110"}],"wp:featuredmedia":[{"embeddable":true,"href":"https:\/\/miradordeatarfe.es\/index.php?rest_route=\/wp\/v2\/media\/71108"}],"wp:attachment":[{"href":"https:\/\/miradordeatarfe.es\/index.php?rest_route=%2Fwp%2Fv2%2Fmedia&parent=71107"}],"wp:term":[{"taxonomy":"category","embeddable":true,"href":"https:\/\/miradordeatarfe.es\/index.php?rest_route=%2Fwp%2Fv2%2Fcategories&post=71107"},{"taxonomy":"post_tag","embeddable":true,"href":"https:\/\/miradordeatarfe.es\/index.php?rest_route=%2Fwp%2Fv2%2Ftags&post=71107"}],"curies":[{"name":"wp","href":"https:\/\/api.w.org\/{rel}","templated":true}]}}