{"id":71154,"date":"2024-09-18T08:37:38","date_gmt":"2024-09-18T06:37:38","guid":{"rendered":"https:\/\/miradordeatarfe.es\/?p=71154"},"modified":"2024-09-15T10:44:37","modified_gmt":"2024-09-15T08:44:37","slug":"carlos-i-y-la-cerveza","status":"publish","type":"post","link":"https:\/\/miradordeatarfe.es\/?p=71154","title":{"rendered":"Carlos I y la cerveza"},"content":{"rendered":"<div class=\"xdj266r x11i5rnm xat24cr x1mh8g0r x1vvkbs x126k92a\">\n<h3 dir=\"auto\" style=\"text-align: justify;\">Carlos I tuvo una especial relaci\u00f3n con Granada, permaneciendo bastante tiempo en nuestra ciudad. De hecho quiso convertirla en capital de su Imperio.<\/h3>\n<\/div>\n<div class=\"x11i5rnm xat24cr x1mh8g0r x1vvkbs xtlvy1s x126k92a\" style=\"text-align: justify;\">\n<div dir=\"auto\">Unos desafortunados enjambres s\u00edsmicos dieron al traste con su pretensi\u00f3n con ocasi\u00f3n de su viaje de novios, que disfrutaba en La Alhambra, aunque nos dej\u00f3 multitud de imponentes edificios p\u00fablicos, como hospitales, conventos, universidad\u2026<\/div>\n<div dir=\"auto\">\u00a0<\/div>\n<\/div>\n<div class=\"x11i5rnm xat24cr x1mh8g0r x1vvkbs xtlvy1s x126k92a\" style=\"text-align: justify;\">\n<div dir=\"auto\">Conocido por Carlos V, por la Divina clemencia, electo Emperador de Romanos, siempre Augusto y Rey de Alemania, de Castilla, de Arag\u00f3n, de Le\u00f3n, de las Dos Sicilias, de Jerusal\u00e9n, de Hungr\u00eda, de Dalmacia, de Croacia, de Navarra, de Granada, de Toledo, de Valencia, de Galicia, de Mallorca, de Sevilla, de Cerde\u00f1a, de C\u00f3rdoba, de C\u00f3rcega, de Murcia, de Ja\u00e9n, del Algarve, de Algeciras, de Gibraltar y de Islas Baleares, Islas Canarias, Indias y Tierra Firme del Mar Oc\u00e9ano; Archiduque de Austria, Duque de Borgo\u00f1a, de Lorena, de Brabante, de Estiria, de Carinthia, de Carniola, de Limburgo, de Luxemburgo, de G\u00fceldres, de W\u00fcrtemberg, de Calabria, de Atenas, de Neopatria; Conde de Flandes, de Habsburgo, de Tirol, de Barcelona, de Artois y Borgo\u00f1a; Conde Palatino de Henao, de Holanda, de Zelanda, de Ferrete, de Riburgo, de Namur, de Rosell\u00f3n, de Cerde\u00f1a y Zutphen; Landgrave de Alsacia; Marqu\u00e9s de Burgovia, de Orist\u00e1n y Gociano y del Sacro Romano Imperio; Pr\u00edncipe de Suevia y Catalu\u00f1a; Se\u00f1or de Frisia, de la Marca Eslavona, de Puerto Na\u00f3n, de Vizcaya, de Molina, de Salinas, de Tr\u00edpoli y Malinas\u2026 e interminables t\u00edtulos.<\/div>\n<\/div>\n<div class=\"x11i5rnm xat24cr x1mh8g0r x1vvkbs xtlvy1s x126k92a\" style=\"text-align: justify;\">\n<div dir=\"auto\">\u00a0<\/div>\n<div dir=\"auto\"><strong>Pero, es poco conocido que gracias a \u00e9l la cerveza empez\u00f3 a ser conocida en Espa\u00f1a , y Granada fue su germen.<\/strong><\/div>\n<div dir=\"auto\">\u00a0<\/div>\n<\/div>\n<div class=\"x11i5rnm xat24cr x1mh8g0r x1vvkbs xtlvy1s x126k92a\" style=\"text-align: justify;\">\n<div dir=\"auto\">Carlos, nacido y criado en el Flandes de Castilla, ten\u00eda un problema fisico: su pronunciada mand\u00edbula; y simulaba ese defecto bebiendo en vez de comer (se llegaba a beber un litro de cerveza de una vez). A tal fin, se aficion\u00f3 a ella, que era la bebida m\u00e1s consumida los Pa\u00edses Bajos, pero que pr\u00e1cticamente era desconocida en los reinos peninsulares. Por ello, en su s\u00e9quito a Granada se hizo acompa\u00f1ar de caballeros y dignatarios de Flandes aficionados, como \u00e9l mismo, a la cerveza negra que hac\u00eda traer desde Malinas (Mechelen) los barriles de cerveza para su consumo, y posteriormente fabricar aqu\u00ed mismo por la calidad de sus aguas de Sierra Nevada, lo\u00a0 que el aumento de su consumo por la nobleza castellana hizo que tuvieran que venir desde Flandes dos maestros cerveceros para elaborarla.<\/div>\n<div dir=\"auto\">\u00a0<\/div>\n<\/div>\n<div class=\"x11i5rnm xat24cr x1mh8g0r x1vvkbs xtlvy1s x126k92a\" style=\"text-align: justify;\">\n<div dir=\"auto\">Era tal la afici\u00f3n imperial a la cerveza que la acompa\u00f1\u00f3 por todas sus numerosas campa\u00f1as b\u00e9licas, e incluso cuando se retir\u00f3 al monasterio de Yuste construy\u00f3 una cervecer\u00eda con fr\u00edo, dirigida por un flamenco; en agradecimiento le otorg\u00f3 en su testamento una pensi\u00f3n con ciento cuarenta florines de por vida y cincuenta mil maraved\u00eds por gastos.<\/div>\n<\/div>\n<div class=\"x11i5rnm xat24cr x1mh8g0r x1vvkbs xtlvy1s x126k92a\" style=\"text-align: justify;\">\n<div dir=\"auto\">\u00a0<\/div>\n<div dir=\"auto\">Por ello, no es de extra\u00f1ar que Granada cuente con una excelente <span class=\"html-span xdj266r x11i5rnm xat24cr x1mh8g0r xexx8yu x4uap5 x18d9i69 xkhd6sd x1hl2dhg x16tdsg8 x1vvkbs\"><a class=\"x1i10hfl xjbqb8w x1ejq31n xd10rxx x1sy0etr x17r0tee x972fbf xcfux6l x1qhh985 xm0m39n x9f619 x1ypdohk xt0psk2 xe8uvvx xdj266r x11i5rnm xat24cr x1mh8g0r xexx8yu x4uap5 x18d9i69 xkhd6sd x16tdsg8 x1hl2dhg xggy1nq x1a2a7pz x1sur9pj xkrqix3 x1fey0fg xo1l8bm\" tabindex=\"0\" role=\"link\" href=\"https:\/\/www.facebook.com\/CervezasAlhambraEspana?__cft__[0]=AZVwgTAvNet1nWQ1d8AmyLhO6ZDXAcHM2tJS3ReMqGdv2xOMCpk6S-2euxtAN2sD87KibEjJD8CqshI1WEr43lFRqesxZzmKcq-5bC8OBzZ3MCMKptULSSOuT3dAcrkHrR96dR7Ozt8AYsuXqtBiL3u6V6O-ulhXrSZtE2-Hz7JEhA&amp;__tn__=-]K-R\"><span class=\"xt0psk2\">Cervezas Alhambra<\/span><\/a><\/span> de la que poder disfrutar por historia, procesos e ingredientes.<\/div>\n<\/div>\n<div class=\"x11i5rnm xat24cr x1mh8g0r x1vvkbs xtlvy1s x126k92a\">\n<div dir=\"auto\" style=\"text-align: justify;\">\u00a0<\/div>\n<div dir=\"auto\" style=\"text-align: justify;\">Bien se merecer\u00eda su nombre a un producto de la f\u00e1brica granadina el pr\u00f3ximo a\u00f1o para celebrar el centenario de su fundaci\u00f3n. \u00a1A disfrutarla!.<\/div>\n<\/div>\n<div dir=\"auto\">\n<div class=\"html-div xdj266r x11i5rnm xat24cr x1mh8g0r xexx8yu x4uap5 x18d9i69 xkhd6sd x1iyjqo2\">\n<div class=\"x78zum5 xdt5ytf xz62fqu x16ldp7u\">\n<div class=\"xu06os2 x1ok221b\">\n<h2 id=\":Rlal5bb9l5qq9papd5aq:\" class=\"html-h2 x11i5rnm xat24cr x1mh8g0r xexx8yu x4uap5 x18d9i69 xkhd6sd x1vvkbs x1heor9g x1qlqyl8 x1pd3egz x1a2a7pz x1gslohp x1yc453h\"><span class=\"xt0psk2\"><a class=\"x1i10hfl xjbqb8w x1ejq31n xd10rxx x1sy0etr x17r0tee x972fbf xcfux6l x1qhh985 xm0m39n x9f619 x1ypdohk xt0psk2 xe8uvvx xdj266r x11i5rnm xat24cr x1mh8g0r xexx8yu x4uap5 x18d9i69 xkhd6sd x16tdsg8 x1hl2dhg xggy1nq x1a2a7pz x1sur9pj xkrqix3 xzsf02u x1s688f\" tabindex=\"0\" role=\"link\" href=\"https:\/\/www.facebook.com\/ignacio.pozo.315?__cft__[0]=AZVwgTAvNet1nWQ1d8AmyLhO6ZDXAcHM2tJS3ReMqGdv2xOMCpk6S-2euxtAN2sD87KibEjJD8CqshI1WEr43lFRqesxZzmKcq-5bC8OBzZ3MCMKptULSSOuT3dAcrkHrR96dR7Ozt8AYsuXqtBiL3u6V6O-ulhXrSZtE2-Hz7JEhA&amp;__tn__=-UC%2CP-R\"><strong class=\"html-strong xdj266r x11i5rnm xat24cr x1mh8g0r xexx8yu x4uap5 x18d9i69 xkhd6sd x1hl2dhg x16tdsg8 x1vvkbs x1s688f\"><span class=\"html-span xdj266r x11i5rnm xat24cr x1mh8g0r xexx8yu x4uap5 x18d9i69 xkhd6sd x1hl2dhg x16tdsg8 x1vvkbs\">Ignacio Pozo<\/span><\/strong><\/a><\/span><\/h2>\n<p>https:\/\/www.facebook.com\/hashtag\/curiosidadesgastronomicasgranadinas<\/p>\n<\/div>\n<\/div>\n<\/div>\n<\/div>\n","protected":false},"excerpt":{"rendered":"<p>Carlos I tuvo una especial relaci\u00f3n con Granada, permaneciendo bastante tiempo en nuestra ciudad. De&#8230;<\/p>\n","protected":false},"author":1,"featured_media":71155,"comment_status":"closed","ping_status":"closed","sticky":false,"template":"","format":"standard","meta":{"_coblocks_attr":"","_coblocks_dimensions":"","_coblocks_responsive_height":"","_coblocks_accordion_ie_support":"","jetpack_post_was_ever_published":false,"_jetpack_newsletter_access":"","_jetpack_dont_email_post_to_subs":false,"_jetpack_newsletter_tier_id":0,"_jetpack_memberships_contains_paywalled_content":false,"_jetpack_memberships_contains_paid_content":false,"footnotes":"","jetpack_publicize_message":"","jetpack_publicize_feature_enabled":true,"jetpack_social_post_already_shared":true,"jetpack_social_options":{"image_generator_settings":{"template":"highway","default_image_id":0,"enabled":false},"version":2}},"categories":[1161,10781,44,6937],"tags":[],"class_list":["post-71154","post","type-post","status-publish","format-standard","has-post-thumbnail","hentry","category-ciudadania","category-granada","category-noticias-de-hoy","category-sociedad"],"jetpack_publicize_connections":[],"jetpack_featured_media_url":"https:\/\/i0.wp.com\/miradordeatarfe.es\/wp-content\/uploads\/2024\/09\/458996532_10226569690334640_8477193266052305787_n.jpg?fit=600%2C360&ssl=1","jetpack_likes_enabled":true,"jetpack_sharing_enabled":true,"_links":{"self":[{"href":"https:\/\/miradordeatarfe.es\/index.php?rest_route=\/wp\/v2\/posts\/71154","targetHints":{"allow":["GET"]}}],"collection":[{"href":"https:\/\/miradordeatarfe.es\/index.php?rest_route=\/wp\/v2\/posts"}],"about":[{"href":"https:\/\/miradordeatarfe.es\/index.php?rest_route=\/wp\/v2\/types\/post"}],"author":[{"embeddable":true,"href":"https:\/\/miradordeatarfe.es\/index.php?rest_route=\/wp\/v2\/users\/1"}],"replies":[{"embeddable":true,"href":"https:\/\/miradordeatarfe.es\/index.php?rest_route=%2Fwp%2Fv2%2Fcomments&post=71154"}],"version-history":[{"count":1,"href":"https:\/\/miradordeatarfe.es\/index.php?rest_route=\/wp\/v2\/posts\/71154\/revisions"}],"predecessor-version":[{"id":71156,"href":"https:\/\/miradordeatarfe.es\/index.php?rest_route=\/wp\/v2\/posts\/71154\/revisions\/71156"}],"wp:featuredmedia":[{"embeddable":true,"href":"https:\/\/miradordeatarfe.es\/index.php?rest_route=\/wp\/v2\/media\/71155"}],"wp:attachment":[{"href":"https:\/\/miradordeatarfe.es\/index.php?rest_route=%2Fwp%2Fv2%2Fmedia&parent=71154"}],"wp:term":[{"taxonomy":"category","embeddable":true,"href":"https:\/\/miradordeatarfe.es\/index.php?rest_route=%2Fwp%2Fv2%2Fcategories&post=71154"},{"taxonomy":"post_tag","embeddable":true,"href":"https:\/\/miradordeatarfe.es\/index.php?rest_route=%2Fwp%2Fv2%2Ftags&post=71154"}],"curies":[{"name":"wp","href":"https:\/\/api.w.org\/{rel}","templated":true}]}}