{"id":71174,"date":"2024-09-19T09:39:29","date_gmt":"2024-09-19T07:39:29","guid":{"rendered":"https:\/\/miradordeatarfe.es\/?p=71174"},"modified":"2024-09-17T11:38:18","modified_gmt":"2024-09-17T09:38:18","slug":"acercarse-a-los-40-y-no-tener-hijos","status":"publish","type":"post","link":"https:\/\/miradordeatarfe.es\/?p=71174","title":{"rendered":"Acercarse a los 40 y no tener hijos"},"content":{"rendered":"<h3 class=\"a_t\" style=\"text-align: justify;\">Acercarse a los 40 y no tener hijos: <span style=\"color: #800000;\">\u201cYa no s\u00e9 si es que no quiero o no quiero porque no puedo ni plante\u00e1rmelo\u201d<\/span> Cada vez hay m\u00e1s mujeres que deciden no ser madres, no por infertilidad, sino porque no lo desean o no pueden permit\u00edrselo. Una treintena de ellas explican sus razones, que van desde la precariedad laboral, el dif\u00edcil acceso a la vivienda a priorizar el desarrollo profesional y la falta de parejas corresponsables<\/h3>\n<p class=\"\" style=\"text-align: justify;\">Marta Uceda coge el tel\u00e9fono desde un pueblo de Granada, Loja. Tiene 32 a\u00f1os. Cuenta del tir\u00f3n:<\/p>\n<p class=\"\" style=\"text-align: justify;\">\u2014<span style=\"color: #800000;\">A los 18 pensaba que tendr\u00eda dos cr\u00edos, pareja estable, trabajo: el <i>sue\u00f1o<\/i> de cualquier persona a los 20. \u00bfQu\u00e9 pas\u00f3? La vida.<b> <\/b>Te da palos y no te deja levantarte. <a style=\"color: #800000;\" href=\"https:\/\/elpais.com\/eps\/2022-03-04\/eva-illouz-las-rupturas-son-heridas-narcisistas-y-no-sabemos-bien-como-abordarlas.html\" target=\"_blank\" rel=\"noopener\" data-link-track-dtm=\"\" data-mrf-link=\"https:\/\/elpais.com\/eps\/2022-03-04\/eva-illouz-las-rupturas-son-heridas-narcisistas-y-no-sabemos-bien-como-abordarlas.html\">Ruptura, desencanto, encajas con otros pero no hay sinton\u00eda<\/a>. Lo piensas y ves que el trabajo no te da para un cr\u00edo, que si el padre no se va a involucrar para qu\u00e9. Pasan los a\u00f1os, el cuerpo cambia y, feminismo mediante, acabas rompiendo con <a style=\"color: #800000;\" href=\"https:\/\/elpais.com\/smoda\/feminismo\/2024-02-01\/darcy-lockman-el-instinto-maternal-es-mentira-si-las-mujeres-hacemos-ciertas-cosas-mejor-es-porque-las-hemos-hecho-muchas-veces.html\" target=\"_blank\" rel=\"noopener\" data-link-track-dtm=\"\" data-mrf-link=\"https:\/\/elpais.com\/smoda\/feminismo\/2024-02-01\/darcy-lockman-el-instinto-maternal-es-mentira-si-las-mujeres-hacemos-ciertas-cosas-mejor-es-porque-las-hemos-hecho-muchas-veces.html\">un patr\u00f3n que es el de que hay que tener hijos s\u00ed o s\u00ed<\/a>. No querr\u00eda una crianza mediocre, tampoco tengo una independencia total econ\u00f3mica: trabajo en un cine como operadora de cabina y soy t\u00e9cnica de iluminaci\u00f3n en espect\u00e1culos. Me he dado cuenta de que no quiero pasar por ah\u00ed. Intento vivir en el ahora.<\/span><\/p>\n<div id=\"elpais_gpt-INTEXT\" style=\"text-align: justify;\" data-google-query-id=\"CPyry_nYxIgDFVND9ggdsWMsuA\">\n<div id=\"google_ads_iframe_7811748\/elpais_web\/sociedad_5__container__\">Maru pas\u00f3 por la veintena y la treintena de forma parecida a Marta, aunque su presente es distinto. Vive en Madrid. Descuelga y comienza a hablar como si estuviera haci\u00e9ndolo sola:<\/div>\n<\/div>\n<p class=\"\" style=\"text-align: justify;\"><span style=\"color: #800000;\">\u2014Estoy a punto de cumplir los 40 y los \u00faltimos cinco a\u00f1os han sido tremendos. Imagina pasar cinco a\u00f1os creyendo que sabes seguro que no quieres ser madre, pero pensando cada d\u00eda si eso es as\u00ed realmente. Si es porque se supone que es lo que tienes que hacer;<a style=\"color: #800000;\" href=\"https:\/\/elpais.com\/sociedad\/2024-01-05\/madres-arrepentidas-si-pudiese-volver-atras-no-me-quedaria-embarazada.html\" target=\"_blank\" rel=\"noopener\" data-link-track-dtm=\"\" data-mrf-link=\"https:\/\/elpais.com\/sociedad\/2024-01-05\/madres-arrepentidas-si-pudiese-volver-atras-no-me-quedaria-embarazada.html\"> por si luego te arrepientes<\/a>, y blablaba, <a style=\"color: #800000;\" href=\"https:\/\/elpais.com\/elpais\/2018\/07\/20\/mujeres\/1532109406_228218.html\" target=\"_blank\" rel=\"noopener\" data-link-track-dtm=\"\" data-mrf-link=\"https:\/\/elpais.com\/elpais\/2018\/07\/20\/mujeres\/1532109406_228218.html\">si en realidad no es tu verdadero deseo<\/a>, o si s\u00ed, pero la realidad lo hace imposible. Porque yo ya no s\u00e9 si es que no quiero o no quiero porque no puedo ni plante\u00e1rmelo<\/span>.<\/p>\n<p class=\"\" style=\"text-align: justify;\">Lo que Marta y Maru narran es extensible a una masa de mujeres entre los <i>veintimuchos<\/i> y los <i>cuarentaypocos: <\/i>las razones por las que cada vez las mujeres tienen menos hijos<i>. <\/i>En el \u00faltimo medio siglo se ha producido <a href=\"https:\/\/elpais.com\/opinion\/2024-03-23\/poblacion-menguante.html\" target=\"_blank\" rel=\"noopener\" data-link-track-dtm=\"\" data-mrf-link=\"https:\/\/elpais.com\/opinion\/2024-03-23\/poblacion-menguante.html\">un cambio profundo en la estructura social<\/a> relacionado, entre otras variables, con el cambio de vida que han experimentando ellas. En las m\u00e1s de 30 historias que este diario ha recogido para este reportaje se cruzan una y otra vez las mismas reflexiones: la <a href=\"https:\/\/elpais.com\/ideas\/2024-02-04\/la-precariedad-de-los-jovenes-el-mayor-obstaculo-para-su-compromiso-politico.html\" target=\"_blank\" rel=\"noopener\" data-link-track-dtm=\"\" data-mrf-link=\"https:\/\/elpais.com\/ideas\/2024-02-04\/la-precariedad-de-los-jovenes-el-mayor-obstaculo-para-su-compromiso-politico.html\">precariedad y la inestabilidad laboral<\/a>, el <a href=\"https:\/\/elpais.com\/economia\/2024-08-12\/el-coste-de-la-vivienda-supera-en-125-euros-el-salario-mediano-de-los-jovenes.html\" target=\"_blank\" rel=\"noopener\" data-link-track-dtm=\"\" data-mrf-link=\"https:\/\/elpais.com\/economia\/2024-08-12\/el-coste-de-la-vivienda-supera-en-125-euros-el-salario-mediano-de-los-jovenes.html\">dif\u00edcil acceso a la vivienda<\/a>, el desarrollo profesional, <a href=\"https:\/\/elpais.com\/mamas-papas\/familia\/2022-10-03\/de-poco-sirve-un-padre-corresponsable-si-el-resto-de-la-sociedad-no-lo-es.html\" target=\"_blank\" rel=\"noopener\" data-link-track-dtm=\"\" data-mrf-link=\"https:\/\/elpais.com\/mamas-papas\/familia\/2022-10-03\/de-poco-sirve-un-padre-corresponsable-si-el-resto-de-la-sociedad-no-lo-es.html\">la falta de parejas corresponsables<\/a> y la <a href=\"https:\/\/elpais.com\/smoda\/feminismo\/2024-02-01\/darcy-lockman-el-instinto-maternal-es-mentira-si-las-mujeres-hacemos-ciertas-cosas-mejor-es-porque-las-hemos-hecho-muchas-veces.html\" target=\"_blank\" rel=\"noopener\" data-link-track-dtm=\"\" data-mrf-link=\"https:\/\/elpais.com\/smoda\/feminismo\/2024-02-01\/darcy-lockman-el-instinto-maternal-es-mentira-si-las-mujeres-hacemos-ciertas-cosas-mejor-es-porque-las-hemos-hecho-muchas-veces.html\">conciencia feminista<\/a> est\u00e1n entre los motivos para que cada vez m\u00e1s mujeres o bien decidan no ser madres, o bien se vean condicionadas a no serlo.<\/p>\n<p class=\"\" style=\"text-align: justify;\">Ya una encuesta del CIS de 2006 sobre<a href=\"https:\/\/www.cis.es\/documents\/20120\/114476\/2007.03.15.FECUNDIDAD_Y_VALORES.pdf\/37c47b0d-10f9-5460-f6de-da94854a9083?t=1680692286472\" target=\"_blank\" rel=\"noopener\" data-link-track-dtm=\"\" data-mrf-link=\"https:\/\/www.cis.es\/documents\/20120\/114476\/2007.03.15.FECUNDIDAD_Y_VALORES.pdf\/37c47b0d-10f9-5460-f6de-da94854a9083?t=1680692286472\"> fecundidad y valores en la Espa\u00f1a del Siglo XXI <\/a>ahondaba en la modificaci\u00f3n de \u201clas pautas de formaci\u00f3n de la familia y los comportamientos reproductivos\u201d. Sobre todo, \u201centre las mujeres activas y con mayor nivel educativo\u201d, que \u201cse anticipan\u201d a esas nuevas pautas: \u201cLas espa\u00f1olas perciben que <a href=\"https:\/\/elpais.com\/politica\/2018\/03\/02\/actualidad\/1520006491_549539.html\" target=\"_blank\" rel=\"noopener\" data-link-track-dtm=\"\" data-mrf-link=\"https:\/\/elpais.com\/politica\/2018\/03\/02\/actualidad\/1520006491_549539.html\">los costes de la crianza de los hijos les resultan mucho m\u00e1s gravosas que a sus parejas<\/a> para la vida profesional. A una amplia mayor\u00eda les gustar\u00eda un modelo de familia sim\u00e9trico, pero menos de la mitad de ellas vive en una familia igual o parecida a la que le gustar\u00eda vivir\u201d.<\/p>\n<p style=\"text-align: justify;\"><a href=\"https:\/\/i0.wp.com\/miradordeatarfe.es\/wp-content\/uploads\/2024\/09\/Screenshot-2024-09-15-at-12-04-18-Acercarse-a-los-40-y-no-tener-hijos-Ya-no-se-si-es-que-no-quiero-o-no-quiero-porque-no-puedo-ni-plantearmelo-Sociedad-EL-PAIS.png?ssl=1\"><img data-recalc-dims=\"1\" loading=\"lazy\" decoding=\"async\" class=\"alignnone wp-image-71175 size-full\" src=\"https:\/\/i0.wp.com\/miradordeatarfe.es\/wp-content\/uploads\/2024\/09\/Screenshot-2024-09-15-at-12-04-18-Acercarse-a-los-40-y-no-tener-hijos-Ya-no-se-si-es-que-no-quiero-o-no-quiero-porque-no-puedo-ni-plantearmelo-Sociedad-EL-PAIS.png?resize=633%2C497&#038;ssl=1\" alt=\"\" width=\"633\" height=\"497\" srcset=\"https:\/\/i0.wp.com\/miradordeatarfe.es\/wp-content\/uploads\/2024\/09\/Screenshot-2024-09-15-at-12-04-18-Acercarse-a-los-40-y-no-tener-hijos-Ya-no-se-si-es-que-no-quiero-o-no-quiero-porque-no-puedo-ni-plantearmelo-Sociedad-EL-PAIS.png?w=633&amp;ssl=1 633w, https:\/\/i0.wp.com\/miradordeatarfe.es\/wp-content\/uploads\/2024\/09\/Screenshot-2024-09-15-at-12-04-18-Acercarse-a-los-40-y-no-tener-hijos-Ya-no-se-si-es-que-no-quiero-o-no-quiero-porque-no-puedo-ni-plantearmelo-Sociedad-EL-PAIS.png?resize=300%2C236&amp;ssl=1 300w\" sizes=\"auto, (max-width: 633px) 100vw, 633px\" \/><\/a> <a href=\"https:\/\/i0.wp.com\/miradordeatarfe.es\/wp-content\/uploads\/2024\/09\/Screenshot-2024-09-15-at-12-04-28-Acercarse-a-los-40-y-no-tener-hijos-Ya-no-se-si-es-que-no-quiero-o-no-quiero-porque-no-puedo-ni-plantearmelo-Sociedad-EL-PAIS.png?ssl=1\"><img data-recalc-dims=\"1\" loading=\"lazy\" decoding=\"async\" class=\"alignnone wp-image-71176 size-full\" src=\"https:\/\/i0.wp.com\/miradordeatarfe.es\/wp-content\/uploads\/2024\/09\/Screenshot-2024-09-15-at-12-04-28-Acercarse-a-los-40-y-no-tener-hijos-Ya-no-se-si-es-que-no-quiero-o-no-quiero-porque-no-puedo-ni-plantearmelo-Sociedad-EL-PAIS.png?resize=615%2C489&#038;ssl=1\" alt=\"\" width=\"615\" height=\"489\" srcset=\"https:\/\/i0.wp.com\/miradordeatarfe.es\/wp-content\/uploads\/2024\/09\/Screenshot-2024-09-15-at-12-04-28-Acercarse-a-los-40-y-no-tener-hijos-Ya-no-se-si-es-que-no-quiero-o-no-quiero-porque-no-puedo-ni-plantearmelo-Sociedad-EL-PAIS.png?w=615&amp;ssl=1 615w, https:\/\/i0.wp.com\/miradordeatarfe.es\/wp-content\/uploads\/2024\/09\/Screenshot-2024-09-15-at-12-04-28-Acercarse-a-los-40-y-no-tener-hijos-Ya-no-se-si-es-que-no-quiero-o-no-quiero-porque-no-puedo-ni-plantearmelo-Sociedad-EL-PAIS.png?resize=300%2C239&amp;ssl=1 300w\" sizes=\"auto, (max-width: 615px) 100vw, 615px\" \/><\/a><\/p>\n<p class=\"\" style=\"text-align: justify;\">Esa percepci\u00f3n de la realidad reflejada en esa encuesta de hace casi dos d\u00e9cadas no solo no se ha disipado, sino que no ha hecho m\u00e1s que <a href=\"https:\/\/elpais.com\/salud-y-bienestar\/2024-03-20\/la-humanidad-va-a-encoger-el-97-de-los-paises-entrara-en-crecimiento-negativo-para-2100.html\" target=\"_blank\" rel=\"noopener\" data-link-track-dtm=\"\" data-mrf-link=\"https:\/\/elpais.com\/salud-y-bienestar\/2024-03-20\/la-humanidad-va-a-encoger-el-97-de-los-paises-entrara-en-crecimiento-negativo-para-2100.html\">acrecentarse con el tiempo<\/a>. Y hay dos perspectivas que ayudan a explicar por qu\u00e9 <a href=\"https:\/\/www.ine.es\/jaxiT3\/Tabla.htm?t=29294&amp;L=0\" target=\"_blank\" rel=\"noopener\" data-link-track-dtm=\"\" data-mrf-link=\"https:\/\/www.ine.es\/jaxiT3\/Tabla.htm?t=29294&amp;L=0\">la tasa global de fecundidad en Espa\u00f1a<\/a> ha pasado de ser de 78,63 nacimientos por cada 1.000 mujeres en 1975 a <a href=\"https:\/\/elpais.com\/eps\/2022-04-17\/un-pais-sin-hijos-radiografia-de-la-baja-natalidad-de-espana.html\" target=\"_blank\" rel=\"noopener\" data-link-track-dtm=\"\" data-mrf-link=\"https:\/\/elpais.com\/eps\/2022-04-17\/un-pais-sin-hijos-radiografia-de-la-baja-natalidad-de-espana.html\">31,4 en 2022<\/a>, seg\u00fan los \u00faltimos datos del Instituto Nacional de Estad\u00edstica.<\/p>\n<p class=\"\" style=\"text-align: justify;\">La primera es la infertilidad social de la que habla <a href=\"https:\/\/elpais.com\/sociedad\/2024-07-28\/no-todas-las-mujeres-tienen-por-que-ser-madres-como-puede-ser-que-nos-de-mas-miedo-no-tener-hijos-que-tenerlos.html\" target=\"_blank\" rel=\"noopener\" data-link-track-dtm=\"\" data-mrf-link=\"https:\/\/elpais.com\/sociedad\/2024-07-28\/no-todas-las-mujeres-tienen-por-que-ser-madres-como-puede-ser-que-nos-de-mas-miedo-no-tener-hijos-que-tenerlos.html\">M\u00edriam Aguilar, la autora de<i> \u00bfY ahora qu\u00e9? Una reflexi\u00f3n sobre la no maternidad por circunstancias<\/i><\/a> (Koan, 2023). Explica que son \u201cesas veces en las que las circunstancias socioecon\u00f3micas son determinantes\u201d y que \u201cafecta a aquellas personas que en sus a\u00f1os f\u00e9rtiles no han tenido la posibilidad\u201d por m\u00faltiples motivos como no tener pareja \u2014y a veces no se quiere o no se puede hacer en solitario\u2014, por cuestiones econ\u00f3micas o falta de trabajo estable. Y la segunda es una ruptura con todo lo que antes \u201cse supon\u00eda que deb\u00eda ser\u201d, dice Almudena Hernando, la doctora en Prehistoria y arque\u00f3loga social: \u201cEl abandono de esa posici\u00f3n a la que nos reduc\u00eda el orden patriarcal que era el ser madre\u201d. Son cuestiones distintas pero se tocan.<\/p>\n<p style=\"text-align: justify;\"><a href=\"https:\/\/i0.wp.com\/miradordeatarfe.es\/wp-content\/uploads\/2024\/09\/Screenshot-2024-09-15-at-12-05-54-Acercarse-a-los-40-y-no-tener-hijos-Ya-no-se-si-es-que-no-quiero-o-no-quiero-porque-no-puedo-ni-plantearmelo-Sociedad-EL-PAIS.png?ssl=1\"><img data-recalc-dims=\"1\" loading=\"lazy\" decoding=\"async\" class=\"alignnone wp-image-71177 size-full\" src=\"https:\/\/i0.wp.com\/miradordeatarfe.es\/wp-content\/uploads\/2024\/09\/Screenshot-2024-09-15-at-12-05-54-Acercarse-a-los-40-y-no-tener-hijos-Ya-no-se-si-es-que-no-quiero-o-no-quiero-porque-no-puedo-ni-plantearmelo-Sociedad-EL-PAIS.png?resize=640%2C403&#038;ssl=1\" alt=\"\" width=\"640\" height=\"403\" srcset=\"https:\/\/i0.wp.com\/miradordeatarfe.es\/wp-content\/uploads\/2024\/09\/Screenshot-2024-09-15-at-12-05-54-Acercarse-a-los-40-y-no-tener-hijos-Ya-no-se-si-es-que-no-quiero-o-no-quiero-porque-no-puedo-ni-plantearmelo-Sociedad-EL-PAIS.png?w=641&amp;ssl=1 641w, https:\/\/i0.wp.com\/miradordeatarfe.es\/wp-content\/uploads\/2024\/09\/Screenshot-2024-09-15-at-12-05-54-Acercarse-a-los-40-y-no-tener-hijos-Ya-no-se-si-es-que-no-quiero-o-no-quiero-porque-no-puedo-ni-plantearmelo-Sociedad-EL-PAIS.png?resize=300%2C189&amp;ssl=1 300w, https:\/\/i0.wp.com\/miradordeatarfe.es\/wp-content\/uploads\/2024\/09\/Screenshot-2024-09-15-at-12-05-54-Acercarse-a-los-40-y-no-tener-hijos-Ya-no-se-si-es-que-no-quiero-o-no-quiero-porque-no-puedo-ni-plantearmelo-Sociedad-EL-PAIS.png?resize=540%2C340&amp;ssl=1 540w\" sizes=\"auto, (max-width: 640px) 100vw, 640px\" \/><\/a><\/p>\n<p class=\"\" style=\"text-align: justify;\">\u00c1ngela R. Bonachera encaja en la primera, en la llamada infertilidad social: 32 a\u00f1os, periodista. Vive \u201cen <a href=\"https:\/\/elpais.com\/masterdeperiodismo\/master2024\/2024-08-13\/los-jovenes-necesitan-el-108-del-sueldo-para-vivir-solos.html\" target=\"_blank\" rel=\"noopener\" data-link-track-dtm=\"\" data-mrf-link=\"https:\/\/elpais.com\/masterdeperiodismo\/master2024\/2024-08-13\/los-jovenes-necesitan-el-108-del-sueldo-para-vivir-solos.html\">una casa que no tiene ni habitaci\u00f3n<\/a>\u201d. Cocina, cama, su despacho cuando teletrabaja y el de su pareja est\u00e1n en un mismo espacio. Nunca ha querido parir pero s\u00ed adoptar, o acoger: \u201cPero as\u00ed, \u00bfc\u00f3mo? Nadie te puede impedir quedarte embarazada, pero hay un comit\u00e9 que a m\u00ed no me va a permitir en la vida una adopci\u00f3n o una acogida. Las condiciones socioecon\u00f3micas que tenemos no dan m\u00e1s de s\u00ed. He pensado mucho en hasta cu\u00e1ndo puedo darme de plazo. Los 40. Pero intento no darle muchas vueltas porque me agobio much\u00edsimo\u201d.<\/p>\n<p class=\"\" style=\"text-align: justify;\">Ese agobio, a veces, es tambi\u00e9n compartido entre aquellas que han dado especial peso a la reflexi\u00f3n sobre <a href=\"https:\/\/elpais.com\/economia\/negocios\/2023-04-23\/maternidad-y-brecha-salarial.html\" target=\"_blank\" rel=\"noopener\" data-link-track-dtm=\"\" data-mrf-link=\"https:\/\/elpais.com\/economia\/negocios\/2023-04-23\/maternidad-y-brecha-salarial.html\">lo que la maternidad podr\u00eda conllevar para sus carreras profesionales o sus perspectivas de vida<\/a> \u2014cuestiones reflejadas en <a href=\"https:\/\/elpais.com\/economia\/negocios\/2023-04-23\/maternidad-y-brecha-salarial.html\" target=\"_blank\" rel=\"noopener\" data-link-track-dtm=\"\" data-mrf-link=\"https:\/\/elpais.com\/economia\/negocios\/2023-04-23\/maternidad-y-brecha-salarial.html\">cientos de estad\u00edsticas a lo largo de los \u00faltimos a\u00f1os<\/a>\u2014, aquellas que para este reportaje aluden a que \u201csin el cambio\u201d que produjo en ellas el feminismo, \u201ces probable\u201d que siguieran pensando que lo que les \u201ctocaba\u201d era ser madres s\u00ed o s\u00ed.<\/p>\n<p class=\"\" style=\"text-align: justify;\">Carmen, de 32 a\u00f1os y asesora de comunicaci\u00f3n, cuenta que sus parejas acaban march\u00e1ndose porque no quieren adaptarse a sus horarios y ella quiere crecer en su trabajo. Asegura que el tema maternidad la \u201cangustia en el \u00faltimo a\u00f1o\u201d tanto que est\u00e1 \u201cen terapia\u201d. Y rumia: \u201cTengo amigas y compa\u00f1eras as\u00ed y nos sentimos juzgadas cuando sacamos el tema. Acabas por callar. A m\u00ed se me ha dicho varias veces, y me lo han dicho mujeres, que lo quiero todo: ser madre y seguir con mi carrera profesional como si nada. Los hombres no contestan, como si el tema no fuese con ellos\u201d.<\/p>\n<p style=\"text-align: justify;\"><a href=\"https:\/\/i0.wp.com\/miradordeatarfe.es\/wp-content\/uploads\/2024\/09\/Screenshot-2024-09-15-at-12-07-16-Acercarse-a-los-40-y-no-tener-hijos-Ya-no-se-si-es-que-no-quiero-o-no-quiero-porque-no-puedo-ni-plantearmelo-Sociedad-EL-PAIS.png?ssl=1\"><img data-recalc-dims=\"1\" loading=\"lazy\" decoding=\"async\" class=\"alignnone wp-image-71178 size-full\" src=\"https:\/\/i0.wp.com\/miradordeatarfe.es\/wp-content\/uploads\/2024\/09\/Screenshot-2024-09-15-at-12-07-16-Acercarse-a-los-40-y-no-tener-hijos-Ya-no-se-si-es-que-no-quiero-o-no-quiero-porque-no-puedo-ni-plantearmelo-Sociedad-EL-PAIS.png?resize=623%2C522&#038;ssl=1\" alt=\"\" width=\"623\" height=\"522\" srcset=\"https:\/\/i0.wp.com\/miradordeatarfe.es\/wp-content\/uploads\/2024\/09\/Screenshot-2024-09-15-at-12-07-16-Acercarse-a-los-40-y-no-tener-hijos-Ya-no-se-si-es-que-no-quiero-o-no-quiero-porque-no-puedo-ni-plantearmelo-Sociedad-EL-PAIS.png?w=623&amp;ssl=1 623w, https:\/\/i0.wp.com\/miradordeatarfe.es\/wp-content\/uploads\/2024\/09\/Screenshot-2024-09-15-at-12-07-16-Acercarse-a-los-40-y-no-tener-hijos-Ya-no-se-si-es-que-no-quiero-o-no-quiero-porque-no-puedo-ni-plantearmelo-Sociedad-EL-PAIS.png?resize=300%2C251&amp;ssl=1 300w\" sizes=\"auto, (max-width: 623px) 100vw, 623px\" \/><\/a><\/p>\n<p class=\"\" style=\"text-align: justify;\">Hernando, la arque\u00f3loga, apunta hacia quienes dicen que ahora las mujeres se han vuelto ego\u00edstas: \u201cHay quien las culpa de que la sociedad no funcione, de la baja natalidad. El problema no son ellas, el problema es que <a href=\"https:\/\/elpais.com\/sociedad\/2024-06-07\/el-nuevo-modelo-de-cuidados-preve-mejorar-las-condiciones-laborales-y-pone-el-foco-en-la-vivienda.html\" target=\"_blank\" rel=\"noopener\" data-link-track-dtm=\"\" data-mrf-link=\"https:\/\/elpais.com\/sociedad\/2024-06-07\/el-nuevo-modelo-de-cuidados-preve-mejorar-las-condiciones-laborales-y-pone-el-foco-en-la-vivienda.html\">los hombres no se han pasado a la parte de los cuidados<\/a>. Y el orden pol\u00edtico y econ\u00f3mico no ofrece tiempo para cuidar, ni tampoco premia los cuidados. Lo m\u00e1s importante es el trabajo y el \u00e9xito, eso s\u00ed se premia. Pero sigue exigi\u00e9ndose ambas cosas a ellas y no a ellos\u201d.<\/p>\n<p class=\"\" style=\"text-align: justify;\">Seg\u00fan <a href=\"https:\/\/elpais.com\/sociedad\/2024-01-15\/un-441-de-los-hombres-cree-que-se-ha-llegado-tan-lejos-en-la-promocion-de-la-igualdad-de-las-mujeres-que-ahora-se-les-discrimina-a-ellos.html\" target=\"_blank\" rel=\"noopener\" data-link-track-dtm=\"\" data-mrf-link=\"https:\/\/elpais.com\/sociedad\/2024-01-15\/un-441-de-los-hombres-cree-que-se-ha-llegado-tan-lejos-en-la-promocion-de-la-igualdad-de-las-mujeres-que-ahora-se-les-discrimina-a-ellos.html\">la \u00faltima encuesta acerca de las percepciones sobre la igualdad entre hombres y mujeres del CIS<\/a>, las mujeres dedican casi 7 horas de media al d\u00eda, 412 minutos, al cuidado de los hijos; ellos, 228,88 minutos. Y ellos piensan m\u00e1s que ellas que \u201cla maternidad es la mayor satisfacci\u00f3n que una mujer puede tener\u201d. Olga Pozas est\u00e1 lejos de estar de acuerdo. Naci\u00f3 en un pueblo de Gerona, en Campdev\u00e1nol, hace 42 a\u00f1os, \u201cno pareja, no progenie\u201d.<\/p>\n<p class=\"\" style=\"text-align: justify;\">Es abogada y supervisora en un hospital de Barcelona y durante un tiempo <a href=\"https:\/\/elpais.com\/sociedad\/2019\/02\/15\/actualidad\/1550230277_640322.html\" target=\"_blank\" rel=\"noopener\" data-link-track-dtm=\"\" data-mrf-link=\"https:\/\/elpais.com\/sociedad\/2019\/02\/15\/actualidad\/1550230277_640322.html\">\u201cromantiz\u00f3\u201d la idea de compartir con alguien una familia<\/a>: \u201cComo si no la tuviera ya: mi madre, mi padre, mis amigas, mis amigos. Esa pareja deb\u00eda ser un buen compa\u00f1ero o compa\u00f1era y alguien de quien sentirme orgullosa. Han ido llegando y pasando, pero no he confiado en nadie para llevar a cabo esta gesta, que es justo lo que me parece la crianza. Tambi\u00e9n porque he priorizado otras cosas que me hacen feliz, mi trabajo, por ejemplo\u201d.<\/p>\n<h5 class=\"a_m a_m-h \" style=\"text-align: justify;\"><span class=\"_db a_m_w _pr lb_btn\"><img data-recalc-dims=\"1\" loading=\"lazy\" decoding=\"async\" class=\"_re lazyload a_m-h alignleft\" src=\"https:\/\/i0.wp.com\/imagenes.elpais.com\/resizer\/v2\/3BOD4YH6I5E37LUKMGVEPQVYLU.jpg?resize=414%2C276&#038;ssl=1\" sizes=\"auto, (min-width:1199px) 1155px,(min-width:1001px) calc(100vw - 44px),(min-width:768px) 767px, 100vw\" srcset=\"https:\/\/imagenes.elpais.com\/resizer\/v2\/3BOD4YH6I5E37LUKMGVEPQVYLU.jpg?auth=a23f41ea067f8a6bc999d132bb5c1b4d11c4146e197cec33dcad6afb78ef8f9b&amp;width=414 414w,https:\/\/imagenes.elpais.com\/resizer\/v2\/3BOD4YH6I5E37LUKMGVEPQVYLU.jpg?auth=a23f41ea067f8a6bc999d132bb5c1b4d11c4146e197cec33dcad6afb78ef8f9b&amp;width=828 640w,https:\/\/imagenes.elpais.com\/resizer\/v2\/3BOD4YH6I5E37LUKMGVEPQVYLU.jpg?auth=a23f41ea067f8a6bc999d132bb5c1b4d11c4146e197cec33dcad6afb78ef8f9b&amp;width=980 1000w,https:\/\/imagenes.elpais.com\/resizer\/v2\/3BOD4YH6I5E37LUKMGVEPQVYLU.jpg?auth=a23f41ea067f8a6bc999d132bb5c1b4d11c4146e197cec33dcad6afb78ef8f9b&amp;width=1960 1960w\" alt=\"Olga Pozas, en Barcelona, el pasado mes de julio.\" width=\"414\" height=\"276\" \/><\/span>Olga Pozas, en Barcelona, el pasado mes de julio.<span class=\"a_m_m\">massimiliano minocri<\/span><\/h5>\n<p class=\"\" style=\"text-align: justify;\">Trabajo, ocio, amigos. \u00c1reas que, dice Mar\u00eda Rivera, psic\u00f3loga sanitaria especialista en terapia familiar y neuropsicolog\u00eda cl\u00ednica, han venido a ampliar el espacio de las mujeres: \u201cNo tener hijos tiene a veces m\u00e1s implicaciones sociales que internas, hasta hace unos a\u00f1os era una de las expectativas y una de las misiones de nuestra vida: hijos y familia. Hoy ya no, tenemos <a href=\"https:\/\/elpais.com\/chile\/2024-03-05\/jeanne-lafortune-las-mujeres-en-chile-tienen-menos-hijos-por-el-costo-de-la-maternidad-en-su-carrera-profesional.html\" target=\"_blank\" rel=\"noopener\" data-link-track-dtm=\"\" data-mrf-link=\"https:\/\/elpais.com\/chile\/2024-03-05\/jeanne-lafortune-las-mujeres-en-chile-tienen-menos-hijos-por-el-costo-de-la-maternidad-en-su-carrera-profesional.html\">esferas para desarrollarnos<\/a>, y, a priori, no tiene por qu\u00e9 suponer una carencia. Pero s\u00ed que es una decisi\u00f3n dif\u00edcil muchas veces, se tienen dudas sobre el futuro o sobre c\u00f3mo va a ser nuestra vida\u201d.<\/p>\n<p class=\"\" style=\"text-align: justify;\">Todas esas reflexiones y los cambios sociales que han llevado a ellas, <a href=\"https:\/\/elpais.com\/chile\/2024-03-05\/jeanne-lafortune-las-mujeres-en-chile-tienen-menos-hijos-por-el-costo-de-la-maternidad-en-su-carrera-profesional.html\" target=\"_blank\" rel=\"noopener\" data-link-track-dtm=\"\" data-mrf-link=\"https:\/\/elpais.com\/chile\/2024-03-05\/jeanne-lafortune-las-mujeres-en-chile-tienen-menos-hijos-por-el-costo-de-la-maternidad-en-su-carrera-profesional.html\">no solo se est\u00e1n produciendo en Espa\u00f1a<\/a>. Valentina se conecta a zoom. Est\u00e1 en Lima, tiene 29 y dice que \u201cpodr\u00eda ser que cambiara de opini\u00f3n, pero que para eso el mundo tendr\u00eda que darse la vuelta\u201d. Resume: \u201cHe visto lo que la maternidad ha hecho con mis amigas de infancia y de universidad. Ellas son felices casi todo el tiempo, pero yo no quiero eso para m\u00ed, no quiero dedicarme por entero, y sola, \u00bfo\u00edste?, sola, a cuidar, limpiar, cocinar, agendar citas m\u00e9dicas, cumplir con esas citas. No quiero que esa vida se me lleve por delante lo que yo considero que tiene que ser mi vida. Si el mundo y los hombres fuesen otra cosa entonces quiz\u00e1s, pero as\u00ed no\u201d.<\/p>\n<h3 class=\"\" style=\"text-align: justify;\">La sobrecarga que no comparten los hombres<\/h3>\n<p class=\"\" style=\"text-align: justify;\">Hernando, la arque\u00f3loga, explica que las mujeres, con la modernidad, rompieron ese rol madre-cuidadora que parec\u00eda inamovible. \u201cY se individualizaron\u201d, es decir, ya no eran solo eso sino tambi\u00e9n todo lo dem\u00e1s al incorporarse a la vida pol\u00edtica, laboral y social. Con un pero: \u201cEncarnamos la individualidad pero ah\u00ed sigue la parte del cuidado, <a href=\"https:\/\/elpais.com\/eps\/2022-02-18\/por-que-ayudar-en-las-tareas-de-la-casa-no-es-suficiente.html\" target=\"_blank\" rel=\"noopener\" data-link-track-dtm=\"\" data-mrf-link=\"https:\/\/elpais.com\/eps\/2022-02-18\/por-que-ayudar-en-las-tareas-de-la-casa-no-es-suficiente.html\">una sobrecarga que los hombres no han compartido<\/a>. Nosotras asumimos la parte social, laboral, pero no hemos podido compartir el cuidado con los hombres porque no han hecho lo mismo, se han quedado en el yo y la individualidad. Ese es el problema fundamental\u201d.<\/p>\n<p class=\"\" style=\"text-align: justify;\">Con los a\u00f1os, dice, cuando da tiempo a \u201cdarse cuenta\u201d, lo que empieza a producirse es \u201chast\u00edo de esa situaci\u00f3n, la conciencia de que los hombres no van a compartir esas tareas\u201d, y se da \u201cuna ruptura de esa estructura binaria del orden patriarcal\u201d, ese hombre-mujer, cada uno en su rol, bajo el que se ampara la idea de familia tradicional.<\/p>\n<p class=\"\" style=\"text-align: justify;\">Dice Rivera, la psic\u00f3loga: \u201cLas mujeres que actualmente estamos en edad de tener hijos hemos crecido con la idea de ser independientes, trabajar, tener una carrera, pero tambi\u00e9n nos han inculcado la idea de familia e hijos. Nos han estado diciendo \u2018ten cuidado, no te quedes embarazada\u2019, y pasamos de ah\u00ed a darnos cuenta de que igual no es tan f\u00e1cil tenerlos llegada una edad\u201d. Y explica que esto \u201cproduce un <i>shock<\/i> para muchas de ellas\u201d, sobre todo cuando aparecen problemas de fertilidad, \u201cporque hay sentimientos encontrados, piensan que han antepuesto ciertas cuestiones y, llegado el momento, es su <i>culpa <\/i>el no poder tenerlos\u201d. Eso, afirma, \u201csupone un cambio y una elaboraci\u00f3n de la identidad personal muy importante\u201d.<\/p>\n<p class=\"\" style=\"text-align: justify;\">Algo parecido le pas\u00f3 a Amelia. \u201cNunca estuve en el no claro ni en el s\u00ed claro. Pero a lo largo de los a\u00f1os, el no me lo acab\u00e9 encontrando\u201d, dice desde Barcelona, donde vive, aunque es de Castell\u00f3n. En la veintena: estudios y trabajos precarios, era profesora interina: \u201cMuchos a\u00f1os alquilando una habitaci\u00f3n, una sustituci\u00f3n en un instituto, otra, todo era inestable, ten\u00eda un novio que no quer\u00eda hijos y estuve con \u00e9l desde los 30 hasta los 40\u2033.<\/p>\n<p class=\"\" style=\"text-align: justify;\"><a href=\"https:\/\/elpais.com\/sociedad\/2024-05-12\/la-vida-con-endometriosis-es-como-si-te-arrancaran-las-entranas-y-llegan-a-decirte-que-el-dolor-esta-en-tu-cabeza.html\" target=\"_blank\" rel=\"noopener\" data-link-track-dtm=\"\" data-mrf-link=\"https:\/\/elpais.com\/sociedad\/2024-05-12\/la-vida-con-endometriosis-es-como-si-te-arrancaran-las-entranas-y-llegan-a-decirte-que-el-dolor-esta-en-tu-cabeza.html\">En medio, a los 35, le diagnosticaron endometriosis y eso hizo que la balanza pesara m\u00e1s hacia el no: \u201c<\/a>Hice un camino que, al final, entre la situaci\u00f3n inestable a nivel laboral, el desastre de la vivienda en Barcelona, que tampoco ten\u00eda red familiar o de apoyo cerca y a los 39 me tuvieron que operar y me hicieron una histerectom\u00eda\u2026 Lleg\u00f3 el no\u201d. Estuvo mal una temporada: \u201c<a href=\"https:\/\/elpais.com\/eps\/2022-08-04\/el-duelo-incomprendido-de-querer-y-no-poder-ser-madre.html\" target=\"_blank\" rel=\"noopener\" data-link-track-dtm=\"\" data-mrf-link=\"https:\/\/elpais.com\/eps\/2022-08-04\/el-duelo-incomprendido-de-querer-y-no-poder-ser-madre.html\">Pero pas\u00e9 ese duelo<\/a>, ya est\u00e1, lo he digerido y me he plantado con 46 y trabajando en educaci\u00f3n y con adolescentes. Es otra forma de vivir\u201d.<\/p>\n<p class=\"\" style=\"text-align: justify;\">Esto, dice M\u00edriam Aguilar en su libro, \u201chabla de c\u00f3mo muchas no saben si hubieran podido porque no tuvieron la oportunidad de intentarlo, sienten que les ha sido arrebatada la posibilidad de elegir entre ser madres, no serlo o dejar de intentarlo, como si las circunstancias de la vida hubieran tomado esa decisi\u00f3n por ellas\u201d. Vida Isabel Ortega, de 36, nacida y crecida en M\u00e9xico, manda un minipodcast en varios audios en el que narra el c\u00f3mo el contexto emocional, laboral, social y econ\u00f3mico para ella, en Ciudad de M\u00e9xico, le impide plante\u00e1rselo. \u00bfSe podr\u00eda \u201clanzar a ser madre\u201d? Podr\u00eda. Pero no quiere \u201csubsistir\u201d.<\/p>\n<p class=\"\" style=\"text-align: justify;\">Este es su \u00faltimo audio:<\/p>\n<p class=\"\" style=\"text-align: justify;\">\u2014Si bien la decisi\u00f3n de no tener hijos es m\u00eda, se enmarca en una matriz de la que yo no tengo control, y creo que no los tendr\u00e9 porque no he alcanzado el \u00e9xito econ\u00f3mico y en cuanto a parejas. Siento que he fracasado mucho m\u00e1s en esto que si no pudiera tener hijos biol\u00f3gicamente, y sentir eso es muy cabr\u00f3n. No me hace sentir menos mujer, no va por ah\u00ed, sino que est\u00e1 relacionado con mi capacidad de persona en el mundo. Lo justo ser\u00eda que no tuvi\u00e9ramos que enfrentarnos a estos dolores, pero pasan y supongo que eventualmente podr\u00e9 hacer las paces con el no ser madre y resignificar que si no lo soy, no es porque fall\u00e9 como persona, sino porque el sistema nos falla a nosotras.<\/p>\n<h3 class=\"a_de_t\" style=\"text-align: justify;\"><em>No puedo anteponer mi deseo a la realidad\u00bb<\/em><\/h3>\n<figure class=\"a_m a_de_m a_m-h \" style=\"text-align: justify;\"><em><span class=\"a_m_w _db\"><img data-recalc-dims=\"1\" loading=\"lazy\" decoding=\"async\" class=\"_re lazyload a_m-h\" src=\"https:\/\/i0.wp.com\/cloudfront-eu-central-1.images.arcpublishing.com\/prisa\/IX6IJTIUMFAHHMARPVERLGMSPU.jpg?resize=414%2C233&#038;ssl=1\" alt=\"Raquel L\u00f3pez, en su barrio, en Salamanca.\" width=\"414\" height=\"233\" \/><\/span><\/em><figcaption class=\"a_m_p a_de_m_p\"><em>Raquel L\u00f3pez, en su barrio, en Salamanca.<span class=\"a_m_m a_de_m_m\">Emilio Fraile<\/span><\/em><\/figcaption><\/figure>\n<div class=\"a_de_txt\" style=\"text-align: justify;\">\n<p><em>Las dos perspectivas que explican por qu\u00e9 las mujeres deciden o se ven obligadas a no tener hijos, la infertilidad social y la ruptura con la idea de que si se es mujer hay que ser madre s\u00ed o s\u00ed, funcionan tambi\u00e9n para otro grupo de mujeres. Aquellas que s\u00ed tuvieron uno.\u00a0<\/em><\/p>\n<p><em>En Villavicencio, una ciudad al sudeste de Bogot\u00e1, en Colombia, Karen Arana coge la llamada a trav\u00e9s de WhatsApp. Tiene 29 y tuvo a su hijo a los 18, con una pareja con la que estuvo 11 a\u00f1os y con la que pens\u00f3 en la posibilidad de un segundo:<span style=\"color: #800000;\"> \u201cEstudio psicolog\u00eda, me grad\u00fao, empiezo un m\u00e1ster y me doy cuenta de que no, de que me corresponde a m\u00ed sola, todo. Empieza a crecer mi ambici\u00f3n profesional y laboral y mi libertad\u201d.<\/span> Y concluye, dice, que hay dos razones por las que no volver\u00e1 a ser madre, su \u201ccrecimiento personal\u201d y que cree<span style=\"color: #800000;\"> \u201cque no hay ning\u00fan hombre apto para ejercer una paternidad responsable\u201d.<\/span><\/em><\/p>\n<p><em>Criar, insiste, <span style=\"color: #800000;\">\u201ces tremendamente dif\u00edcil, una de las tareas m\u00e1s invisibles para el resto del mundo\u201d <span style=\"color: #000000;\">y, a nivel social cree que no hay nada que te preparare para ello:<\/span> \u201cY a la vez se juzga demasiado. Si ejerces una especie de crianza respetuosa porque no pones l\u00edmites, si est\u00e1s siendo demasiado dura, porque lo eres. Se te juzga como mujer, madre, pareja. Se idealiza el tema de la maternidad, la entrega absoluta por los hijos, ser feliz todo el tiempo. \u00bfDeber\u00eda ser lo m\u00e1s lindo del mundo? Socialmente es muy dif\u00edcil cumplir ese rol\u201d<\/span>.<\/em><\/p>\n<p><em>Raquel L\u00f3pez, a muchos kil\u00f3metros de Karen (naci\u00f3 y vive en Salamanca), cumpli\u00f3 los 46 este a\u00f1o. Fue madre con 21, mientras estudiaba Derecho, pero decidi\u00f3 tenerlo:<span style=\"color: #800000;\"> \u201cTuve la suerte de tener el apoyo de mi familia. Cuando cumpli\u00f3 tres a\u00f1os, sali\u00f3 rana todo y me encontr\u00e9 yo sola con 27 a\u00f1os con una cr\u00eda y saliendo adelante\u201d.\u00a0<\/span><\/em><\/p>\n<p><em>Termin\u00f3 la carrera a los 10 a\u00f1os de empezarla, entr\u00f3 a trabajar a un supermercado y mientras se sac\u00f3 el doctorado en Derecho y Ciencias Sociales, y siempre quiso uno m\u00e1s, pero las circunstancias no lo permitieron. <span style=\"color: #800000;\">\u201cYo sola no pod\u00eda con la inestabilidad laboral, estuve cuatro a\u00f1os en paro. Pudo el raciocinio, me dije \u2018es imposible, no puedo anteponer mi deseo a la realidad\u2019, y es esa espinita pero yo s\u00e9 que las circunstancias son as\u00ed, me puedo cabrear o estar frustrada o tom\u00e1rmelo de otra manera\u201d.<\/span> Dice que el feminismo entr\u00f3 a su vida, e hizo que se lo tomara de esa otra manera. Aunque no fue f\u00e1cil.<\/em><\/p>\n<\/div>\n<p style=\"text-align: justify;\"><a class=\"a_md_a_n\" title=\"Ver todas las noticias de Isabel Vald\u00e9s\" href=\"https:\/\/elpais.com\/autor\/isabel-valdes-aragones\/#?rel=author_top\" data-mrf-link=\"https:\/\/elpais.com\/autor\/isabel-valdes-aragones\/\"><strong>Isabel Vald\u00e9s<\/strong><\/a><\/p>\n<p>FOTO: Marta Uceda, en un parque en Loja, Granada, el 24 de agosto.<span class=\"a_m_m\">Ferm\u00edn Rodr\u00edguez<\/span><\/p>\n<p>https:\/\/elpais.com\/sociedad\/2024-08-26\/acercarse-a-los-40-y-no-tener-hijos-ya-no-se-si-es-que-no-quiero-o-no-quiero-porque-no-puedo-ni-plantearmelo.html<\/p>\n","protected":false},"excerpt":{"rendered":"<p>Acercarse a los 40 y no tener hijos: \u201cYa no s\u00e9 si es que no&#8230;<\/p>\n","protected":false},"author":1,"featured_media":71180,"comment_status":"closed","ping_status":"closed","sticky":false,"template":"","format":"standard","meta":{"_coblocks_attr":"","_coblocks_dimensions":"","_coblocks_responsive_height":"","_coblocks_accordion_ie_support":"","jetpack_post_was_ever_published":false,"_jetpack_newsletter_access":"","_jetpack_dont_email_post_to_subs":false,"_jetpack_newsletter_tier_id":0,"_jetpack_memberships_contains_paywalled_content":false,"_jetpack_memberships_contains_paid_content":false,"footnotes":"","jetpack_publicize_message":"","jetpack_publicize_feature_enabled":true,"jetpack_social_post_already_shared":true,"jetpack_social_options":{"image_generator_settings":{"template":"highway","default_image_id":0,"enabled":false},"version":2}},"categories":[1161,14,186,44],"tags":[],"class_list":["post-71174","post","type-post","status-publish","format-standard","has-post-thumbnail","hentry","category-ciudadania","category-feminismo","category-instituciones","category-noticias-de-hoy"],"jetpack_publicize_connections":[],"jetpack_featured_media_url":"https:\/\/i0.wp.com\/miradordeatarfe.es\/wp-content\/uploads\/2024\/09\/Screenshot-2024-09-15-at-12-01-10-Acercarse-a-los-40-y-no-tener-hijos-Ya-no-se-si-es-que-no-quiero-o-no-quiero-porque-no-puedo-ni-plantearmelo-Sociedad-EL-PAIS.png?fit=733%2C411&ssl=1","jetpack_likes_enabled":true,"jetpack_sharing_enabled":true,"_links":{"self":[{"href":"https:\/\/miradordeatarfe.es\/index.php?rest_route=\/wp\/v2\/posts\/71174","targetHints":{"allow":["GET"]}}],"collection":[{"href":"https:\/\/miradordeatarfe.es\/index.php?rest_route=\/wp\/v2\/posts"}],"about":[{"href":"https:\/\/miradordeatarfe.es\/index.php?rest_route=\/wp\/v2\/types\/post"}],"author":[{"embeddable":true,"href":"https:\/\/miradordeatarfe.es\/index.php?rest_route=\/wp\/v2\/users\/1"}],"replies":[{"embeddable":true,"href":"https:\/\/miradordeatarfe.es\/index.php?rest_route=%2Fwp%2Fv2%2Fcomments&post=71174"}],"version-history":[{"count":3,"href":"https:\/\/miradordeatarfe.es\/index.php?rest_route=\/wp\/v2\/posts\/71174\/revisions"}],"predecessor-version":[{"id":71182,"href":"https:\/\/miradordeatarfe.es\/index.php?rest_route=\/wp\/v2\/posts\/71174\/revisions\/71182"}],"wp:featuredmedia":[{"embeddable":true,"href":"https:\/\/miradordeatarfe.es\/index.php?rest_route=\/wp\/v2\/media\/71180"}],"wp:attachment":[{"href":"https:\/\/miradordeatarfe.es\/index.php?rest_route=%2Fwp%2Fv2%2Fmedia&parent=71174"}],"wp:term":[{"taxonomy":"category","embeddable":true,"href":"https:\/\/miradordeatarfe.es\/index.php?rest_route=%2Fwp%2Fv2%2Fcategories&post=71174"},{"taxonomy":"post_tag","embeddable":true,"href":"https:\/\/miradordeatarfe.es\/index.php?rest_route=%2Fwp%2Fv2%2Ftags&post=71174"}],"curies":[{"name":"wp","href":"https:\/\/api.w.org\/{rel}","templated":true}]}}