{"id":71347,"date":"2024-09-30T09:08:05","date_gmt":"2024-09-30T07:08:05","guid":{"rendered":"https:\/\/miradordeatarfe.es\/?p=71347"},"modified":"2024-09-20T14:11:14","modified_gmt":"2024-09-20T12:11:14","slug":"como-combatir-el-calor-en-las-aulas-desde-la-arquitectura","status":"publish","type":"post","link":"https:\/\/miradordeatarfe.es\/?p=71347","title":{"rendered":"C\u00f3mo combatir el calor en las aulas desde la arquitectura"},"content":{"rendered":"<h3 style=\"text-align: justify;\">La tendencia de aumento de las temperaturas m\u00e1ximas durante per\u00edodos prolongados es global y est\u00e1 afectando a estudiantes y docentes en todo el mundo. Regiones como el norte de Espa\u00f1a o el centro de Europa, que previamente no hab\u00edan experimentado este problema, ahora se enfrentan a la falta de preparaci\u00f3n en escuelas y facultades para hacer frente al incremento de las olas de calor.<\/h3>\n<div class=\"contenido\">\n<p style=\"text-align: justify;\">Con la llegada del verano, el aumento de las temperaturas, y lo que se est\u00e1 conociendo ya como el \u00abvero\u00f1o\u00bb, vuelve el debate sobre la conveniencia de mejorar la gesti\u00f3n de la energ\u00eda en los centros educativos.\u00a0Aunque los cambios en las condiciones clim\u00e1ticas y las fluctuaciones extremas de temperatura en distintas regiones geogr\u00e1ficas requieren enfoques de aislamiento espec\u00edficos, la tendencia de aumento de las temperaturas m\u00e1ximas durante per\u00edodos prolongados es global y est\u00e1 afectando a estudiantes y docentes en todo el mundo. Regiones como el norte de Espa\u00f1a o el centro de Europa, que previamente no hab\u00edan experimentado este problema, ahora se enfrentan a la falta de preparaci\u00f3n en escuelas y facultades para hacer frente al incremento de las olas de calor.<\/p>\n<h3 style=\"text-align: justify;\"><strong>Uno de los grupos m\u00e1s perjudicados por el cambio clim\u00e1tico son los menores y el n\u00famero de protestas dirigidas a las autoridades para tomar medidas crece.<\/strong> \u00bfC\u00f3mo podemos contribuir a mejorar esta situaci\u00f3n?<\/h3>\n<h2 style=\"text-align: justify;\">Adaptar estructuras existentes<\/h2>\n<p style=\"text-align: justify;\">En Espa\u00f1a hay alrededor de 28.000 centros educativos que no son universidades, adem\u00e1s de unas 86 instituciones de educaci\u00f3n superior. La mayor\u00eda de estas construcciones tienen m\u00e1s de 25 a\u00f1os de existencia y no siempre satisfacen los est\u00e1ndares de aislamiento t\u00e9rmico, especialmente cuando las altas temperaturas del verano alcanzan niveles extremos por un per\u00edodo prolongado. De cara a esta situaci\u00f3n, y a menos que haya excepciones, el objetivo principal ser\u00eda encontrar respuestas al intenso calor que afecta a las aulas ya existentes. Afortunadamente, el abanico de posibles soluciones es amplio.<\/p>\n<p style=\"text-align: justify;\">Un ejemplo: en construcciones o en \u00e1reas que carecen de ventilaci\u00f3n natural, un sistema de ventilaci\u00f3n natural y cruzada podr\u00eda garantizar un flujo constante de aire. Reducir la dependencia del aire acondicionado no solo ser\u00eda beneficioso para el medio ambiente, sino que tambi\u00e9n contribuir\u00eda a disminuir el consumo de energ\u00eda, por lo que ser\u00eda un ahorro significativo para la instituci\u00f3n.<\/p>\n<blockquote>\n<p><strong>La mayor\u00eda de estas construcciones tienen m\u00e1s de 25 a\u00f1os de existencia y no siempre satisfacen los est\u00e1ndares de aislamiento t\u00e9rmico<\/strong><\/p>\n<\/blockquote>\n<p style=\"text-align: justify;\">La implementaci\u00f3n de una <a href=\"https:\/\/ethic.es\/2024\/08\/la-arquitectura-tambien-puede-mejorar-la-salud-y-el-bienestar\/\">fachada<\/a> de doble envoltura podr\u00eda generar un espacio de aire entre la capa exterior y la estructura interna del edificio, siempre y cuando la estructura lo permita. Actuar\u00eda como un aislante t\u00e9rmico, disminuyendo as\u00ed la conducci\u00f3n de calor. <strong>Las lamas, ya sean orientables o fijas, pueden representar una soluci\u00f3n eficiente<\/strong>, dependiendo de la orientaci\u00f3n y las particularidades del edificio. Asimismo, la utilizaci\u00f3n de materiales y pinturas reflectantes o de revestimientos aislantes suele dar resultados efectivos en regiones con temperaturas elevadas.<\/p>\n<p style=\"text-align: justify;\">Los techos verdes y los <a href=\"https:\/\/ethic.es\/2022\/12\/jardines-en-aulas-casas-y-oficinas-para-respirar-aire-limpio\/\">jardines verticales<\/a> pueden ofrecer un aislamiento adicional si esta soluci\u00f3n es factible dentro de la estructura existente. Estos elementos pueden integrarse en una estrategia global destinada a mejorar el control t\u00e9rmico y la eficiencia energ\u00e9tica. La integraci\u00f3n de la vegetaci\u00f3n en \u00e1reas verdes en los campus universitarios contribuye a la reducci\u00f3n de la temperatura ambiente mediante la evapotranspiraci\u00f3n. Los \u00e1rboles aceleran el proceso: adem\u00e1s de proporcionar sombra, absorber CO<sub>2<\/sub> y crear un entorno acogedor, ofrecen \u00e1reas de recreaci\u00f3n para el alumnado.<\/p>\n<h2 style=\"text-align: justify;\">Materiales naturales y planificaci\u00f3n<\/h2>\n<p style=\"text-align: justify;\">Adem\u00e1s de optimizar los dise\u00f1os, se pueden emplear materiales locales y naturales con alta inercia t\u00e9rmica para lograr la disminuci\u00f3n de la transferencia de calor durante la temporada estival y conservar la energ\u00eda t\u00e9rmica en el interior de la edificaci\u00f3n durante el invierno. La implementaci\u00f3n de otros m\u00e9todos, como la <strong>refrigeraci\u00f3n t\u00e9rmica nocturna<\/strong> o la modificaci\u00f3n de los horarios de las clases, formar\u00edan parte de las medidas para tener un impacto positivo en la eficiencia energ\u00e9tica.<\/p>\n<blockquote class=\"right\">\n<p><strong>Contrariamente a la climatizaci\u00f3n mec\u00e1nica, las medidas pasivas para reducir la temperatura en las aulas no retroalimentan el calentamiento global<\/strong><\/p>\n<\/blockquote>\n<p style=\"text-align: justify;\"><strong>Es imperativo proponer soluciones para los edificios educativos actuales para adecuarlos a las nuevas circunstancias<\/strong>. Paralelamente, tenemos que modificar nuestro estilo de vida y ajustarnos a una nueva realidad. La planificaci\u00f3n de nuevos campus universitarios y centros educativos, desde el nivel de educaci\u00f3n infantil hasta la educaci\u00f3n secundaria, debe basarse en un dise\u00f1o pasivo y bioclim\u00e1tico, lo que requiere una cuidadosa planificaci\u00f3n. Los centros educativos reciben a diario a una gran cantidad de personas j\u00f3venes; por tanto, pueden ser un lugar ideal para proyectar una visi\u00f3n futurista\/pionera, con edificios que pueden destacarse como l\u00edderes en la adaptaci\u00f3n al cambio clim\u00e1tico y servir de modelo para otras tipolog\u00edas arquitect\u00f3nicas. Las soluciones se encuentran en la utilizaci\u00f3n de elementos b\u00e1sicos y en la aplicaci\u00f3n de metodolog\u00edas hist\u00f3ricas probadas, sin necesidad de recurrir a accesorios extravagantes ni m\u00e1quinas sofisticadas.<\/p>\n<h2 style=\"text-align: justify;\">Empezar la casa por los cimientos<\/h2>\n<p style=\"text-align: justify;\">Se trata de construir bien desde cero para evitar el calor, apoy\u00e1ndonos en el dise\u00f1o pasivo y bioclim\u00e1tico. He aqu\u00ed unos criterios b\u00e1sicos:<\/p>\n<ul style=\"text-align: justify;\">\n<li><strong>Atenci\u00f3n con la orientaci\u00f3n.<\/strong> Si nos aseguramos de que las aulas est\u00e9n orientadas hacia el norte, evitaremos la luz solar directa, y si las orientamos al sur, donde el solsticio es alto, resultar\u00e1 f\u00e1cil proteger las aberturas (p. ej., las ventanas).<\/li>\n<li><strong>Edificios con buen aislamiento<\/strong>, de modo que se reduzca la ganancia de calor en verano y se mantenga la energ\u00eda dentro del edificio en invierno. Adem\u00e1s, si utilizamos los tejados para crear jardines, proporcionaremos un aislamiento natural y espacios abiertos adicionales.<\/li>\n<li><strong>Fij\u00e9monos bien en la historia<\/strong>: \u00bfpor qu\u00e9 no crear un aire acondicionado natural con unas \u00abtorres de refrigeraci\u00f3n\u00bb orientadas para captar el viento? As\u00ed se hac\u00eda en las antiguas construcciones de Isfah\u00e1n, en Ir\u00e1n. Es una t\u00e9cnica milenaria aplicada por el arquitecto Hassan Fathy (premio Aga Khan de Arquitectura en 1980) en las famosas \u00abneveras del desierto\u00bb, en Egipto, que atrapan el calor y permiten reducir la temperatura interior sin ayuda mec\u00e1nica.<\/li>\n<li><strong>Edificios en capas flexibles<\/strong>, donde cada elemento ayude a su uso de forma eficiente proporcionando nuevos espacios para ense\u00f1ar, compartir e innovar.<\/li>\n<li><strong>No olvidemos las metodolog\u00edas hist\u00f3ricas locales para la construcci\u00f3n:<\/strong> veamos c\u00f3mo hemos tenido \u00e9xito y d\u00f3nde podemos mejorar nuestros dise\u00f1os. Sabemos que un patio con plantas puede constituir un refrigerador natural que contribuye a la eficiencia energ\u00e9tica; es el caso de los famosos patios de C\u00f3rdoba. \u00bfPor qu\u00e9 no aplicar lo mismo en un campus universitario? Naturalmente, la vegetaci\u00f3n puede combinarse con la creaci\u00f3n de espacios sombreados al aire libre, con p\u00e9rgolas, toldos o con patios cubiertos donde los estudiantes puedan descansar y realizar actividades al aire libre sin exposici\u00f3n directa al sol.<\/li>\n<li><strong>Seamos honestos con la construcci\u00f3n.<\/strong> Como \u00faltimo punto, quiz\u00e1s el m\u00e1s importante estriba en ense\u00f1ar a ni\u00f1os y j\u00f3venes los entresijos de los edificios para que los valoren y entiendan c\u00f3mo se construyen, los sistemas y la cantidad de esfuerzo y energ\u00eda necesaria para funcionar.<\/li>\n<\/ul>\n<p style=\"text-align: justify;\">Es cierto que todas las medidas aqu\u00ed mencionadas requieren una inversi\u00f3n inicial que, a su vez, necesitar\u00e1 un tiempo antes de ser amortizada. Sin embargo, en el largo plazo ser\u00e1 una inversi\u00f3n muy rentable en t\u00e9rminos financieros y en sostenibilidad: <strong>la reducci\u00f3n de la temperatura ambiente en las aulas repercute en el bienestar de las personas en el campus de forma inmediata.<\/strong>\u00a0Favorecer\u00eda la concentraci\u00f3n de profesores y alumnos y ayudar\u00eda a mejorar el rendimiento acad\u00e9mico. Un detalle importante: contrariamente a la climatizaci\u00f3n mec\u00e1nica, las medidas pasivas para reducir la temperatura en las aulas no retroalimentan el calentamiento global.<\/p>\n<hr \/>\n<p><strong><em>Pedro Pe\u00f1a Jurado es arquitecto y cofundador de <a href=\"https:\/\/studiopez.net\" target=\"_blank\" rel=\"noopener\">Studiopez<\/a><\/em>.<\/strong><\/p>\n<div>https:\/\/ethic.es\/2024\/09\/como-combatir-el-calor-en-las-aulas-desde-la-arquitectura\/?_gl=1*wlak4i*_up*MQ..*_ga*MjUxMDI1NDQ5LjE3MjY4MzMyODM.*_ga_0LL6WCT924*MTcyNjgzMzI4MC4xLjEuMTcyNjgzMzkxMC4wLjAuMTA4NjcxODYzMA..<\/div>\n<\/div>\n<p>&nbsp;<\/p>\n<div class=\"not_in_mobile\">\n<div class=\"ficha ficha-articulistas cf\">\n<div class=\"articulistas-wrapper count-1\">\n<p class=\"title\">\u00a0<\/p>\n<div class=\"author\">\n<h3>\u00a0<\/h3>\n<\/div>\n<\/div>\n<\/div>\n<\/div>\n","protected":false},"excerpt":{"rendered":"<p>La tendencia de aumento de las temperaturas m\u00e1ximas durante per\u00edodos prolongados es global y est\u00e1&#8230;<\/p>\n","protected":false},"author":1,"featured_media":71348,"comment_status":"closed","ping_status":"closed","sticky":false,"template":"","format":"standard","meta":{"_coblocks_attr":"","_coblocks_dimensions":"","_coblocks_responsive_height":"","_coblocks_accordion_ie_support":"","jetpack_post_was_ever_published":false,"_jetpack_newsletter_access":"","_jetpack_dont_email_post_to_subs":false,"_jetpack_newsletter_tier_id":0,"_jetpack_memberships_contains_paywalled_content":false,"_jetpack_memberships_contains_paid_content":false,"footnotes":"","jetpack_publicize_message":"","jetpack_publicize_feature_enabled":true,"jetpack_social_post_already_shared":true,"jetpack_social_options":{"image_generator_settings":{"template":"highway","default_image_id":0,"enabled":false},"version":2}},"categories":[187,1161,186,44],"tags":[],"class_list":["post-71347","post","type-post","status-publish","format-standard","has-post-thumbnail","hentry","category-centros-educativos","category-ciudadania","category-instituciones","category-noticias-de-hoy"],"jetpack_publicize_connections":[],"jetpack_featured_media_url":"https:\/\/i0.wp.com\/miradordeatarfe.es\/wp-content\/uploads\/2024\/09\/calor-1280x768-1.jpg?fit=1280%2C768&ssl=1","jetpack_likes_enabled":true,"jetpack_sharing_enabled":true,"_links":{"self":[{"href":"https:\/\/miradordeatarfe.es\/index.php?rest_route=\/wp\/v2\/posts\/71347","targetHints":{"allow":["GET"]}}],"collection":[{"href":"https:\/\/miradordeatarfe.es\/index.php?rest_route=\/wp\/v2\/posts"}],"about":[{"href":"https:\/\/miradordeatarfe.es\/index.php?rest_route=\/wp\/v2\/types\/post"}],"author":[{"embeddable":true,"href":"https:\/\/miradordeatarfe.es\/index.php?rest_route=\/wp\/v2\/users\/1"}],"replies":[{"embeddable":true,"href":"https:\/\/miradordeatarfe.es\/index.php?rest_route=%2Fwp%2Fv2%2Fcomments&post=71347"}],"version-history":[{"count":1,"href":"https:\/\/miradordeatarfe.es\/index.php?rest_route=\/wp\/v2\/posts\/71347\/revisions"}],"predecessor-version":[{"id":71349,"href":"https:\/\/miradordeatarfe.es\/index.php?rest_route=\/wp\/v2\/posts\/71347\/revisions\/71349"}],"wp:featuredmedia":[{"embeddable":true,"href":"https:\/\/miradordeatarfe.es\/index.php?rest_route=\/wp\/v2\/media\/71348"}],"wp:attachment":[{"href":"https:\/\/miradordeatarfe.es\/index.php?rest_route=%2Fwp%2Fv2%2Fmedia&parent=71347"}],"wp:term":[{"taxonomy":"category","embeddable":true,"href":"https:\/\/miradordeatarfe.es\/index.php?rest_route=%2Fwp%2Fv2%2Fcategories&post=71347"},{"taxonomy":"post_tag","embeddable":true,"href":"https:\/\/miradordeatarfe.es\/index.php?rest_route=%2Fwp%2Fv2%2Ftags&post=71347"}],"curies":[{"name":"wp","href":"https:\/\/api.w.org\/{rel}","templated":true}]}}