{"id":71390,"date":"2024-09-25T10:37:32","date_gmt":"2024-09-25T08:37:32","guid":{"rendered":"https:\/\/miradordeatarfe.es\/?p=71390"},"modified":"2024-09-24T13:17:54","modified_gmt":"2024-09-24T11:17:54","slug":"atarfe-estara-en-la-noche-europea-de-los-investigadores-de-granada","status":"publish","type":"post","link":"https:\/\/miradordeatarfe.es\/?p=71390","title":{"rendered":"Atarfe estar\u00e1 en \u00abLa Noche Europea de los Investigadores de Granada.\u00bb"},"content":{"rendered":"<div class=\"the_content\">\n<h3>\u00a0El pr\u00f3ximo viernes 27 se celebra La Noche Europea de los Investigadores en Granada, as\u00ed como en m\u00e1s de 25 ciudades europeas.<\/h3>\n<p>En esta actividad los cient\u00edficos y cient\u00edficas sacan a la calle sus investigaciones para que todas las personas que se animen pasen por sus stands a descubrirlas. Es una experiencia \u00fanica ideal para despertar vocaciones en nuestros peques.<\/p>\n<p>Para ello, la Universidad de Granada ha contado con \u201cUniversity of Science\u201d, teatro c\u00f3mico de divulgaci\u00f3n cient\u00edfica para los m\u00e1s peque\u00f1os.<\/p>\n<h3>El viernes por la ma\u00f1ana a las 12:00 horas, en la plaza del Humilladero los maestros y maestras coordinadores de la Feria de la Ciencia de nuestra localidad desarrollaran el espect\u00e1culo cient\u00edfico que mas de 3000 alumnos de nuestro pueblo ya han disfrutado.<\/h3>\n<p>\u00a1\u00c1nimo y a disfrutar del d\u00eda cient\u00edfico!<\/p>\n<p><span data-sheets-root=\"1\">La actividad es a trav\u00e9s de una representaci\u00f3n teatral, los alumnos se examinan delante de la catedr\u00e1tica para obtener su t\u00edtulo final. Para ello deber\u00e1n de superar una serie de experimentos que pedir\u00e1n siempre ayuda al p\u00fablico y que entre bromas y dem\u00e1s, luego consiguen todos graduarse.<\/span><\/p>\n<p>&nbsp;<\/p>\n<p><a href=\"https:\/\/i0.wp.com\/miradordeatarfe.es\/wp-content\/uploads\/2024\/09\/Screenshot-2024-09-24-at-11-36-55-University-of-science-CienciAtarfe-La-Noche-Europea-de-los-Investigadores.png?ssl=1\"><img data-recalc-dims=\"1\" loading=\"lazy\" decoding=\"async\" class=\"alignnone wp-image-71391 size-full\" src=\"https:\/\/i0.wp.com\/miradordeatarfe.es\/wp-content\/uploads\/2024\/09\/Screenshot-2024-09-24-at-11-36-55-University-of-science-CienciAtarfe-La-Noche-Europea-de-los-Investigadores.png?resize=640%2C339&#038;ssl=1\" alt=\"\" width=\"640\" height=\"339\" srcset=\"https:\/\/i0.wp.com\/miradordeatarfe.es\/wp-content\/uploads\/2024\/09\/Screenshot-2024-09-24-at-11-36-55-University-of-science-CienciAtarfe-La-Noche-Europea-de-los-Investigadores.png?w=1139&amp;ssl=1 1139w, https:\/\/i0.wp.com\/miradordeatarfe.es\/wp-content\/uploads\/2024\/09\/Screenshot-2024-09-24-at-11-36-55-University-of-science-CienciAtarfe-La-Noche-Europea-de-los-Investigadores.png?resize=300%2C159&amp;ssl=1 300w, https:\/\/i0.wp.com\/miradordeatarfe.es\/wp-content\/uploads\/2024\/09\/Screenshot-2024-09-24-at-11-36-55-University-of-science-CienciAtarfe-La-Noche-Europea-de-los-Investigadores.png?resize=1024%2C543&amp;ssl=1 1024w, https:\/\/i0.wp.com\/miradordeatarfe.es\/wp-content\/uploads\/2024\/09\/Screenshot-2024-09-24-at-11-36-55-University-of-science-CienciAtarfe-La-Noche-Europea-de-los-Investigadores.png?resize=768%2C407&amp;ssl=1 768w\" sizes=\"auto, (max-width: 640px) 100vw, 640px\" \/><\/a><\/p>\n<h3><em>Actividad para centros educativos. Imprescindible inscripci\u00f3n previa<\/em><\/h3>\n<\/div>\n<div class=\"otros-datos\">\n<div class=\"grupo\">\n<p><strong>Grupo\/Departamento de investigaci\u00f3n:<\/strong><\/p>\n<p><span data-sheets-root=\"1\">Infantil, Primaria y compensatoria, CEIP Atarfe<\/span><\/p>\n<\/div>\n<div class=\"participan\">\n<p><strong>Participan:<\/strong><\/p>\n<p><span data-sheets-root=\"1\">Beatriz \u00c1vila Cuesta; Manuel Montesinos Mart\u00ednez; Amparo Castro Pinos<\/span><\/p>\n<\/div>\n<div class=\"financiacion\">\n<p><strong>Financiaci\u00f3n:<\/strong><\/p>\n<p><span data-sheets-root=\"1\">Ayuntamiento de Atarfe<\/span><\/p>\n<\/div>\n<div class=\"valor_que_aportan\">\n<p><strong>Valor que aporta la investigaci\u00f3n:<\/strong><\/p>\n<p><span data-sheets-root=\"1\">Acercamiento de la ciencia a los m\u00e1s peque\u00f1os, as\u00ed como mitigar la figura del cient\u00edfico y cient\u00edfica, as\u00ed como ver la ciencia cercana y divertida.<\/span><\/p>\n<\/div>\n<\/div>\n","protected":false},"excerpt":{"rendered":"<p>\u00a0El pr\u00f3ximo viernes 27 se celebra La Noche Europea de los Investigadores en Granada, as\u00ed&#8230;<\/p>\n","protected":false},"author":1,"featured_media":71395,"comment_status":"closed","ping_status":"closed","sticky":false,"template":"","format":"standard","meta":{"_coblocks_attr":"","_coblocks_dimensions":"","_coblocks_responsive_height":"","_coblocks_accordion_ie_support":"","jetpack_post_was_ever_published":false,"_jetpack_newsletter_access":"","_jetpack_dont_email_post_to_subs":false,"_jetpack_newsletter_tier_id":0,"_jetpack_memberships_contains_paywalled_content":false,"_jetpack_memberships_contains_paid_content":false,"footnotes":"","jetpack_publicize_message":"","jetpack_publicize_feature_enabled":true,"jetpack_social_post_already_shared":true,"jetpack_social_options":{"image_generator_settings":{"template":"highway","default_image_id":0,"enabled":false},"version":2}},"categories":[187,9597,186,44],"tags":[],"class_list":["post-71390","post","type-post","status-publish","format-standard","has-post-thumbnail","hentry","category-centros-educativos","category-cientificos-atarfenos","category-instituciones","category-noticias-de-hoy"],"jetpack_publicize_connections":[],"jetpack_featured_media_url":"https:\/\/i0.wp.com\/miradordeatarfe.es\/wp-content\/uploads\/2024\/09\/IMG20240320123214-scaled.jpg?fit=2560%2C1928&ssl=1","jetpack_likes_enabled":true,"jetpack_sharing_enabled":true,"_links":{"self":[{"href":"https:\/\/miradordeatarfe.es\/index.php?rest_route=\/wp\/v2\/posts\/71390","targetHints":{"allow":["GET"]}}],"collection":[{"href":"https:\/\/miradordeatarfe.es\/index.php?rest_route=\/wp\/v2\/posts"}],"about":[{"href":"https:\/\/miradordeatarfe.es\/index.php?rest_route=\/wp\/v2\/types\/post"}],"author":[{"embeddable":true,"href":"https:\/\/miradordeatarfe.es\/index.php?rest_route=\/wp\/v2\/users\/1"}],"replies":[{"embeddable":true,"href":"https:\/\/miradordeatarfe.es\/index.php?rest_route=%2Fwp%2Fv2%2Fcomments&post=71390"}],"version-history":[{"count":2,"href":"https:\/\/miradordeatarfe.es\/index.php?rest_route=\/wp\/v2\/posts\/71390\/revisions"}],"predecessor-version":[{"id":71396,"href":"https:\/\/miradordeatarfe.es\/index.php?rest_route=\/wp\/v2\/posts\/71390\/revisions\/71396"}],"wp:featuredmedia":[{"embeddable":true,"href":"https:\/\/miradordeatarfe.es\/index.php?rest_route=\/wp\/v2\/media\/71395"}],"wp:attachment":[{"href":"https:\/\/miradordeatarfe.es\/index.php?rest_route=%2Fwp%2Fv2%2Fmedia&parent=71390"}],"wp:term":[{"taxonomy":"category","embeddable":true,"href":"https:\/\/miradordeatarfe.es\/index.php?rest_route=%2Fwp%2Fv2%2Fcategories&post=71390"},{"taxonomy":"post_tag","embeddable":true,"href":"https:\/\/miradordeatarfe.es\/index.php?rest_route=%2Fwp%2Fv2%2Ftags&post=71390"}],"curies":[{"name":"wp","href":"https:\/\/api.w.org\/{rel}","templated":true}]}}