{"id":71404,"date":"2024-09-27T11:00:56","date_gmt":"2024-09-27T09:00:56","guid":{"rendered":"https:\/\/miradordeatarfe.es\/?p=71404"},"modified":"2024-09-30T15:59:52","modified_gmt":"2024-09-30T13:59:52","slug":"erase-una-vez-atarfe-2","status":"publish","type":"post","link":"https:\/\/miradordeatarfe.es\/?p=71404","title":{"rendered":"\u00ab\u00c9RASE UNA VEZ ATARFE-2\u00bb por Fco. L. Rajoy Varela"},"content":{"rendered":"<h3 style=\"text-align: justify;\">En mi anterior art\u00edculo comentaba que Atarfe no era s\u00f3lo la imagen de un tranv\u00eda cansino con su jardinera que atravesaba la calle Real, ni las eras, ni los olivares, ni las madres del Rao, ni la suma de los recuerdos aislados e individuales, de hechos puntuales, sino que era una forma de ser y sentir la vida por sus gentes.<\/h3>\n<p style=\"text-align: justify;\">La actividad laboral de la gente giraba alrededor de las f\u00e1bricas industriales, la agricultura, la ganader\u00eda y el sector servicios. El \u00fanico que se mantiene a d\u00eda de hoy junto a la hosteler\u00eda. Se puede decir sin temor a equivocarnos que el Atarfe del siglo XXI y desde hace muchos a\u00f1os ha pasado de ser un cintur\u00f3n industrial a ser una ciudad dormitorio. Una ciudad sin alma, despersonalizada. Una ciudad de paso y unos ciudadanos sin se\u00f1as de identidad, sin vinculaci\u00f3n y compromiso con el pasado. \u00bfEs triste? No, es el signo de los nuevos tiempos y hay que aceptarlo sin m\u00e1s.<\/p>\n<p style=\"text-align: justify;\">Queda muy lejano el Atarfe del ayer, pero en mis recuerdos y en mi coraz\u00f3n han quedado grabadas im\u00e1genes y emociones de la infancia y la adolescencia que forman una parte muy importante de mi idiosincrasia.<\/p>\n<p style=\"text-align: justify;\">Recuerdo a nuestros abuelos vestidos siempre de un eterno negro y su impresionante silencio, sentados en sus sillas de anea en las puertas de las casas tomando el sol en las ma\u00f1anas de oto\u00f1o.<\/p>\n<p style=\"text-align: justify;\">Recuerdo a nuestras abuelas en los pilares llenando de agua las botijas y sus cotilleos, sus consejas al calor de las chimeneas en las noches de invierno. Y por las tardes, al anochecer, los rezos del<br \/>\nrosario con su murmullo cansino y sus torpes latinajos. Dentro de las casas ocupaban un sitio preferencial y respetuoso. Y recuerdo a los abuelos en las tabernas jugando sus partidas de cartas y sus cuartillos de vino. A ellas y ellos nunca les o\u00edsteis una palabra m\u00e1s alta que otra, ni una queja, ni un reproche. Vivieron en silencio y murieron de la misma forma, arropados por el cari\u00f1o y el<br \/>\nrespeto de los suyos. A la tumba se llevaron el dolor y la tristeza de una vida truncada por una cruel e injusta guerra. Su silencio es el de los corderos llevados al matadero por una minor\u00eda canalla,<br \/>\nambiciosa y sin escr\u00fapulos que envenen\u00f3 la mente y el coraz\u00f3n de miles de buenas personas sin maldad, aprovech\u00e1ndose de su falta de cultura. Esos abuelos cuyo \u00fanico objetivo era trabajar muy\u00a0 duro, sobrevivir y sacar adelante a sus hijos. Nuestras madres y nuestros padres, efectos colaterales de aquella crueldad, de aquella sinraz\u00f3n. Considero que no se ha hecho justicia con ellos y la<br \/>\nhistoria de Atarfe no se puede entender sin su legado tanto el de nuestros abuelos como el de nuestros padres.<\/p>\n<p style=\"text-align: justify;\">\u00bfPara ellos no existe la memoria hist\u00f3rica? Indignaci\u00f3n y asco producen estos pol\u00edticos deleznables de esta naci\u00f3n cainita, que inflan el pecho y cacarean como gallos tratando de sacar r\u00e9dito para<br \/>\ncolmar sus malditas ambiciones de poder. La memoria hist\u00f3rica no es remover tierra en cunetas y barrancos, dejemos que los muertos descansen en paz, aquello debe servir como recordatorio de no permitir que vuelva a ocurrir. Que unos cuantos malnacidos sin escr\u00fapulos contaminen a una mayor\u00eda y la lleven al horror y la locura. Me consta que en Atarfe, en las rotondas, se han subvencionado por parte del Consistorio unos digamos que monumentos, que en realidad son aut\u00e9nticos adefesios que ofenden al arte y el buen gusto, pero por el contrario y como es de dominio p\u00fablico, presuntamente deben llenar el bolsillo de amigos y simpatizantes de la causa y que se tienen por artistas. Pregunto, estos que manejan el cotarro, ahora y antes, \u00bfhan pensado en sus abuelos y padres?, \u00bfhan pensado en los miles de atarfe\u00f1os emigrantes? Todos ellos s\u00ed que merecen un monumento de recuerdo y homenaje. Ellos tambi\u00e9n forman parte de la memoria hist\u00f3rica, ellos forman parte de un pasado que no se debe olvidar. Si los regidores de la corporaci\u00f3n municipal no piensan en ellos, \u00bfqu\u00e9 talla moral e intelectual tienen?<\/p>\n<p style=\"text-align: justify;\">Recuerdo bien aquellos carros tirados por bueyes, el olor a la alfalfa reci\u00e9n segada, el olor de los maizales y sus panochas, los trigales y sus espigas de trigo bambole\u00e1ndose al viento y rodeadas de<br \/>\namapolas, los juncos a la vera de las acequias y en las noches el croar de las ranas. Recuerdo bien el olor a tierra h\u00fameda de las hazas y sus productos, los surcos que dejaba en la tierra el arado tirado por una yunta de bueyes, el paisaje verde y silencioso de los olivares y la recogida de la aceituna.Las eras con sus mulos tirando de las trillas y el que los guiaba con su sombrero de paja y su pa\u00f1uelo cubri\u00e9ndole la boca y aquella piel tostada por el calor del verano regada por el sol. Recuerdo el frescor y el verdor de las alamedas de las madres del Rao donde nuestros abuelos y padres en compa\u00f1\u00eda de amigos sol\u00edan ir llev\u00e1ndose la comida y sus guitarras y bandurrias, pasando una jornada inolvidable. Estas mismas escenas se produc\u00edan en la Canterilla o en la Moleona.<\/p>\n<p style=\"text-align: justify;\">Recuerdo los establos de las vacas y el olor a esti\u00e9rcol, el olor y el sabor de la leche reci\u00e9n orde\u00f1ada en un caldero y que \u00edbamos a buscar con la lechera en alguna de las vaquer\u00edas cercanas.<\/p>\n<p style=\"text-align: justify;\">Recuerdo las tertulias de los bares, las tabernas (aquellos borrachos melanc\u00f3licos que ahogaban su tristeza con aquel vino pele\u00f3n) y las barber\u00edas con sus olores inconfundibles y sus conversaciones sobre lo cotidiano, lo divino y lo humano. Estos recuerdos de atarfe\u00f1os que forjaron la historia de nuestro pueblo y que las generaciones actuales ni han o\u00eddo hablar de ellos. Sombras, fantasmas reales de un pasado no tan lejano y aquellos que conocimos y amamos aquellos tiempos guardamos esas fotos en los cajones de nuestras mentes y corazones.<\/p>\n<p style=\"text-align: justify;\">Recuerdos de esas tardes de pan y chocolate o de la tetilla del pan desmigado y rellena de aceite y az\u00facar en casa a la salida del colegio, los juegos a las bolas o al burro en las calles, los juegos al<br \/>\nf\u00fatbol en el terrizo o con los troncos de tabaco a hacer chozas o lanzarlas como si fueran jabalinas. Los deberes del colegio y la lectura de los tebeos al calor del brasero.<br \/>\nY tantos y tantos recuerdos, olores y sabores que har\u00edan una lista interminable.<\/p>\n<p style=\"text-align: justify;\">Franc\u00ba L. Rajoy Varela<\/p>\n","protected":false},"excerpt":{"rendered":"<p>En mi anterior art\u00edculo comentaba que Atarfe no era s\u00f3lo la imagen de un tranv\u00eda&#8230;<\/p>\n","protected":false},"author":1,"featured_media":71407,"comment_status":"closed","ping_status":"closed","sticky":false,"template":"","format":"standard","meta":{"_coblocks_attr":"","_coblocks_dimensions":"","_coblocks_responsive_height":"","_coblocks_accordion_ie_support":"","jetpack_post_was_ever_published":false,"_jetpack_newsletter_access":"","_jetpack_dont_email_post_to_subs":false,"_jetpack_newsletter_tier_id":0,"_jetpack_memberships_contains_paywalled_content":false,"_jetpack_memberships_contains_paid_content":false,"footnotes":"","jetpack_publicize_message":"","jetpack_publicize_feature_enabled":true,"jetpack_social_post_already_shared":true,"jetpack_social_options":{"image_generator_settings":{"template":"highway","default_image_id":0,"enabled":false},"version":2}},"categories":[2,7167,1225,44],"tags":[],"class_list":["post-71404","post","type-post","status-publish","format-standard","has-post-thumbnail","hentry","category-atarfe","category-opinion-de-fco-luis-rajoy","category-ha-de-atarfe","category-noticias-de-hoy"],"jetpack_publicize_connections":[],"jetpack_featured_media_url":"https:\/\/i0.wp.com\/miradordeatarfe.es\/wp-content\/uploads\/2024\/09\/campesinos.jpg?fit=825%2C595&ssl=1","jetpack_likes_enabled":true,"jetpack_sharing_enabled":true,"_links":{"self":[{"href":"https:\/\/miradordeatarfe.es\/index.php?rest_route=\/wp\/v2\/posts\/71404","targetHints":{"allow":["GET"]}}],"collection":[{"href":"https:\/\/miradordeatarfe.es\/index.php?rest_route=\/wp\/v2\/posts"}],"about":[{"href":"https:\/\/miradordeatarfe.es\/index.php?rest_route=\/wp\/v2\/types\/post"}],"author":[{"embeddable":true,"href":"https:\/\/miradordeatarfe.es\/index.php?rest_route=\/wp\/v2\/users\/1"}],"replies":[{"embeddable":true,"href":"https:\/\/miradordeatarfe.es\/index.php?rest_route=%2Fwp%2Fv2%2Fcomments&post=71404"}],"version-history":[{"count":4,"href":"https:\/\/miradordeatarfe.es\/index.php?rest_route=\/wp\/v2\/posts\/71404\/revisions"}],"predecessor-version":[{"id":71517,"href":"https:\/\/miradordeatarfe.es\/index.php?rest_route=\/wp\/v2\/posts\/71404\/revisions\/71517"}],"wp:featuredmedia":[{"embeddable":true,"href":"https:\/\/miradordeatarfe.es\/index.php?rest_route=\/wp\/v2\/media\/71407"}],"wp:attachment":[{"href":"https:\/\/miradordeatarfe.es\/index.php?rest_route=%2Fwp%2Fv2%2Fmedia&parent=71404"}],"wp:term":[{"taxonomy":"category","embeddable":true,"href":"https:\/\/miradordeatarfe.es\/index.php?rest_route=%2Fwp%2Fv2%2Fcategories&post=71404"},{"taxonomy":"post_tag","embeddable":true,"href":"https:\/\/miradordeatarfe.es\/index.php?rest_route=%2Fwp%2Fv2%2Ftags&post=71404"}],"curies":[{"name":"wp","href":"https:\/\/api.w.org\/{rel}","templated":true}]}}