{"id":71430,"date":"2024-09-27T10:05:25","date_gmt":"2024-09-27T08:05:25","guid":{"rendered":"https:\/\/miradordeatarfe.es\/?p=71430"},"modified":"2024-09-26T10:37:15","modified_gmt":"2024-09-26T08:37:15","slug":"pinza-en-la-ue-entre-pp-europeo-berlin-y-los-supermercados-para-retrasar-la-regulacion-contra-la-deforestacion","status":"publish","type":"post","link":"https:\/\/miradordeatarfe.es\/?p=71430","title":{"rendered":"Pinza en la UE entre PP europeo, Berl\u00edn y los supermercados para retrasar la regulaci\u00f3n contra la deforestaci\u00f3n"},"content":{"rendered":"<h3 style=\"text-align: justify;\">Los sectores afectados piden aplazar la normativa que reforzar\u00e1 desde enero los controles a la importaci\u00f3n de aceite de palma, ganado, soja, caf\u00e9, cacao, madera y caucho<\/h3>\n<div class=\"second-col\">\n<p class=\"article-text\" style=\"text-align: justify;\">La presi\u00f3n para retrasar la entrada en vigor de las nuevas normas de la UE para combatir la deforestaci\u00f3n viene de todas partes y llega a la planta noble del edificio Berlaymont, donde tiene su despacho la presidenta de la Comisi\u00f3n Europea, Ursula von der Leyen.<\/p>\n<aside class=\"know-more know-more--with-image\">\n<h3 class=\"know-more__title\">La deforestaci\u00f3n empeora y emite m\u00e1s CO2 que los aviones y los barcos<\/h3>\n<p><a href=\"https:\/\/www.eldiario.es\/sociedad\/deforestacion-empeora-emite-co2-aviones-barcos_1_11437610.html\" data-mrf-recirculation=\"saber-mas\" data-mrf-link=\"https:\/\/www.eldiario.es\/sociedad\/deforestacion-empeora-emite-co2-aviones-barcos_1_11437610.html\"><picture class=\"know-more__img\"><source srcset=\"https:\/\/static.eldiario.es\/clip\/ad6c244c-c4c5-4bc8-808f-0df2585c8fc0_16-9-aspect-ratio_50p_0.webp\" type=\"image\/webp\" media=\"(max-width: 767px)\" \/><source srcset=\"https:\/\/static.eldiario.es\/clip\/ad6c244c-c4c5-4bc8-808f-0df2585c8fc0_16-9-aspect-ratio_50p_0.jpg\" type=\"image\/jpg\" media=\"(max-width: 767px)\" \/><source srcset=\"https:\/\/static.eldiario.es\/clip\/ad6c244c-c4c5-4bc8-808f-0df2585c8fc0_16-9-aspect-ratio_50p_0.webp\" type=\"image\/webp\" media=\"(min-width: 768px)\" \/><source srcset=\"https:\/\/static.eldiario.es\/clip\/ad6c244c-c4c5-4bc8-808f-0df2585c8fc0_16-9-aspect-ratio_50p_0.jpg\" type=\"image\/jpg\" media=\"(min-width: 768px)\" \/><source srcset=\"https:\/\/static.eldiario.es\/clip\/ad6c244c-c4c5-4bc8-808f-0df2585c8fc0_16-9-aspect-ratio_default_0.webp\" type=\"image\/webp\" \/><\/picture><\/a>Pa\u00edses como Alemania, organizaciones pol\u00edticas como el Partido Popular Europeo, que es la primera fuerza parlamentaria y de la familia de Von der Leyen, y sectores afectados como la patronal de los supermercados han elevado la queja contra el reglamento sobre deforestaci\u00f3n (EUDR, por sus siglas en ingl\u00e9s) bajo la premisa de que no hay tiempo suficiente para adecuarse a las nuevas exigencias.<\/aside>\n<p class=\"article-text\" style=\"text-align: justify;\">La normativa, que <a class=\"link\" href=\"https:\/\/www.eldiario.es\/sociedad\/ue-acuerda-ley-degradacion-forestal-vinculada-comercio-europeo-criticas-ecologistas-lagunas_1_9772859.html\" target=\"_blank\" rel=\"noopener\" data-mrf-recirculation=\"links-noticia\" data-mrf-link=\"https:\/\/www.eldiario.es\/sociedad\/ue-acuerda-ley-degradacion-forestal-vinculada-comercio-europeo-criticas-ecologistas-lagunas_1_9772859.html\">se acord\u00f3 a finales de 2022<\/a>, <strong>establece el 1 de enero de 2025 como la fecha en la que comenzar\u00e1n a aplicarse una serie de normas<\/strong> para garantizar que las importaciones que hace la UE no contribuyen a la degradaci\u00f3n forestal, que ya provoc\u00f3 que se perdieran unos 420 millones de hect\u00e1reas de bosque (un \u00e1rea m\u00e1s grande que la Uni\u00f3n Europea) entre 1990 y 2020.\u00a0<\/p>\n<p class=\"article-text\" style=\"text-align: justify;\">El reglamento obliga a las empresas a llevar a cabo una estricta diligencia debida si comercializan en el mercado de la UE o exportan de \u00e9l productos como aceite de palma, ganado, soja, caf\u00e9, cacao, madera y caucho, as\u00ed como sus derivados. Las importaciones de esos productos tendr\u00e1n que someterse a procedimientos de<strong> verificaci\u00f3n para comprobar que su producci\u00f3n no proviene de \u00e1reas desforestadas.<\/strong><\/p>\n<p class=\"article-text\" style=\"text-align: justify;\">\u201cLa normativa debe ser viable\u201d, afirm\u00f3 recientemente el canciller alem\u00e1n, Olaf Scholz, que es el l\u00edder europeo que se ha mostrado m\u00e1s permeable a las cr\u00edticas de los sectores econ\u00f3micos.<\/p>\n<p class=\"article-text\" style=\"text-align: justify;\">Pero la queja no solo viene de capitales europeas, sino de los pa\u00edses que se ver\u00e1n afectados por la regulaci\u00f3n de la UE:<strong><em> desde Australia hasta Brasil<\/em><\/strong>. \u201cPara evitar impacto en nuestras relaciones comerciales, solicitamos que la UE no implemente la normativa a partir de finales de 2024 y que revise urgentemente su abordaje sobre el asunto\u201d, expres\u00f3 el Gobierno de Lula da Silva en una carta entregada al comisario de Agricultura, Januz Wojciechowski. La mayor\u00eda de productos afectados por la legislaci\u00f3n proceden de Brasil y suponen para ese pa\u00eds el 30% de sus exportaciones.<\/p>\n<h2 class=\"article-text\" style=\"text-align: justify;\">Moratoria de seis meses a un a\u00f1o<\/h2>\n<p class=\"article-text\" style=\"text-align: justify;\">Tambi\u00e9n eurodiputados del PPE han alzado la voz contra la entrada en vigor del reglamento y han pedido una moratoria de un a\u00f1o. Por el momento, la Comisi\u00f3n Europea recuerda que la fecha se conoce desde hace casi dos a\u00f1os, cuando se alcanz\u00f3 el acuerdo con la Euroc\u00e1mara y el Consejo de la UE (los gobiernos). No obstante, <a class=\"link\" href=\"https:\/\/www.eldiario.es\/economia\/ue-echa-freno-agenda-verde-presion-agricultores_1_10900424.html\" target=\"_blank\" rel=\"noopener\" data-mrf-recirculation=\"links-noticia\" data-mrf-link=\"https:\/\/www.eldiario.es\/economia\/ue-echa-freno-agenda-verde-presion-agricultores_1_10900424.html\">la UE ha ido echando el freno a buena parte de la agenda verde <\/a>a ra\u00edz de las protestas, fundamentalmente de las procedentes del campo.<\/p>\n<p class=\"article-text\" style=\"text-align: justify;\">Los ecologistas, sin embargo, sostienen que la normativa debe estar en funcionamiento cuanto antes y que ya se ha perdido demasiado tiempo. De hecho, fueron cr\u00edticos con<a class=\"link\" href=\"https:\/\/www.eldiario.es\/sociedad\/ue-acuerda-ley-degradacion-forestal-vinculada-comercio-europeo-criticas-ecologistas-lagunas_1_9772859.html\" target=\"_blank\" rel=\"noopener\" data-mrf-recirculation=\"links-noticia\" data-mrf-link=\"https:\/\/www.eldiario.es\/sociedad\/ue-acuerda-ley-degradacion-forestal-vinculada-comercio-europeo-criticas-ecologistas-lagunas_1_9772859.html\"> el acuerdo del reglamento al considerar que ten\u00eda \u201clagunas\u201d<\/a>, como la falta de ambici\u00f3n a la hora de incluir determinadas tierras boscosas o no tener en cuenta el cumplimiento de los derechos humanos.<\/p>\n<p class=\"article-text\" style=\"text-align: justify;\">\u201cLo que nos preocupa y ser\u00eda ilegal es que la Comisi\u00f3n Europea indicara a los Estados miembros, de forma oficial o informal, que har\u00eda la vista gorda a la aplicaci\u00f3n nacional durante un breve periodo de tiempo, con el fin de proporcionar un periodo de gracia informal. Porque en realidad all\u00ed est\u00e1 uno de los grandes problemas de la UE, la Comisi\u00f3n Europea suele tardar en perseguir formalmente a los Estados miembros cuando parecen incumplir las normas de la UE. No se deber\u00eda permitir\u201d, afirma Tom Kucharz, consultor de ClientEarth y miembro de la Alianza Cero Deforestaci\u00f3n.<\/p>\n<p class=\"article-text\" style=\"text-align: justify;\">Desde la patronal de la distribuci\u00f3n y los supermercados (EuroCommerce) denuncian que la Comisi\u00f3n Europea no les ha dado las directrices suficientes para poder implementar las nuevas normas y que tampoco cuentan con el desarrollo tecnol\u00f3gico que requiere la normativa para demostrar el cumplimiento. \u201cApoyamos los objetivos de la legislaci\u00f3n, pero las condiciones de cumplimiento no est\u00e1n listas todav\u00eda\u201d, se\u00f1ala la directora general de la organizaci\u00f3n, Christel Delberghe, que asegura que est\u00e1n muy \u201cdecepcionados\u201d con la Comisi\u00f3n Europea.<\/p>\n<p class=\"article-text\" style=\"text-align: justify;\">\u201cLas directrices, cuya publicaci\u00f3n la sociedad civil hemos reclamado en reiteradas ocasiones, no pueden cambiar el contenido o el significado del texto primario y no tienen car\u00e1cter jur\u00eddico formal: no pueden modificar el Reglamento\u201d, recuerda Kucharz: \u201cLa otra queja, de que si el sistema de informaci\u00f3n no est\u00e1 listo no se pueden hacer las declaraciones de diligencia debida es tambi\u00e9n infundada. El hecho es que el sistema de informaci\u00f3n est\u00e1 en v\u00edas de entrega. Se espera que el registro comience en noviembre, se organizar\u00e1n sesiones de formaci\u00f3n para octubre y ya se dispone de los resultados de las pruebas piloto\u201d.<\/p>\n<p class=\"article-text\" style=\"text-align: justify;\">\u201cLa industria europea y las grandes empresas de distribuci\u00f3n se quejan que no pueden cumplir los requisitos de la UE, mientras algunos gobiernos del Sur y la peque\u00f1a producci\u00f3n de caf\u00e9 y cacao han realizado un enorme esfuerzo para preparar la aplicaci\u00f3n del EUDR\u201d, reprocha.<\/p>\n<h2 class=\"article-text\" style=\"text-align: justify;\">La patronal y los precios<\/h2>\n<p class=\"article-text\" style=\"text-align: justify;\">Lo que sostienen los representantes de la patronal de la distribuci\u00f3n es que necesitan \u201cal menos seis meses\u201d para que el reglamento pueda aplicarse. \u201cEs un problema de tiempo material y desconocimiento\u201d, explica Ignacio Garc\u00eda Magarzo, director general de ASEDAS, la patronal de supermercados como Mercadona, Dia o Lidl: \u201cEn el caso de los distribuidores, compartimos una responsabilidad en base a la informaci\u00f3n de la que disponen nuestros proveedores\u201d. Lo que argumentan es que tienen una \u201cuna gran dificultad para conocer los criterios de aplicaci\u00f3n de la nueva normativa a partir del 1 de enero\u201d: \u201cNos parece muy dif\u00edcil o imposible que esto se aplique\u201d.<\/p>\n<p class=\"article-text\" style=\"text-align: justify;\">La implementaci\u00f3n de la agenda verde es una de las preocupaciones de la patronal en su labor de lobby ante las instituciones europeas. As\u00ed, est\u00e1n en pie de guerra por el reglamento de envases que obligar\u00e1 a introducir mecanismos de dep\u00f3sito, devoluci\u00f3n y retorno de los mismos, en l\u00ednea con lo que ya hacen algunos pa\u00edses del norte de Europa.<\/p>\n<div id=\"container-after-news-outlook\" style=\"text-align: justify;\">\u00a0<\/div>\n<p class=\"article-text\" style=\"text-align: justify;\">\u201cEn Espa\u00f1a va a requerir un esfuerzo importante. No quiere decir que vayamos con retraso sino que Espa\u00f1a ha tenido un modelo de gesti\u00f3n y ahora va a tener que incorporar otro u otros\u201d, expresa Garc\u00eda Magarzo, que reconoce que \u201csupondr\u00e1 nuevos costes\u201d y, por tanto, se repercutir\u00e1 en los precios.<\/p>\n<p class=\"article-text\" style=\"text-align: justify;\">Tambi\u00e9n est\u00e1n preocupados por el reglamento de morosidad con el que la UE pretende que los pagos en la cadena de valor se realicen con un m\u00e1ximo de 30 d\u00edas. Lo que sostiene la patronal de los supermercados es que la posibilidad de negociar condiciones beneficia a empresas de todos los tama\u00f1os y fomenta la competencia. \u201cEs un golpe duro a nuestro sector porque estamos al final de la cadena\u201d, reprocha Delberghe.<\/p>\n<p><a href=\"https:\/\/www.eldiario.es\/autores\/irene_castro\/\" data-mrf-link=\"https:\/\/www.eldiario.es\/autores\/irene_castro\/\"><strong>Irene Castro<\/strong><\/a><\/p>\n<p>FOTO: <span class=\"title\">Imagen de la deforestaci\u00f3n en la Amazon\u00eda. <span class=\"author\"> EFE<\/span><\/span><\/p>\n<p>https:\/\/www.eldiario.es\/economia\/pinza-ue-pp-europeo-berlin-supermercados-retrasar-regulacion-deforestacion_1_11679090.html<\/p>\n<\/div>\n","protected":false},"excerpt":{"rendered":"<p>Los sectores afectados piden aplazar la normativa que reforzar\u00e1 desde enero los controles a la&#8230;<\/p>\n","protected":false},"author":1,"featured_media":71431,"comment_status":"closed","ping_status":"closed","sticky":false,"template":"","format":"standard","meta":{"_coblocks_attr":"","_coblocks_dimensions":"","_coblocks_responsive_height":"","_coblocks_accordion_ie_support":"","jetpack_post_was_ever_published":false,"_jetpack_newsletter_access":"","_jetpack_dont_email_post_to_subs":false,"_jetpack_newsletter_tier_id":0,"_jetpack_memberships_contains_paywalled_content":false,"_jetpack_memberships_contains_paid_content":false,"footnotes":"","jetpack_publicize_message":"","jetpack_publicize_feature_enabled":true,"jetpack_social_post_already_shared":true,"jetpack_social_options":{"image_generator_settings":{"template":"highway","default_image_id":0,"enabled":false},"version":2}},"categories":[1161,186,9,44],"tags":[],"class_list":["post-71430","post","type-post","status-publish","format-standard","has-post-thumbnail","hentry","category-ciudadania","category-instituciones","category-medio-ambiente","category-noticias-de-hoy"],"jetpack_publicize_connections":[],"jetpack_featured_media_url":"https:\/\/i0.wp.com\/miradordeatarfe.es\/wp-content\/uploads\/2024\/09\/a13cd643-fe22-4a3a-a97e-e410c643e7ba_16-9-discover-aspect-ratio_default_0.webp?fit=1200%2C675&ssl=1","jetpack_likes_enabled":true,"jetpack_sharing_enabled":true,"_links":{"self":[{"href":"https:\/\/miradordeatarfe.es\/index.php?rest_route=\/wp\/v2\/posts\/71430","targetHints":{"allow":["GET"]}}],"collection":[{"href":"https:\/\/miradordeatarfe.es\/index.php?rest_route=\/wp\/v2\/posts"}],"about":[{"href":"https:\/\/miradordeatarfe.es\/index.php?rest_route=\/wp\/v2\/types\/post"}],"author":[{"embeddable":true,"href":"https:\/\/miradordeatarfe.es\/index.php?rest_route=\/wp\/v2\/users\/1"}],"replies":[{"embeddable":true,"href":"https:\/\/miradordeatarfe.es\/index.php?rest_route=%2Fwp%2Fv2%2Fcomments&post=71430"}],"version-history":[{"count":1,"href":"https:\/\/miradordeatarfe.es\/index.php?rest_route=\/wp\/v2\/posts\/71430\/revisions"}],"predecessor-version":[{"id":71432,"href":"https:\/\/miradordeatarfe.es\/index.php?rest_route=\/wp\/v2\/posts\/71430\/revisions\/71432"}],"wp:featuredmedia":[{"embeddable":true,"href":"https:\/\/miradordeatarfe.es\/index.php?rest_route=\/wp\/v2\/media\/71431"}],"wp:attachment":[{"href":"https:\/\/miradordeatarfe.es\/index.php?rest_route=%2Fwp%2Fv2%2Fmedia&parent=71430"}],"wp:term":[{"taxonomy":"category","embeddable":true,"href":"https:\/\/miradordeatarfe.es\/index.php?rest_route=%2Fwp%2Fv2%2Fcategories&post=71430"},{"taxonomy":"post_tag","embeddable":true,"href":"https:\/\/miradordeatarfe.es\/index.php?rest_route=%2Fwp%2Fv2%2Ftags&post=71430"}],"curies":[{"name":"wp","href":"https:\/\/api.w.org\/{rel}","templated":true}]}}