{"id":71439,"date":"2024-09-28T11:00:19","date_gmt":"2024-09-28T09:00:19","guid":{"rendered":"https:\/\/miradordeatarfe.es\/?p=71439"},"modified":"2024-09-27T17:46:20","modified_gmt":"2024-09-27T15:46:20","slug":"el-olmo-del-paseo-por-fuencisla-moreno-rueda","status":"publish","type":"post","link":"https:\/\/miradordeatarfe.es\/?p=71439","title":{"rendered":"\u00abEl Olmo del Paseo\u00bb por Fuencisla Moreno Rueda"},"content":{"rendered":"<h3 style=\"text-align: justify;\">Al fin el viejo olmo se ha secado. Durante a\u00f1os ha soportado todas las pruebas a las que el tiempo le ha ido retando; hoy, por fin, la \u00faltima hoja seca que pend\u00eda de una de sus ramas ha descendido hasta sus viajas ra\u00edces.<\/h3>\n<p style=\"text-align: justify;\">Durante varios d\u00edas he ido observando su agon\u00eda, su querer resistirse a morir; a partir de ma\u00f1ana s\u00f3lo observar\u00e9 el agua mugrienta que, estancada en su alcorque, pudre los escasos restos de vida que, m\u00e1s all\u00e1 de la tierra, el viejo olmo puede tener. No s\u00e9 si \u00e9l se lleva algo m\u00edo, sus ojos no s\u00e9 si alguna vez me contemplaron, su vida y la m\u00eda nunca han coincidido m\u00e1s que en el espacio geogr\u00e1fico en el que juntos nos hemos mantenido.<\/p>\n<p style=\"text-align: justify;\">Quiz\u00e1s alguna vez me apoy\u00e9 en su tronco, arranqu\u00e9 alguna de sus hojas o llegu\u00e9 a pisar la tierra que durante tanto tiempo le ha alimentado pero \u00e9l, nunca me hizo ning\u00fan reproche, no sinti\u00f3 como agradable o molesta mi presencia; su sombra siempre hac\u00eda grato el camino que sol\u00eda recorrer, sin embargo, nunca agradec\u00ed el frescor de sus hojas ni admir\u00e9 su brillante verdor siempre fue uno de los grandes ignorados en mi vida.<\/p>\n<p style=\"text-align: justify;\">\u00a1Cu\u00e1nto lo he lamentado, viendo d\u00eda a d\u00eda su fin! He lamentado no saber pararme junto a \u00e9l, acariciarle, mirarle. Todo hubiera sido preferible a la pasividad con la que, dej\u00e9 de admirar la belleza y armon\u00eda de sus formas.<\/p>\n<p style=\"text-align: justify;\">El viejo olmo nunca estuvo solo, escasos metros lo separaban de otros \u00e1rboles, juntos configuraban un espacio de irregulares proporciones y extra\u00f1a belleza. Un descuidado jard\u00edn pon\u00eda fin al Paseo y m\u00e1s all\u00e1 de \u00e9l, s\u00f3lo parec\u00eda unirnos al mundo el viejo tranv\u00eda amarillo.<\/p>\n<p style=\"text-align: justify;\">Conforme se avanza en direcci\u00f3n Oeste, el Paseo iba elev\u00e1ndose, creando un desnivel de varios metros con respecto a la carretera, desde la cual s\u00f3lo se ve\u00eda la copa redondeada del olmo entre los vanos de la vieja barandilla de piedra.<\/p>\n<p style=\"text-align: justify;\">Desde el mes de marzo las peque\u00f1as hojas del olmo iban tomando forma y enlaz\u00e1ndose unas con otras como si entre ellas intentaran abrazarse y conforme avanzaba la primavera, sus ramas crec\u00edan y acariciaban el tronco de sus vecinos m\u00e1s bellos y m\u00e1s alegres que \u00e9l. Aunque sus troncos estaban a\u00fan firmes y sus ramas desafiantes y libres, un d\u00eda los \u00e1rboles del Paseo dejaron de existir. El olmo extendi\u00f3 sus brazos pero no encontr\u00f3 a nadie; creo que esa fue la primera vez que me fij\u00e9 en \u00e9l, alarg\u00e1ndose desesperadamente, buscando compartir su rugosa piel y al fin, dej\u00e1ndose caer, deforme, amarillento, demasiado triste como para poder soportar aquella primavera.<\/p>\n<p style=\"text-align: justify;\">Apoyada en la baranda de piedra le observ\u00e9, deseaba que pudiera levantar sus ramas hacia m\u00ed, que comprendiese que en el de sus d\u00edas alguien vigilaba su lenta agon\u00eda.<\/p>\n<p style=\"text-align: justify;\">Cuando al fin hoy ha ca\u00eddo su \u00faltima hoja, entre las fr\u00e1giles cortezas de su tronco, he deseado ver los felices ojos del olmo.<\/p>\n<h3 style=\"text-align: justify;\">Art\u00edculo editado por Corporaci\u00f3n de Medios de Andaluc\u00eda y el Ayuntamiento de Atarfe, coordinado por Jos\u00e9 Enrique Granados y tiene por nombre \u00abAtarfe en el papel\u00bb<\/h3>\n","protected":false},"excerpt":{"rendered":"<p>Al fin el viejo olmo se ha secado. Durante a\u00f1os ha soportado todas las pruebas&#8230;<\/p>\n","protected":false},"author":1,"featured_media":71440,"comment_status":"closed","ping_status":"closed","sticky":false,"template":"","format":"standard","meta":{"_coblocks_attr":"","_coblocks_dimensions":"","_coblocks_responsive_height":"","_coblocks_accordion_ie_support":"","jetpack_post_was_ever_published":false,"_jetpack_newsletter_access":"","_jetpack_dont_email_post_to_subs":false,"_jetpack_newsletter_tier_id":0,"_jetpack_memberships_contains_paywalled_content":false,"_jetpack_memberships_contains_paid_content":false,"footnotes":"","jetpack_publicize_message":"","jetpack_publicize_feature_enabled":true,"jetpack_social_post_already_shared":true,"jetpack_social_options":{"image_generator_settings":{"template":"highway","default_image_id":0,"enabled":false},"version":2}},"categories":[2949,1225,186,44],"tags":[],"class_list":["post-71439","post","type-post","status-publish","format-standard","has-post-thumbnail","hentry","category-opinion-de-fuencisla-moreno","category-ha-de-atarfe","category-instituciones","category-noticias-de-hoy"],"jetpack_publicize_connections":[],"jetpack_featured_media_url":"https:\/\/i0.wp.com\/miradordeatarfe.es\/wp-content\/uploads\/2024\/09\/viejo-olmo.png?fit=395%2C256&ssl=1","jetpack_likes_enabled":true,"jetpack_sharing_enabled":true,"_links":{"self":[{"href":"https:\/\/miradordeatarfe.es\/index.php?rest_route=\/wp\/v2\/posts\/71439","targetHints":{"allow":["GET"]}}],"collection":[{"href":"https:\/\/miradordeatarfe.es\/index.php?rest_route=\/wp\/v2\/posts"}],"about":[{"href":"https:\/\/miradordeatarfe.es\/index.php?rest_route=\/wp\/v2\/types\/post"}],"author":[{"embeddable":true,"href":"https:\/\/miradordeatarfe.es\/index.php?rest_route=\/wp\/v2\/users\/1"}],"replies":[{"embeddable":true,"href":"https:\/\/miradordeatarfe.es\/index.php?rest_route=%2Fwp%2Fv2%2Fcomments&post=71439"}],"version-history":[{"count":2,"href":"https:\/\/miradordeatarfe.es\/index.php?rest_route=\/wp\/v2\/posts\/71439\/revisions"}],"predecessor-version":[{"id":71448,"href":"https:\/\/miradordeatarfe.es\/index.php?rest_route=\/wp\/v2\/posts\/71439\/revisions\/71448"}],"wp:featuredmedia":[{"embeddable":true,"href":"https:\/\/miradordeatarfe.es\/index.php?rest_route=\/wp\/v2\/media\/71440"}],"wp:attachment":[{"href":"https:\/\/miradordeatarfe.es\/index.php?rest_route=%2Fwp%2Fv2%2Fmedia&parent=71439"}],"wp:term":[{"taxonomy":"category","embeddable":true,"href":"https:\/\/miradordeatarfe.es\/index.php?rest_route=%2Fwp%2Fv2%2Fcategories&post=71439"},{"taxonomy":"post_tag","embeddable":true,"href":"https:\/\/miradordeatarfe.es\/index.php?rest_route=%2Fwp%2Fv2%2Ftags&post=71439"}],"curies":[{"name":"wp","href":"https:\/\/api.w.org\/{rel}","templated":true}]}}