{"id":71442,"date":"2024-09-28T10:30:35","date_gmt":"2024-09-28T08:30:35","guid":{"rendered":"https:\/\/miradordeatarfe.es\/?p=71442"},"modified":"2024-09-27T17:45:13","modified_gmt":"2024-09-27T15:45:13","slug":"primer-consejo-escolar-municipal-de-atarfe-del-curso-2024-2025","status":"publish","type":"post","link":"https:\/\/miradordeatarfe.es\/?p=71442","title":{"rendered":"Primer Consejo Escolar Municipal de Atarfe\u00a0 del Curso 2024\/2025"},"content":{"rendered":"<h3 style=\"text-align: justify;\">El Consejo Escolar\u00a0 Municipal de Atarfe es un \u00f3rgano colegiado de Participaci\u00f3n de la comunidad educativa en\u00a0 nuestro municipio.<\/h3>\n<p style=\"text-align: justify;\">La Constituci\u00f3n Espa\u00f1ola, en su art\u00edculo 27, establece que \u00abLos profesores, los padres y, en su caso, los alumnos intervendr\u00e1n en el control y gesti\u00f3n de todos los centros sostenidos por la Administraci\u00f3n con fondos p\u00fablicos\u00bb; este principio de participaci\u00f3n constituye el principal instrumento para que toda la comunidad educativa pueda implicarse directamente en la toma de decisiones del mismo.<\/p>\n<p style=\"text-align: justify;\">El Consejo Escolar Municipal puede ser consultado preceptivamente en las siguientes materias:<br \/>\na) Disposiciones municipales que afecten a los temas educativos.<br \/>\nb) Distribuci\u00f3n de los gastos que, en materia educativa, corresponden a los Ayuntamientos, seg\u00fan la normativa vigente.<\/p>\n<p style=\"text-align: justify;\">La Alcadelsa, como Presidenta de la Corporaci\u00f3n, podr\u00e1 someter a consulta cualesquiera otras cuestiones <\/p>\n<p style=\"text-align: justify;\">El Consejo Escolar Municipal podr\u00e1, a iniciativa propia, elevar informe a la Administraci\u00f3n competente sobre las cuestiones relacionadas en el p\u00e1rrafo anterior y, adem\u00e1s, sobre las siguientes materias:<br \/>\na) Distribuci\u00f3n de alumnos a efectos de escolarizaci\u00f3n.<br \/>\nb) Propuesta de convenios o acuerdos para mejorar la prestaci\u00f3n del servicio educativo.<br \/>\nc) Constituci\u00f3n de Patronatos o Institutos Municipales de Educaci\u00f3n.<br \/>\nd) Adaptaci\u00f3n de la programaci\u00f3n de los Centros al entorno.<br \/>\ne) Cualesquiera otras cuestiones relativas a la promoci\u00f3n y extensi\u00f3n educativas.<br \/>\nf) Adaptaci\u00f3n del calendario escolar a las necesidades y caracter\u00edsticas socioecon\u00f3micas de la localidad.<\/p>\n<p style=\"text-align: justify;\">Como cada a\u00f1o, con el inicio del curso, se ha celebrado el Consejo Escolar de Atarfe. Una cita clave para nuestra comunidad educativa.<\/p>\n<p style=\"text-align: justify;\">La sesi\u00f3n ha sido presidida por la Alcaldesa y tambi\u00e9n Concejala de Educaci\u00f3n, Yolanda Fern\u00e1ndez,\u00a0 <em>quien ha destacado la importancia de sentar las bases de trabajo\u00a0 y la coordinaci\u00f3n para todo el curso. <\/em><em>Nuestro objetivo es claro: garantizar los mejores recursos y acciones educativas\u00a0 para nuestros ni\u00f1os y ni\u00f1as , asegurando que sigan creciendo en un entorno de calidad . <\/em><em>\u00a0Gracias a una comunidad educativa tan comprometida, Atarfe sigue siendo un referente en el \u00e1mbito educativo. Juntos, seguimos construyendo un futuro mejor para todos. <\/em><\/p>\n<p style=\"text-align: justify;\">En este Consejo han estado presentes distintas entidades que colaboran con los centros educativo para exponer las distintas actividades\u00a0 que los centros pueden programar en su proyecto educativo.<\/p>\n<p style=\"text-align: justify;\">En este <strong>Consejo Escolar Municipal<\/strong> celebrado el d\u00eda 25 de septiembre\u00a0 se han votado como d\u00edas no lectivos que le corresponden a Atarfe\u00a0 los siguientes:<br \/>\n<strong>\u2013 14 de octubre<\/strong><br \/>\n<strong>\u2013 4 de marzo<\/strong><br \/>\n<strong>\u2013 5 de mayo<\/strong><\/p>\n<p><iframe loading=\"lazy\" title=\"\ud83c\udf93 \u00a1Primer Consejo Escolar de Atarfe Curso 2024\/2025! \ud83d\udcda\ud83d\udc69\u200d\ud83c\udfeb\" width=\"540\" height=\"960\" src=\"https:\/\/www.youtube.com\/embed\/Sv-2hJDKxD0?feature=oembed\" frameborder=\"0\" allow=\"accelerometer; autoplay; clipboard-write; encrypted-media; gyroscope; picture-in-picture; web-share\" referrerpolicy=\"strict-origin-when-cross-origin\" allowfullscreen><\/iframe><\/p>\n","protected":false},"excerpt":{"rendered":"<p>El Consejo Escolar\u00a0 Municipal de Atarfe es un \u00f3rgano colegiado de Participaci\u00f3n de la comunidad&#8230;<\/p>\n","protected":false},"author":1,"featured_media":71443,"comment_status":"closed","ping_status":"closed","sticky":false,"template":"","format":"standard","meta":{"_coblocks_attr":"","_coblocks_dimensions":"","_coblocks_responsive_height":"","_coblocks_accordion_ie_support":"","jetpack_post_was_ever_published":false,"_jetpack_newsletter_access":"","_jetpack_dont_email_post_to_subs":false,"_jetpack_newsletter_tier_id":0,"_jetpack_memberships_contains_paywalled_content":false,"_jetpack_memberships_contains_paid_content":false,"footnotes":"","jetpack_publicize_message":"","jetpack_publicize_feature_enabled":true,"jetpack_social_post_already_shared":true,"jetpack_social_options":{"image_generator_settings":{"template":"highway","default_image_id":0,"enabled":false},"version":2}},"categories":[6916,187,186,44],"tags":[],"class_list":["post-71442","post","type-post","status-publish","format-standard","has-post-thumbnail","hentry","category-ayuntamiento-de-atarfe","category-centros-educativos","category-instituciones","category-noticias-de-hoy"],"jetpack_publicize_connections":[],"jetpack_featured_media_url":"https:\/\/i0.wp.com\/miradordeatarfe.es\/wp-content\/uploads\/2024\/09\/Imagen-de-WhatsApp-2024-09-25-a-las-11.34.39_9cdb87d1.jpg?fit=1600%2C1200&ssl=1","jetpack_likes_enabled":true,"jetpack_sharing_enabled":true,"_links":{"self":[{"href":"https:\/\/miradordeatarfe.es\/index.php?rest_route=\/wp\/v2\/posts\/71442","targetHints":{"allow":["GET"]}}],"collection":[{"href":"https:\/\/miradordeatarfe.es\/index.php?rest_route=\/wp\/v2\/posts"}],"about":[{"href":"https:\/\/miradordeatarfe.es\/index.php?rest_route=\/wp\/v2\/types\/post"}],"author":[{"embeddable":true,"href":"https:\/\/miradordeatarfe.es\/index.php?rest_route=\/wp\/v2\/users\/1"}],"replies":[{"embeddable":true,"href":"https:\/\/miradordeatarfe.es\/index.php?rest_route=%2Fwp%2Fv2%2Fcomments&post=71442"}],"version-history":[{"count":1,"href":"https:\/\/miradordeatarfe.es\/index.php?rest_route=\/wp\/v2\/posts\/71442\/revisions"}],"predecessor-version":[{"id":71444,"href":"https:\/\/miradordeatarfe.es\/index.php?rest_route=\/wp\/v2\/posts\/71442\/revisions\/71444"}],"wp:featuredmedia":[{"embeddable":true,"href":"https:\/\/miradordeatarfe.es\/index.php?rest_route=\/wp\/v2\/media\/71443"}],"wp:attachment":[{"href":"https:\/\/miradordeatarfe.es\/index.php?rest_route=%2Fwp%2Fv2%2Fmedia&parent=71442"}],"wp:term":[{"taxonomy":"category","embeddable":true,"href":"https:\/\/miradordeatarfe.es\/index.php?rest_route=%2Fwp%2Fv2%2Fcategories&post=71442"},{"taxonomy":"post_tag","embeddable":true,"href":"https:\/\/miradordeatarfe.es\/index.php?rest_route=%2Fwp%2Fv2%2Ftags&post=71442"}],"curies":[{"name":"wp","href":"https:\/\/api.w.org\/{rel}","templated":true}]}}