{"id":71449,"date":"2024-09-29T11:00:26","date_gmt":"2024-09-29T09:00:26","guid":{"rendered":"https:\/\/miradordeatarfe.es\/?p=71449"},"modified":"2024-09-27T17:58:03","modified_gmt":"2024-09-27T15:58:03","slug":"el-consorcio-de-la-vega-sierra-elvira-todo-un-referente-en-la-provincia-con-presencia-en-la-feria-de-los-pueblos","status":"publish","type":"post","link":"https:\/\/miradordeatarfe.es\/?p=71449","title":{"rendered":"El Consorcio de la Vega Sierra Elvira. Todo un referente en la provincia, con presencia en la Feria de los Pueblos"},"content":{"rendered":"<h3 class=\"v-a-sub-t\" style=\"text-align: justify;\">Antonio Salazar P\u00e9rez: \u00abInvito a toda la provincia de Granada y fuera de ella a que visiten nuestro stand para que nos conozcan por la cantidad de servicios que prestamos\u00bb<\/h3>\n<p class=\"v-p\" style=\"text-align: justify;\">La pr\u00f3xima semana el recinto ferial de Fermasa en Armilla acoger\u00e1, desde el 4 al 6 de octubre, la novena edici\u00f3n de la Feria de los Pueblos, en la que volver\u00e1 a tener un protagonismo destacado del Consorcio de la Vega Sierra Elvira con un amplio stand en el que estar\u00e1n representados los 34 municipios que lo conforman. Se trata de un espacio \u00fanico, central, amplio y especialmente dise\u00f1ado para la ocasi\u00f3n desde hace a\u00f1os. Su gran objetivo es trasladar la realidad de esta comarca en los \u00e1mbitos en los que trabaja: formaci\u00f3n, empleo, incremento de la calidad de vida, adem\u00e1s de informar de las dos empresas que posee en prestaci\u00f3n de servicios.<\/p>\n<p class=\"v-p\" style=\"text-align: justify;\">Durante los d\u00edas de esta ampl\u00edsima muestra, estos municipios dispondr\u00e1n de convocatorias de actividades propias para que cada uno de los ayuntamientos hagan presentaciones de sus productos, tradiciones, patrimonio.. etc.<\/p>\n<div class=\"v-c-cmp \" style=\"text-align: justify;\">\n<div class=\"v-cmp-m \">\n<article class=\"v-a v-a--cmp-m \">\n<div class=\"v-a-img-c v-a-img-c--fw-xs\">\n<figure class=\"v-a-fig\">\n<div class=\"v-a-link\"><img data-recalc-dims=\"1\" loading=\"lazy\" decoding=\"async\" class=\"v-a-img lzld\" src=\"https:\/\/i0.wp.com\/s1.ppllstatics.com\/ideal\/www\/multimedia\/2024\/09\/27\/380643847_624974706475528_8855154896940392_n-k4wD--650x455%40Ideal.jpg?resize=640%2C448&#038;ssl=1\" alt=\"\" width=\"640\" height=\"448\" data-voc-vtm-id=\"in-text-traffic\" \/><\/div>\n<\/figure>\n<\/div>\n<\/article>\n<\/div>\n<\/div>\n<p class=\"v-p\" style=\"text-align: justify;\">El presidente del <a title=\"Consorcio de la Vega Sierra Elvira\" href=\"https:\/\/consvega.com\/\" target=\"_blank\" rel=\"nofollow noopener\" data-voc-vtm-id=\"in-text-traffic\" data-mrf-link=\"consvega.com\">Consorcio de la Vega Sierra Elvira<\/a>, Antonio Salazar P\u00e9rez, se muestra ilusionado ante esta importante muestra. \u00abEs un gran escaparate para que los municipios que formamos el consorcio podamos mostrar todo lo bueno que tenemos\u00bb. La variedad y la riqueza de esta comarca es innegable y el mayor reto que siempre ha tenido el consorcio es mejorar la calidad de vida de todos los vecinos y vecinas que viven en esos municipios\u00bb.<\/p>\n<p class=\"v-p\" style=\"text-align: justify;\">Entre los proyectos m\u00e1s importantes en los que se encuentra inmerso el Consorcio de la Vega Sierra Elvira, se encuentra \u00abseguir trabajando para mejorar los servicios en el ciclo integral del agua, la recogida de los residuos s\u00f3lidos urbanos y, sobre todo, mejorar el empleo o la empleabilidad de todas las personas. En estos momentos tenemos much\u00edsimos talleres y programas de empleo y formaci\u00f3n con m\u00e1s de 200 alumnos trabajadores, que le dan much\u00edsima riqueza a todos nuestros pueblos\u00bb.<\/p>\n<div class=\"v-c-cmp \" style=\"text-align: justify;\">\n<div class=\"v-cmp-m \">\n<article class=\"v-a v-a--cmp-m \">\n<div class=\"v-a-img-c v-a-img-c--fw-xs\">\n<figure class=\"v-a-fig\">\n<div class=\"v-a-link\"><img data-recalc-dims=\"1\" loading=\"lazy\" decoding=\"async\" class=\"v-a-img lzld alignleft\" src=\"https:\/\/i0.wp.com\/s3.ppllstatics.com\/ideal\/www\/multimedia\/2024\/09\/27\/382738967_625526009753731_1308301040767044159_n-k4wD--650x455%40Ideal.jpg?resize=640%2C448&#038;ssl=1\" alt=\"\" width=\"640\" height=\"448\" data-voc-vtm-id=\"in-text-traffic\" \/><\/div>\n<\/figure>\n<\/div>\n<\/article>\n<\/div>\n<\/div>\n<p class=\"v-p\" style=\"text-align: justify;\">Este Consorcio naci\u00f3 \u00abhace muchos a\u00f1os. Al principio lo hizo con s\u00f3lo doce municipios y hoy en d\u00eda lo formamos treinta y cuatro. Ese aumento de municipios que quieren estar en el consorcio es por el buen funcionamiento y el buen trabajo que se lleva a cabo desde aqu\u00ed. Se aporta un valor a\u00f1adido y much\u00edsima riqueza\u00bb.<\/p>\n<p class=\"v-p\" style=\"text-align: justify;\"><strong>Servicios de m\u00e1xima calidad al menor precio<\/strong><\/p>\n<p class=\"v-p\" style=\"text-align: justify;\">El desarrollo que han experimentado todas estas localidades se debe al hecho de \u00abhaber podido trabajar en los servicios esenciales, que necesitamos todos los municipios y ayuntamientos, como puede ser ese servicio prioritario de abastecimiento de agua y la recogida de los residuos s\u00f3lidos. Gracias al consorcio se han abaratado costes en esa econom\u00eda de escala que permite prestar un servicio con la m\u00e1xima calidad al menor precio posible. Tambi\u00e9n ha sido muy importante todo lo relativo a la formaci\u00f3n y el empleo. Gracias a ello much\u00edsimos vecinos y vecinas han encontrado una oportunidad en el mercado laboral. Por ello seguimos creciendo y somos un referente en toda la provincia\u00bb.<\/p>\n<p class=\"v-p\" style=\"text-align: justify;\">La prestaci\u00f3n de servicios, la promoci\u00f3n de los pueblos y la capacidad de empleabilidad, a trav\u00e9s de los programas que oferta la Junta de Andaluc\u00eda, se han convertido en armas muy poderosas en la lucha contra la despoblaci\u00f3n que amenaza a un buen n\u00famero de municipios de la provincia granadina. \u00abLos j\u00f3venes pueden tener oportunidades y permanecer en sus pueblos, evitando la despoblaci\u00f3n\u00bb.<\/p>\n<p class=\"v-p\" style=\"text-align: justify;\"><strong>M\u00e1s de 200 metros de stand y m\u00faltiples actividades <\/strong><\/p>\n<p class=\"v-p\" style=\"text-align: justify;\">Por lo que respecta a la pr\u00f3xima Feria de los Pueblos, el Consorcio \u00abtendr\u00e1 presencia en un stand de m\u00e1s de 200 metros que va a posibilitar ver las caracter\u00edsticas, peculiaridades y singularidades de cada municipio. Algunos de ellos van a mostrar todas sus actividades culturales, la gastronom\u00eda t\u00edpica con degustaci\u00f3n de sus productos, actividades con grupos musicales..En definitiva, ponernos en el mapa. De forma especial, los pueblos peque\u00f1os, porque es fundamental que se conozca ese turismo, esa cultura, que nos visiten y que se genere mucho m\u00e1s empleo y riqueza en todos ellos\u00bb.<\/p>\n<p class=\"v-p\" style=\"text-align: justify;\">Antonio Salazar es consciente de la importancia de esta Feria de los Pueblos de cara a esta proyecci\u00f3n y mejor conocimiento de ellos. Por eso \u00abinvito a toda la provincia de Granada y fuera de ella a que visiten el stand del Consorcio de la Vega Sierra Elvira para que nos conozcan por la cantidad de servicios que prestamos. No s\u00f3lo existe Granada sino tambi\u00e9n un mont\u00f3n de pueblos. Todo suma y eso hace que al final nuestra provincia tenga esa importancia en todo el mundo\u00bb.<\/p>\n<div class=\"v-c-cmp v-c-cmp--t1 v-bdr-t-b\" style=\"text-align: justify;\">\n<div class=\"v-cmp-exp\">\n<article class=\"v-a v-a--cmp-exp v-a--p-t\">\n<div class=\"v-a-img-c \">\u00a0<\/div>\n<\/article>\n<\/div>\n<\/div>\n<div class=\"v-c-cmp v-c-cmp--t1 v-bdr-t-b\">\n<div class=\"v-cmp-exp\">\n<article class=\"v-a v-a--cmp-exp v-a--p-t\">\n<div class=\"v-a-info-c \">\n<h3 class=\"v-a-t\" style=\"text-align: justify;\">Programa de actividades<\/h3>\n<p class=\"v-p\" style=\"text-align: justify;\">Dentro de la amplia variedad de actividades programadas por el Consorcio de la Vega Sierra Elvira en la Feria de los Pueblos, ya est\u00e1n cerradas las siguientes convocatorias:<\/p>\n<h3 class=\"v-p\" style=\"text-align: justify;\">VIERNES 4<\/h3>\n<p class=\"v-p\" style=\"text-align: justify;\"><strong>16:30 A 18:00 horas. ATARF<\/strong>E. Actuaci\u00f3n del Grupo de Danza Asociaci\u00f3n Cultural Ciudad de Atarfe. Degustaci\u00f3n de Helados a cargo de la Empresa Ibergelato. Demostraci\u00f3n de elaboraci\u00f3n por Cer\u00e1mica Empresa Cer\u00e1mica Los Arrayanes. Degustaci\u00f3n de productos locales<\/p>\n<p class=\"v-p\" style=\"text-align: justify;\">18:00 a 19:30 horas. PINOS PUENTE. Exposici\u00f3n de Bolillos. Presentaci\u00f3n de un video promocional del municipio. Degustaci\u00f3n de productos locales.<\/p>\n<p class=\"v-p\" style=\"text-align: justify;\">19:30 a 21:00 horas. FUENTE VAQUEROS. Degustaci\u00f3n de productos t\u00edpicos y presentaci\u00f3n de video promocional.<\/p>\n<p class=\"v-p\" style=\"text-align: justify;\"><strong>S\u00c1BADO 5<\/strong><\/p>\n<p class=\"v-p\" style=\"text-align: justify;\">11:30. CIJUELA. Exposici\u00f3n de materiales elaborados por las Asociaciones de Mujeres de Cijuela. Actuaci\u00f3n de la Banda de M\u00fasica de Cijuela.<\/p>\n<p class=\"v-p\" style=\"text-align: justify;\">13:00 a 15:30 horas. SANTA FE. Presentaci\u00f3n del Oto\u00f1o Cultural. Premios Hispanidad Video. Baile Medieval, pasacalles y Taller de Teatro. Cortador de Jam\u00f3n (Jos\u00e9 Navarro Vargas). Degustaci\u00f3n de piononos\u2026.<\/p>\n<p class=\"v-p\" style=\"text-align: justify;\">17:00 a 19:00 horas. MARACENA. Baile de Sal\u00f3n del Taller de Cultura. Degustaci\u00f3n de productos locales: Embutidos &#8216;Dani El Chango&#8217;, Queso RRR, Empanadas Panader\u00eda los Finos y Bebida Hermanos Luque. Presentaci\u00f3n video Promocional.<\/p>\n<p class=\"v-p\" style=\"text-align: justify;\">19:00 a 21:00 horas. \u00cdLLORA. Degustaci\u00f3n de productos locales y video promocional.<\/p>\n<p style=\"text-align: justify;\">\u00a0<\/p>\n<\/div>\n<\/article>\n<\/div>\n<\/div>\n","protected":false},"excerpt":{"rendered":"<p>Antonio Salazar P\u00e9rez: \u00abInvito a toda la provincia de Granada y fuera de ella a&#8230;<\/p>\n","protected":false},"author":1,"featured_media":71450,"comment_status":"closed","ping_status":"closed","sticky":false,"template":"","format":"standard","meta":{"_coblocks_attr":"","_coblocks_dimensions":"","_coblocks_responsive_height":"","_coblocks_accordion_ie_support":"","jetpack_post_was_ever_published":false,"_jetpack_newsletter_access":"","_jetpack_dont_email_post_to_subs":false,"_jetpack_newsletter_tier_id":0,"_jetpack_memberships_contains_paywalled_content":false,"_jetpack_memberships_contains_paid_content":false,"footnotes":"","jetpack_publicize_message":"","jetpack_publicize_feature_enabled":true,"jetpack_social_post_already_shared":true,"jetpack_social_options":{"image_generator_settings":{"template":"highway","default_image_id":0,"enabled":false},"version":2}},"categories":[1161,186,44],"tags":[],"class_list":["post-71449","post","type-post","status-publish","format-standard","has-post-thumbnail","hentry","category-ciudadania","category-instituciones","category-noticias-de-hoy"],"jetpack_publicize_connections":[],"jetpack_featured_media_url":"https:\/\/i0.wp.com\/miradordeatarfe.es\/wp-content\/uploads\/2024\/09\/382722866_625526136420385_5629240834577805835_n-k4wD-U2201346884158u2C-1200x840%40Ideal.webp?fit=1200%2C840&ssl=1","jetpack_likes_enabled":true,"jetpack_sharing_enabled":true,"_links":{"self":[{"href":"https:\/\/miradordeatarfe.es\/index.php?rest_route=\/wp\/v2\/posts\/71449","targetHints":{"allow":["GET"]}}],"collection":[{"href":"https:\/\/miradordeatarfe.es\/index.php?rest_route=\/wp\/v2\/posts"}],"about":[{"href":"https:\/\/miradordeatarfe.es\/index.php?rest_route=\/wp\/v2\/types\/post"}],"author":[{"embeddable":true,"href":"https:\/\/miradordeatarfe.es\/index.php?rest_route=\/wp\/v2\/users\/1"}],"replies":[{"embeddable":true,"href":"https:\/\/miradordeatarfe.es\/index.php?rest_route=%2Fwp%2Fv2%2Fcomments&post=71449"}],"version-history":[{"count":1,"href":"https:\/\/miradordeatarfe.es\/index.php?rest_route=\/wp\/v2\/posts\/71449\/revisions"}],"predecessor-version":[{"id":71451,"href":"https:\/\/miradordeatarfe.es\/index.php?rest_route=\/wp\/v2\/posts\/71449\/revisions\/71451"}],"wp:featuredmedia":[{"embeddable":true,"href":"https:\/\/miradordeatarfe.es\/index.php?rest_route=\/wp\/v2\/media\/71450"}],"wp:attachment":[{"href":"https:\/\/miradordeatarfe.es\/index.php?rest_route=%2Fwp%2Fv2%2Fmedia&parent=71449"}],"wp:term":[{"taxonomy":"category","embeddable":true,"href":"https:\/\/miradordeatarfe.es\/index.php?rest_route=%2Fwp%2Fv2%2Fcategories&post=71449"},{"taxonomy":"post_tag","embeddable":true,"href":"https:\/\/miradordeatarfe.es\/index.php?rest_route=%2Fwp%2Fv2%2Ftags&post=71449"}],"curies":[{"name":"wp","href":"https:\/\/api.w.org\/{rel}","templated":true}]}}