{"id":71459,"date":"2024-09-29T10:12:38","date_gmt":"2024-09-29T08:12:38","guid":{"rendered":"https:\/\/miradordeatarfe.es\/?p=71459"},"modified":"2024-09-29T14:38:22","modified_gmt":"2024-09-29T12:38:22","slug":"haber-nacido-en-la-era-digital-no-es-suficiente-por-que-los-adolescentes-se-tragan-los-bulos-de-las-redes","status":"publish","type":"post","link":"https:\/\/miradordeatarfe.es\/?p=71459","title":{"rendered":"Haber nacido en la era digital no es suficiente: por qu\u00e9 los adolescentes se &#8216;tragan&#8217; los bulos de las redes"},"content":{"rendered":"<h3 style=\"text-align: justify;\">Los datos desmienten el mito de que las generaciones zeta y alfa no necesitan formaci\u00f3n digital porque ya tienen esas competencias; les faltan herramientas con las que enfrentarse a una desinformaci\u00f3n y discursos de odio cada vez m\u00e1s sofisticados: \u201cHay que educarlos antes de su primer m\u00f3vil\u201d<\/h3>\n<div class=\"second-col\">\n<p class=\"article-text\" style=\"text-align: justify;\">A pesar de haber nacido en la era digital, la mitad de las personas menores reconoce que no sabe identificar siempre si una informaci\u00f3n es falsa, con m\u00e1s de una de cada diez confesando que no podr\u00eda se\u00f1alar un bulo en ning\u00fan caso, seg\u00fan un informe de Save the Children publicado este jueves. Adem\u00e1s, una de cada cuatro personas adolescentes no contrasta nunca una <a class=\"link\" href=\"https:\/\/www.eldiario.es\/temas\/bulos\/\" data-mrf-recirculation=\"links-noticia\" data-mrf-link=\"https:\/\/www.eldiario.es\/temas\/bulos\/\">informaci\u00f3n de la que recela<\/a> y, quienes s\u00ed lo hacen, recurren en la mayor\u00eda de los casos a familia y amistades, que podr\u00edan estar recibiendo el mismo tipo de <a class=\"link\" href=\"https:\/\/www.eldiario.es\/politica\/reto-desinformacion-hay-diferenciar-periodismo-negocios_1_11424652.html\" data-mrf-recirculation=\"links-noticia\" data-mrf-link=\"https:\/\/www.eldiario.es\/politica\/reto-desinformacion-hay-diferenciar-periodismo-negocios_1_11424652.html\">desinformaci\u00f3n<\/a>.\u00a0<\/p>\n<p class=\"article-text\" style=\"text-align: justify;\">\u201cVivimos en una etapa donde la desinformaci\u00f3n cada vez es mayor, y distinguirla es m\u00e1s complicado para poblaciones vulnerables como las personas menores\u201d, explica Eva Herrero, profesora de Periodismo e investigadora de la Universidad Carlos III de Madrid (UC3M). Aunque la desinformaci\u00f3n sea tan antigua como la profesi\u00f3n period\u00edstica, los bulos actuales se est\u00e1n sofisticando: las mayores capacidades tecnol\u00f3gicas que permiten los <em>deepfakes<\/em> o el hecho de que cualquier persona pueda crear una web con apariencia de medio de comunicaci\u00f3n, sumado a la mayor facilidad de viralizaci\u00f3n, hace m\u00e1s dif\u00edcil la lucha contra la desinformaci\u00f3n en redes sociales. Estas ya se sit\u00faan como el segundo medio principal de informaci\u00f3n para las personas adolescentes, solo por detr\u00e1s de familia y amistades y empatado con la televisi\u00f3n, expone el informe.<\/p>\n<p class=\"article-text\" style=\"text-align: justify;\">Esta especialista en alfabetizaci\u00f3n medi\u00e1tica y adolescentes advierte de que incluso quienes se ven capaces de identificar un bulo sobreestiman ligeramente sus herramientas. En un estudio que realiz\u00f3 entre estudiantes de Secundaria, <a class=\"link\" href=\"https:\/\/www.revistacomunicar.com\/pdf\/73\/c7308es.pdf\" target=\"_blank\" rel=\"noopener\" data-mrf-recirculation=\"links-noticia\" data-mrf-link=\"https:\/\/www.revistacomunicar.com\/pdf\/73\/c7308es.pdf\">el 59% dijo saber distinguir la desinformaci\u00f3n, pero solo un 52% lo consigui\u00f3<\/a> en la prueba pr\u00e1ctica.<\/p>\n<blockquote class=\"quote\">\n<div class=\"quote-wrapper\">\n<p class=\"quote-text\"><em><strong>Las personas adolescentes sobreestiman ligeramente su capacidad de identificar la desinformaci\u00f3n, que se est\u00e1 complejizando de la mano de los deepfakes o p\u00e1ginas web que permiten fingir ser un medio de comunicaci\u00f3n<\/strong>. <\/em><em><span class=\"name\">Eva Herrero<\/span> \u2014 Profesora de Periodismo e investigadora de la Universidad Carlos III de Madrid<\/em><\/p>\n<\/div>\n<\/blockquote>\n<p class=\"article-text\" style=\"text-align: justify;\">Para Mariaje Gonz\u00e1lez Flor, experta en contenidos digitales y alfabetizaci\u00f3n medi\u00e1tica, las plataformas de redes sociales tienen la responsabilidad de \u201cinvertir en moderaci\u00f3n para controlar los contenidos que recurren a la emoci\u00f3n, pues es m\u00e1s f\u00e1cil que los compartamos sin pararnos a pensar\u201d. Los algoritmos de Instagram, TikTok u otros potencian el contenido que mejor despierta las emociones porque enganchan m\u00e1s y, por lo tanto, aumentan los beneficios de las empresas tecnol\u00f3gicas, como revelaron varios exempleados de grandes corporaciones en el documental de 2020 <a class=\"link\" href=\"https:\/\/www.eldiario.es\/cultura\/cine\/critica-dilema-redes-sociales-documental-netflix_1_6238348.html\" data-mrf-recirculation=\"links-noticia\" data-mrf-link=\"https:\/\/www.eldiario.es\/cultura\/cine\/critica-dilema-redes-sociales-documental-netflix_1_6238348.html\"><em>El dilema de las redes<\/em><\/a>. Eso s\u00ed, aunque estas compa\u00f1\u00edas \u201cpor supuesto\u201d que deben responsabilizarse de sus contenidos, Gonz\u00e1lez Flor subraya que la implicaci\u00f3n debe ir m\u00e1s all\u00e1: \u201cLa ciudadan\u00eda debe ser m\u00e1s consciente del poder que tiene y pedir cambios como individuos, sociedad civil y Estado\u201d.<\/p>\n<h2 class=\"article-text\" style=\"text-align: justify;\"><strong>Redes sociales y alfabetizaci\u00f3n medi\u00e1tica<\/strong><\/h2>\n<p class=\"article-text\" style=\"text-align: justify;\">Dentro del ecosistema de las redes sociales, <em>Desinformaci\u00f3n y discursos de odio en el entorno digital<\/em>, el informe de Save the Children, apunta a que el 16% de los y las adolescentes considera que los creadores de contenido son siempre una fuente fiable. Un 70% adicional asegura que pueden serlo en determinadas ocasiones. \u201cNo solo los adolescentes, sino todos debemos formarnos un criterio digital \u2014el 34% de la poblaci\u00f3n espa\u00f1ola no tiene competencias digitales b\u00e1sicas, seg\u00fan datos de la Comisi\u00f3n Europea\u2014. Si te educas en la esfera de Internet y te pones las gafas del criterio, hace un clic en tu cabeza y m\u00e1s dif\u00edcil que te cuelen desinformaci\u00f3n\u201d, afirma Gonz\u00e1lez Flor.<\/p>\n<p class=\"article-text\" style=\"text-align: justify;\">Este criterio digital que se\u00f1ala la especialista pasa por una alfabetizaci\u00f3n medi\u00e1tica y digital m\u00e1s amplia que debe impartirse en la escuela, pero tambi\u00e9n en el hogar familiar: \u201cNo podemos esperar al momento de darles su primer m\u00f3vil; hay que educar a nuestros hijos antes\u201d, se\u00f1ala la experta, que tambi\u00e9n es formadora en alfabetizaci\u00f3n medi\u00e1tica.\u00a0<\/p>\n<blockquote class=\"quote\">\n<div class=\"quote-wrapper\">\n<p class=\"quote-text\"><strong><em>Cada generaci\u00f3n tiene sus propias narrativas desinformadas y sus pr\u00e1cticas comunicativas que hace que sean m\u00e1s sensibles a determinados discursos.\u00a0 <\/em><\/strong><em><span class=\"name\">Ra\u00fal Magall\u00f3n<\/span> \u2014 investigador de la UC3M especializado en desinformaci\u00f3n<\/em><\/p>\n<\/div>\n<\/blockquote>\n<p class=\"article-text\" style=\"text-align: justify;\">Y es que ha muerto el mito de que las generaciones zeta y alfa no necesitan formaci\u00f3n por haber nacido en la era digital: \u201cDurante mucho tiempo hemos pensado que tener competencias digitales era saber utilizar una aplicaci\u00f3n, pero ya reconocemos que hace falta un conocimiento m\u00e1s profundo. Hay que saber qu\u00e9 pasa cuando compartimos datos o enviamos una foto\u201d, explica Herrero. \u201cCada generaci\u00f3n tiene sus propias narrativas desinformadas y sus pr\u00e1cticas comunicativas que hace que sean m\u00e1s sensibles a determinados discursos\u201d, apostilla Ra\u00fal Magall\u00f3n, investigador de la UC3M especializado en desinformaci\u00f3n.\u00a0<\/p>\n<p class=\"article-text\" style=\"text-align: justify;\">Adem\u00e1s, hay que educar en la importancia del uso, no solo del contenido. \u201cHay contenidos que son il\u00edcitos, pero tambi\u00e9n otros a los que, sin ser nocivos por s\u00ed mismos, se les puede dar un mal uso. En principio no tiene nada de malo subir una foto con una amiga, pero hay que tener en cuenta que otras personas lo pueden usar para ciberacosar\u201d, explica Gonz\u00e1lez Flor.<\/p>\n<h2 class=\"article-text\" style=\"text-align: justify;\"><strong>Bulos y misoginia<\/strong><\/h2>\n<p class=\"article-text\" style=\"text-align: justify;\">Internet ha democratizado el acceso a la informaci\u00f3n, pero tambi\u00e9n ha permitido la proliferaci\u00f3n de discursos de odio. El estudio de Save the Children se\u00f1ala que los chicos son m\u00e1s vulnerables a caer en ellos, y las chicas son mayormente destinatarias, \u201clo que convierte el espacio online en m\u00e1s hostil para ellas\u201d.<\/p>\n<p class=\"article-text\" style=\"text-align: justify;\">Con el aumento de la misoginia y el <a class=\"link\" href=\"https:\/\/www.eldiario.es\/comunitat-valenciana\/detras-negacionismo-violencia-genero-ultraderecha-lobbies-ultracatolicos-desafeccion-politica_1_10965121.html\" data-mrf-recirculation=\"links-noticia\" data-mrf-link=\"https:\/\/www.eldiario.es\/comunitat-valenciana\/detras-negacionismo-violencia-genero-ultraderecha-lobbies-ultracatolicos-desafeccion-politica_1_10965121.html\">negacionismo de la violencia de g\u00e9nero<\/a> en hombres j\u00f3venes en los \u00faltimos a\u00f1os, muchas personas han trazado la l\u00ednea entre esos adolescentes e <em>influencers<\/em> machistas. El informe analiz\u00f3 a varios creadores de contenido en la plataforma de <em>streaming <\/em>Twitch y encontr\u00f3 \u201cconductas de riesgo\u201d en todos ellos, como comentarios cosificadores hacia las mujeres o rese\u00f1as de videojuegos con contenido pornogr\u00e1fico. Adem\u00e1s, de los <em>influencers<\/em> del estudio, uno estaba vinculado con grupos de extrema derecha.<\/p>\n<blockquote class=\"quote\">\n<div class=\"quote-wrapper\">\n<p class=\"quote-text\"><em><strong>Se suele plantear causalidad con seguir a una persona machista en Internet y tener actitudes mis\u00f3ginas, pero es solo un factor de riesgo m\u00e1s; hay que analizar cu\u00e1les pueden ser los otros<\/strong><\/em>. <em><span class=\"name\">Susana Piedra<\/span> \u2014 Psic\u00f3loga<\/em><\/p>\n<\/div>\n<\/blockquote>\n<p class=\"article-text\" style=\"text-align: justify;\">A pesar de esto, Magall\u00f3n considera \u201creduccionista\u201d culpar a los creadores de contenido de la misoginia creciente en la poblaci\u00f3n joven. Es un fen\u00f3meno \u201cm\u00e1s complejo\u201d, asegura, relacionado con la transformaci\u00f3n de la sociedad y el auge de los movimientos populistas. Se pronuncia en la misma l\u00ednea Susana Piedra, psic\u00f3loga y coordinadora del programa de Prevenci\u00f3n de conductas de riesgo en ni\u00f1os, ni\u00f1as y adolescentes de la Uni\u00f3n de Asociaciones Familiares (UNAF): \u201cSe suele plantear causalidad con seguir a una persona machista en Internet y tener actitudes mis\u00f3ginas, pero es solo un factor de riesgo m\u00e1s; hay que analizar cu\u00e1les pueden ser los otros\u201d. La psic\u00f3loga a\u00f1ade que, aunque el <a class=\"link\" href=\"https:\/\/www.eldiario.es\/sociedad\/grooming-acoso-sexual-online-menores-crece-agresor-les-aisla-no-cuenten_1_10748941.html\" data-mrf-recirculation=\"links-noticia\" data-mrf-link=\"https:\/\/www.eldiario.es\/sociedad\/grooming-acoso-sexual-online-menores-crece-agresor-les-aisla-no-cuenten_1_10748941.html\"><em>grooming<\/em><\/a> y el ciberacoso son los mayores miedos de las familias, cada vez hay m\u00e1s sensibilizaci\u00f3n y preocupaci\u00f3n sobre los discursos de odio.<\/p>\n<p class=\"article-text\" style=\"text-align: justify;\">Para contrarrestar las actitudes machistas que pueda tener un hijo adolescente, Piedra, que tambi\u00e9n imparte talleres a familias, recomienda reflexionar sobre qu\u00e9 comportamientos machistas puede haber en el propio hogar, romper estereotipos y favorecer una escucha activa que permita poner el foco de atenci\u00f3n en la persona adolescente y ver qu\u00e9 est\u00e1 \u201clatente\u201d tras las actitudes de discriminaci\u00f3n.<\/p>\n<h2 class=\"article-text\" style=\"text-align: justify;\"><strong>Insatisfacci\u00f3n corporal<\/strong><\/h2>\n<p class=\"article-text\" style=\"text-align: justify;\">I\u00f1aki est\u00e1 preocupado. Su hija, Ofelia (nombre ficticio) muestra cada vez m\u00e1s insatisfacci\u00f3n con su cuerpo, una sensaci\u00f3n que, cree el padre, \u201cest\u00e1 marcada por lo que ve a trav\u00e9s del m\u00f3vil\u201d. Ella tuvo su primer dispositivo m\u00f3vil con casi 12 a\u00f1os por presi\u00f3n social \u2014era la \u00fanica sin m\u00f3vil de su grupo de amigas\u2014 y, tras un tiempo sin redes sociales, pidi\u00f3 estar en Instagram para mantener el contacto con sus amistades. \u201cYa mostraba inter\u00e9s por la est\u00e9tica antes de estar en redes, pero ahora me pide cosas que no necesita, como s\u00e9rum o tratamientos antiedad. Tiene 13 a\u00f1os\u201d, cuenta I\u00f1aki.<\/p>\n<blockquote class=\"quote\">\n<div class=\"quote-wrapper\">\n<p class=\"quote-text\"><em><strong>Mi hija ya mostraba inter\u00e9s por la est\u00e9tica antes de estar en redes, pero ahora me pide cosas que no necesita, como s\u00e9rum o tratamientos antiedad. Tiene 13 a\u00f1os<\/strong>. <span class=\"name\">I\u00f1aki<\/span> \u2014 Padre de O.<\/em><\/p>\n<\/div>\n<\/blockquote>\n<p class=\"article-text\" style=\"text-align: justify;\">Los est\u00e1ndares de belleza que se transmiten en redes sociales pueden considerarse desinformaci\u00f3n, dado que las <em>influencers<\/em> no son transparentes con si han usado un filtro, se han hecho cirug\u00edas o se fotograf\u00edan en ayunas para tener un vientre m\u00e1s plano. Y, en efecto, a mayor uso de redes sociales, mayor internalizaci\u00f3n de esos ideales de belleza a veces irreales. As\u00ed lo afirma un estudio de la Universidad Miguel Hern\u00e1ndez, que se\u00f1ala que el uso de Facebook e Instagram est\u00e1 asociado a menor satisfacci\u00f3n corporal, aunque pide estudios longitudinales sobre el tema para saber c\u00f3mo afecta a largo plazo.<\/p>\n<p class=\"article-text\" style=\"text-align: justify;\">\u201cLas redes sociales normalizan est\u00e1ndares irreales y eso es un <a class=\"link\" href=\"https:\/\/www.eldiario.es\/sociedad\/anorexia-bulimia-ninas_1_10645409.html\" data-mrf-recirculation=\"links-noticia\" data-mrf-link=\"https:\/\/www.eldiario.es\/sociedad\/anorexia-bulimia-ninas_1_10645409.html\">factor de riesgo en TCA<\/a> [Trastornos de la Conducta Alimentaria]\u201d, apunta la conexi\u00f3n Susana Piedra, la psic\u00f3loga. Esto no quiere decir que la persona adolescente vaya a tener problemas con la comida, pero para mejorar la relaci\u00f3n con los alimentos recomienda a las familias \u2014\u201cpues las madres y los padres siguen siendo los mayores <em>influencers<\/em>\u201d, dice\u2014 \u201cfavorecer la aceptaci\u00f3n de la diversidad corporal, fomentar el pensamiento cr\u00edtico de que no todo lo que ven en redes es real y ser coherentes: no podemos transmitir positividad y luego hacer comentarios como madre de que he engordado\u201d.<\/p>\n<\/div>\n<p><a href=\"https:\/\/www.eldiario.es\/autores\/deva-mar-escobedo\/\" data-mrf-link=\"https:\/\/www.eldiario.es\/autores\/deva-mar-escobedo\/\"><strong>Deva Mar Escobed<\/strong><\/a><\/p>\n<p><span class=\"title\">FOTO: Dos adolescentes consultan el m\u00f3vil. <span class=\"author\"> Europa Press<\/span> <\/span><\/p>\n<p>https:\/\/www.eldiario.es\/sociedad\/haber-nacido-digital-no-suficiente-adolescentes-tragan-bulos-redes_1_11685138.html<\/p>\n<div class=\"news-info\" data-mrf-recirculation=\"firma\">\n<div class=\"info-wrapper\">\n<p class=\"authors\">\u00a0<\/p>\n<\/div>\n<\/div>\n","protected":false},"excerpt":{"rendered":"<p>Los datos desmienten el mito de que las generaciones zeta y alfa no necesitan formaci\u00f3n&#8230;<\/p>\n","protected":false},"author":1,"featured_media":71460,"comment_status":"closed","ping_status":"closed","sticky":false,"template":"","format":"standard","meta":{"_coblocks_attr":"","_coblocks_dimensions":"","_coblocks_responsive_height":"","_coblocks_accordion_ie_support":"","jetpack_post_was_ever_published":false,"_jetpack_newsletter_access":"","_jetpack_dont_email_post_to_subs":false,"_jetpack_newsletter_tier_id":0,"_jetpack_memberships_contains_paywalled_content":false,"_jetpack_memberships_contains_paid_content":false,"footnotes":"","jetpack_publicize_message":"","jetpack_publicize_feature_enabled":true,"jetpack_social_post_already_shared":false,"jetpack_social_options":{"image_generator_settings":{"template":"highway","default_image_id":0,"enabled":false},"version":2}},"categories":[44,6937,6920],"tags":[],"class_list":["post-71459","post","type-post","status-publish","format-standard","has-post-thumbnail","hentry","category-noticias-de-hoy","category-sociedad","category-tecnologia"],"jetpack_publicize_connections":[],"jetpack_featured_media_url":"https:\/\/i0.wp.com\/miradordeatarfe.es\/wp-content\/uploads\/2024\/09\/2e456a40-2f93-4510-9415-f02e50eec9c9_16-9-discover-aspect-ratio_default_0.webp?fit=1200%2C675&ssl=1","jetpack_likes_enabled":true,"jetpack_sharing_enabled":true,"_links":{"self":[{"href":"https:\/\/miradordeatarfe.es\/index.php?rest_route=\/wp\/v2\/posts\/71459","targetHints":{"allow":["GET"]}}],"collection":[{"href":"https:\/\/miradordeatarfe.es\/index.php?rest_route=\/wp\/v2\/posts"}],"about":[{"href":"https:\/\/miradordeatarfe.es\/index.php?rest_route=\/wp\/v2\/types\/post"}],"author":[{"embeddable":true,"href":"https:\/\/miradordeatarfe.es\/index.php?rest_route=\/wp\/v2\/users\/1"}],"replies":[{"embeddable":true,"href":"https:\/\/miradordeatarfe.es\/index.php?rest_route=%2Fwp%2Fv2%2Fcomments&post=71459"}],"version-history":[{"count":1,"href":"https:\/\/miradordeatarfe.es\/index.php?rest_route=\/wp\/v2\/posts\/71459\/revisions"}],"predecessor-version":[{"id":71461,"href":"https:\/\/miradordeatarfe.es\/index.php?rest_route=\/wp\/v2\/posts\/71459\/revisions\/71461"}],"wp:featuredmedia":[{"embeddable":true,"href":"https:\/\/miradordeatarfe.es\/index.php?rest_route=\/wp\/v2\/media\/71460"}],"wp:attachment":[{"href":"https:\/\/miradordeatarfe.es\/index.php?rest_route=%2Fwp%2Fv2%2Fmedia&parent=71459"}],"wp:term":[{"taxonomy":"category","embeddable":true,"href":"https:\/\/miradordeatarfe.es\/index.php?rest_route=%2Fwp%2Fv2%2Fcategories&post=71459"},{"taxonomy":"post_tag","embeddable":true,"href":"https:\/\/miradordeatarfe.es\/index.php?rest_route=%2Fwp%2Fv2%2Ftags&post=71459"}],"curies":[{"name":"wp","href":"https:\/\/api.w.org\/{rel}","templated":true}]}}