{"id":71462,"date":"2024-09-30T11:26:45","date_gmt":"2024-09-30T09:26:45","guid":{"rendered":"https:\/\/miradordeatarfe.es\/?p=71462"},"modified":"2024-09-27T20:34:57","modified_gmt":"2024-09-27T18:34:57","slug":"nevenka-por-remedios-sanchez","status":"publish","type":"post","link":"https:\/\/miradordeatarfe.es\/?p=71462","title":{"rendered":"\u00abNEVENKA\u00bb por Remedios S\u00e1nchez"},"content":{"rendered":"<h3 style=\"text-align: justify;\">Nevenka no es un caso, por mucho que se repita estas semanas; es algo infinitamente m\u00e1s grave, el paradigma del modo de proceder en Espa\u00f1a de una clase de individuos chulos y poderosos que se cre\u00edan con derecho a hostigar y a acosar sexualmente a las mujeres desde su condici\u00f3n de hombres -muy hombres, se consideraban ellos- en una posici\u00f3n de prevalencia. \u00a0<\/h3>\n<p style=\"text-align: justify;\">Porque el alcalde, el director de una empresa o el catedr\u00e1tico de turno con manos largas y verbo f\u00e1cil (pongamos por caso) fueron, durante demasiado tiempo, una suerte de dioses con pies de barro a los que se le pod\u00edan perdonar estos -hipot\u00e9ticos- pecadillos veniales. Cuando la cosa era cuesti\u00f3n de faldas no hab\u00eda consecuencias m\u00e1s all\u00e1 de laminar a la mujer que hab\u00eda roto el silencio obligado. Ese fue el te\u00f3rico error de Nevenka: terminar su relaci\u00f3n sentimental con el alcalde ponferradino Ismael \u00c1lvarez y pensar que no habr\u00eda consecuencias y que podr\u00eda seguir siendo\u00a0la concejal de econom\u00eda con normalidad. Que la vida seguir\u00eda civilizadamente. Pero es que la vida no sigui\u00f3, lo que sigui\u00f3 fue el infierno desatado, una caza imparable a la bruja que, adem\u00e1s, era demasiado joven, demasiado inteligente (economista brillante con 26 a\u00f1os) y demasiado bella para su bien. Lo que sucedi\u00f3 revela un patr\u00f3n de comportamiento que ha sido secularmente asumido como v\u00e1lido y, por tanto, tolerado por la sociedad convirtiendo a las v\u00edctimas en culpables y a los verdugos en personajes merecedores de una palmadita por machotes. Baste recordar la manifestaci\u00f3n de apoyo a \u00c1lvarez siendo ya un acosador condenado; frente a esto, el rechazo frontal que oblig\u00f3 a Nevenka a abandonar Espa\u00f1a, a pesar de haber demostrado fehacientemente con testigos y pruebas periciales la verdad de unos hechos execrables que le provocaron una depresi\u00f3n severa y constantes crisis de ansiedad.<\/p>\n<p style=\"text-align: justify;\">La verdad no la salv\u00f3; a la masa social, a la mayor\u00eda de espa\u00f1olitos y espa\u00f1olitas, les fue indiferente su sufrimiento, su dignidad de mujer vulnerada y su dolor frente al engominado var\u00f3n-dandi del lugar. El peso de la culpa cay\u00f3 sobre una chica fr\u00e1gil que, \u00fanicamente, se defendi\u00f3 por las v\u00edas legales del otrora poderoso \u00c1lvarez, entonces uno de los pesos pesados del PP castellanoleon\u00e9s (al que despu\u00e9s traicion\u00f3 tambi\u00e9n, por cierto). Dio igual: el tipo se march\u00f3 entre aplausos y retorn\u00f3 a\u00f1os m\u00e1s tarde a la gesti\u00f3n p\u00fablica sin ning\u00fan reproche. Actualmente ejerce de empresario perdonavidas y padre de familia en ese mismo municipio mientras que, Nevenka Fern\u00e1ndez, alta directiva de una empresa en Dubl\u00edn, ha regresado exclusivamente para presenciar el estreno de la pel\u00edcula que retrata su lucha y su desamparo, aquel abismo para una mujer sola frente al mundo, \u00fanicamente con la sinceridad en la mano. No pretende ser una hero\u00edna, aunque claramente lo fue poniendo el foco en que no s\u00f3lo en los trabajos poco cualificados se produc\u00edan estas tragedias. Y, reitero: se prefer\u00eda mirar para otro lado. \u00a0Incluso, en ocasiones, sigue sucediendo hoy. Porque habr\u00e1 quien piense que tenemos mecanismos jur\u00eddicos rotundos para atajar el machismo recalcitrante (tambi\u00e9n para desenmascarar las perfidias); pero no es cierto: en 2023 las cifras indican que, en Espa\u00f1a,\u00a0casi 1,4 millones de mujeres sufrieron acoso sexual en su trabajo y s\u00f3lo una minor\u00eda lo denunci\u00f3. Es la evidencia de que queda mucho por hacer, muchas mujeres que proteger de la impunidad repugnante de villanos sin alma.<\/p>\n<p style=\"text-align: justify;\">FOTO:https:\/\/www.divinity.es<\/p>\n","protected":false},"excerpt":{"rendered":"<p>Nevenka no es un caso, por mucho que se repita estas semanas; es algo infinitamente&#8230;<\/p>\n","protected":false},"author":1,"featured_media":71463,"comment_status":"closed","ping_status":"closed","sticky":false,"template":"","format":"standard","meta":{"_coblocks_attr":"","_coblocks_dimensions":"","_coblocks_responsive_height":"","_coblocks_accordion_ie_support":"","jetpack_post_was_ever_published":false,"_jetpack_newsletter_access":"","_jetpack_dont_email_post_to_subs":false,"_jetpack_newsletter_tier_id":0,"_jetpack_memberships_contains_paywalled_content":false,"_jetpack_memberships_contains_paid_content":false,"footnotes":"","jetpack_publicize_message":"","jetpack_publicize_feature_enabled":true,"jetpack_social_post_already_shared":true,"jetpack_social_options":{"image_generator_settings":{"template":"highway","default_image_id":0,"enabled":false},"version":2}},"categories":[1161,14,44,6914],"tags":[],"class_list":["post-71462","post","type-post","status-publish","format-standard","has-post-thumbnail","hentry","category-ciudadania","category-feminismo","category-noticias-de-hoy","category-opinion-de-reme-sanchez"],"jetpack_publicize_connections":[],"jetpack_featured_media_url":"https:\/\/i0.wp.com\/miradordeatarfe.es\/wp-content\/uploads\/2024\/09\/NEVENKA.jpeg?fit=300%2C168&ssl=1","jetpack_likes_enabled":true,"jetpack_sharing_enabled":true,"_links":{"self":[{"href":"https:\/\/miradordeatarfe.es\/index.php?rest_route=\/wp\/v2\/posts\/71462","targetHints":{"allow":["GET"]}}],"collection":[{"href":"https:\/\/miradordeatarfe.es\/index.php?rest_route=\/wp\/v2\/posts"}],"about":[{"href":"https:\/\/miradordeatarfe.es\/index.php?rest_route=\/wp\/v2\/types\/post"}],"author":[{"embeddable":true,"href":"https:\/\/miradordeatarfe.es\/index.php?rest_route=\/wp\/v2\/users\/1"}],"replies":[{"embeddable":true,"href":"https:\/\/miradordeatarfe.es\/index.php?rest_route=%2Fwp%2Fv2%2Fcomments&post=71462"}],"version-history":[{"count":1,"href":"https:\/\/miradordeatarfe.es\/index.php?rest_route=\/wp\/v2\/posts\/71462\/revisions"}],"predecessor-version":[{"id":71464,"href":"https:\/\/miradordeatarfe.es\/index.php?rest_route=\/wp\/v2\/posts\/71462\/revisions\/71464"}],"wp:featuredmedia":[{"embeddable":true,"href":"https:\/\/miradordeatarfe.es\/index.php?rest_route=\/wp\/v2\/media\/71463"}],"wp:attachment":[{"href":"https:\/\/miradordeatarfe.es\/index.php?rest_route=%2Fwp%2Fv2%2Fmedia&parent=71462"}],"wp:term":[{"taxonomy":"category","embeddable":true,"href":"https:\/\/miradordeatarfe.es\/index.php?rest_route=%2Fwp%2Fv2%2Fcategories&post=71462"},{"taxonomy":"post_tag","embeddable":true,"href":"https:\/\/miradordeatarfe.es\/index.php?rest_route=%2Fwp%2Fv2%2Ftags&post=71462"}],"curies":[{"name":"wp","href":"https:\/\/api.w.org\/{rel}","templated":true}]}}