{"id":71478,"date":"2024-10-01T09:27:31","date_gmt":"2024-10-01T07:27:31","guid":{"rendered":"https:\/\/miradordeatarfe.es\/?p=71478"},"modified":"2024-09-30T09:36:25","modified_gmt":"2024-09-30T07:36:25","slug":"la-tierra-tendra-una-miniluna-de-quita-y-pon-durante-dos-meses","status":"publish","type":"post","link":"https:\/\/miradordeatarfe.es\/?p=71478","title":{"rendered":"La Tierra tendr\u00e1 una miniluna de quita y pon durante dos meses"},"content":{"rendered":"<article class=\"a _g _g-lg _g-o\">\n<header class=\"a_e _g _g-xs\">\n<div class=\"a_e_txt _df\">\n<h2 class=\"a_st\" style=\"text-align: justify;\">Una roca del tama\u00f1o de un cami\u00f3n, llamada 2024 PT5, caer\u00e1 en la \u00f3rbita terrestre desde el 29 de septiembre hasta el 25 de noviembre, y regresar\u00e1 en 2055<\/h2>\n<\/div>\n<\/header>\n<div class=\"a_c clearfix\" style=\"text-align: justify;\" data-dtm-region=\"articulo_cuerpo\">\n<p class=\"\">Cuando no nos referimos al objeto astron\u00f3mico, los humanos escribimos <a href=\"https:\/\/elpais.com\/elpais\/2015\/04\/08\/ciencia\/1428495111_666688.html\" target=\"_blank\" rel=\"noopener\" data-link-track-dtm=\"\" data-mrf-link=\"https:\/\/elpais.com\/elpais\/2015\/04\/08\/ciencia\/1428495111_666688.html\">Luna con may\u00fascula inicial porque solo tenemos una<\/a>. Un Don Juan Tenorio de Saturno tendr\u00eda que especificar a cu\u00e1l de sus 146 lunas conocidas se refer\u00eda al hablar de la luz que brillaba m\u00e1s pura en la apartada orilla. Pero ese lugar llamado espacio, que imaginamos vac\u00edo, est\u00e1 surcado por un n\u00famero incontable de objetos. Y cuando uno de ellos cae <a href=\"https:\/\/elpais.com\/ciencia\/2020-09-09\/que-causa-la-gravedad.html\" target=\"_blank\" rel=\"noopener\" data-link-track-dtm=\"\" data-mrf-link=\"https:\/\/elpais.com\/ciencia\/2020-09-09\/que-causa-la-gravedad.html\">atrapado en la gravedad terrestre<\/a>, tenemos una nueva luna, con min\u00fascula, aunque solo de forma temporal. Es el caso de 2024 PT5, una roca del tama\u00f1o de un cami\u00f3n que nos acompa\u00f1ar\u00e1 como miniluna durante los pr\u00f3ximos dos meses, seg\u00fan los c\u00e1lculos realizados por dos hermanos investigadores espa\u00f1oles.<\/p>\n<p class=\"\">De vez en cuando ocurre que un <a href=\"https:\/\/es.wikipedia.org\/wiki\/Objeto_pr%C3%B3ximo_a_la_Tierra\" target=\"_blank\" rel=\"noopener\" data-link-track-dtm=\"\" data-mrf-link=\"https:\/\/es.wikipedia.org\/wiki\/Objeto_pr%C3%B3ximo_a_la_Tierra\">objeto que pasa cercano a la Tierra<\/a> \u2014se le llama NEO, por sus siglas en ingl\u00e9s\u2014 queda, esta vez s\u00ed, temporalmente capturado por la gravedad terrestre, de modo que dibuja una \u00f3rbita el\u00edptica en torno a nosotros. En este caso, los cient\u00edficos hablan de miniluna. \u201cEl t\u00e9rmino miniluna fue inventado por mi antiguo supervisor (y colega) Robert Jedicke, del Instituto de Astronom\u00eda de la Universidad de Haw\u00e1i\u201d, explica el astr\u00f3nomo Peter Veres, del Centro de Astrof\u00edsica Harvard-Smithsonian y el <a href=\"http:\/\/www.minorplanetcenter.net\/\" data-link-track-dtm=\"\" data-mrf-link=\"http:\/\/www.minorplanetcenter.net\/\">Minor Planet Center<\/a>, el organismo de la Uni\u00f3n Astron\u00f3mica Internacional que centraliza la informaci\u00f3n sobre los planetas menores.<\/p>\n<p class=\"\">Hasta ahora se han conocido cinco <a href=\"https:\/\/elpais.com\/ciencia\/2024-02-10\/zoozve-como-una-errata-en-un-poster-infantil-se-convirtio-en-la-primera-luna-de-venus.html\" target=\"_blank\" rel=\"noopener\" data-link-track-dtm=\"\" data-mrf-link=\"https:\/\/elpais.com\/ciencia\/2024-02-10\/zoozve-como-una-errata-en-un-poster-infantil-se-convirtio-en-la-primera-luna-de-venus.html\">minilunas<i> <\/i>temporales<\/a> de la Tierra. La primera de ellas, 2006 RH120, del tama\u00f1o de un coche peque\u00f1o, dio cuatro vueltas a la Tierra entre 2006 y 2007. Despu\u00e9s se conoci\u00f3 2020 CD3, que se qued\u00f3 con nosotros unos tres a\u00f1os. \u201cEstos objetos permanecen en una \u00f3rbita ca\u00f3tica cerca de la Tierra durante d\u00edas o semanas, sus \u00f3rbitas se ven salvajemente afectadas por la Luna y finalmente son eyectadas del sistema Tierra-Luna\u201d, resume Veres. Otros dos objetos, 1991 VG y 2022 NX1, no permanecieron el tiempo necesario para completar una \u00f3rbita, por lo que algunos cient\u00edficos discuten su condici\u00f3n de minilunas.<\/p>\n<div id=\"sum_twitter\" class=\"a_em _df\" data-oembed-type=\"twitter\">\n<div class=\"twitter-tweet twitter-tweet-rendered\"><iframe id=\"twitter-widget-0\" class=\"\" title=\"X Post\" src=\"https:\/\/platform.twitter.com\/embed\/Tweet.html?dnt=false&amp;embedId=twitter-widget-0&amp;features=eyJ0ZndfdGltZWxpbmVfbGlzdCI6eyJidWNrZXQiOltdLCJ2ZXJzaW9uIjpudWxsfSwidGZ3X2ZvbGxvd2VyX2NvdW50X3N1bnNldCI6eyJidWNrZXQiOnRydWUsInZlcnNpb24iOm51bGx9LCJ0ZndfdHdlZXRfZWRpdF9iYWNrZW5kIjp7ImJ1Y2tldCI6Im9uIiwidmVyc2lvbiI6bnVsbH0sInRmd19yZWZzcmNfc2Vzc2lvbiI6eyJidWNrZXQiOiJvbiIsInZlcnNpb24iOm51bGx9LCJ0ZndfZm9zbnJfc29mdF9pbnRlcnZlbnRpb25zX2VuYWJsZWQiOnsiYnVja2V0Ijoib24iLCJ2ZXJzaW9uIjpudWxsfSwidGZ3X21peGVkX21lZGlhXzE1ODk3Ijp7ImJ1Y2tldCI6InRyZWF0bWVudCIsInZlcnNpb24iOm51bGx9LCJ0ZndfZXhwZXJpbWVudHNfY29va2llX2V4cGlyYXRpb24iOnsiYnVja2V0IjoxMjA5NjAwLCJ2ZXJzaW9uIjpudWxsfSwidGZ3X3Nob3dfYmlyZHdhdGNoX3Bpdm90c19lbmFibGVkIjp7ImJ1Y2tldCI6Im9uIiwidmVyc2lvbiI6bnVsbH0sInRmd19kdXBsaWNhdGVfc2NyaWJlc190b19zZXR0aW5ncyI6eyJidWNrZXQiOiJvbiIsInZlcnNpb24iOm51bGx9LCJ0ZndfdXNlX3Byb2ZpbGVfaW1hZ2Vfc2hhcGVfZW5hYmxlZCI6eyJidWNrZXQiOiJvbiIsInZlcnNpb24iOm51bGx9LCJ0ZndfdmlkZW9faGxzX2R5bmFtaWNfbWFuaWZlc3RzXzE1MDgyIjp7ImJ1Y2tldCI6InRydWVfYml0cmF0ZSIsInZlcnNpb24iOm51bGx9LCJ0ZndfbGVnYWN5X3RpbWVsaW5lX3N1bnNldCI6eyJidWNrZXQiOnRydWUsInZlcnNpb24iOm51bGx9LCJ0ZndfdHdlZXRfZWRpdF9mcm9udGVuZCI6eyJidWNrZXQiOiJvbiIsInZlcnNpb24iOm51bGx9fQ%3D%3D&amp;frame=false&amp;hideCard=false&amp;hideThread=false&amp;id=1833588006353310110&amp;lang=es&amp;origin=https%3A%2F%2Felpais.com%2Fciencia%2F2024-09-27%2Fla-tierra-tendra-una-miniluna-de-quita-y-pon-durante-dos-meses.html&amp;sessionId=86d623182a2c4c3e8a8a5623191eb116e5367fc3&amp;siteScreenName=materia_ciencia&amp;theme=light&amp;widgetsVersion=2615f7e52b7e0%3A1702314776716&amp;width=550px\" frameborder=\"0\" scrolling=\"no\" allowfullscreen=\"allowfullscreen\" data-tweet-id=\"1833588006353310110\" data-mce-fragment=\"1\"><\/iframe><\/div>\n<\/div>\n<p class=\"\">Este \u00faltimo es tambi\u00e9n el caso del nuevo 2024 PT5, un asteroide de unos 11 metros descubierto en agosto de 2024 por el proyecto <a href=\"https:\/\/atlas.fallingstar.com\/index.php\" data-link-track-dtm=\"\" data-mrf-link=\"https:\/\/atlas.fallingstar.com\/index.php\">ATLAS<\/a> mediante uno de los telescopios que utiliza, el de Sutherland en Sud\u00e1frica. El codirector de ATLAS, John Tonry, de la Universidad de Haw\u00e1i, explica que se trata \u201cdel \u00fanico sistema de telescopios que est\u00e1 extendido alrededor del planeta, por lo que siempre est\u00e1 observando todo el cielo\u201d.<\/p>\n<p class=\"\">Una vez descubierto 2024 PT5, el c\u00e1lculo de su trayectoria qued\u00f3 en manos de Carlos y Ra\u00fal de la Fuente Marcos, hermanos investigadores en la Universidad Complutense de Madrid que son un referente mundial en din\u00e1mica orbital. Seg\u00fan su estudio, <a href=\"https:\/\/iopscience.iop.org\/article\/10.3847\/2515-5172\/ad781f\" data-link-track-dtm=\"\" data-mrf-link=\"https:\/\/iopscience.iop.org\/article\/10.3847\/2515-5172\/ad781f\">que acaba de publicarse en <i>Research Notes of the American Astronomical Society<\/i><\/a>, este objeto espacial ha resultado ser una miniluna capturada por la gravedad terrestre que dibujar\u00e1 un lazo en torno a nosotros del 29 de septiembre al 25 de noviembre, antes de desprenderse de la influencia de la gravedad terrestre y proseguir su camino.<\/p>\n<h3 class=\"\">Origen incierto<\/h3>\n<p class=\"\">En cuanto al origen de 2024 PT5, Carlos de la Fuente Marcos explica que pertenece a los Arjunas, \u201cun peque\u00f1o cintur\u00f3n secundario de asteroides que sigue un camino orbital similar al de la Tierra. A su vez, los Arjunas pueden proceder del cintur\u00f3n principal de asteroides, de material lunar eyectado durante los impactos que crean los cr\u00e1teres, y finalmente algunos podr\u00edan proceder de la regi\u00f3n del Sistema Solar interna a la \u00f3rbita de la Tierra\u201d. En concreto, seg\u00fan este astrof\u00edsico, las evidencias apuntan a que, en el caso de nuestra nueva miniluna, su origen lunar parece la hip\u00f3tesis de trabajo m\u00e1s razonable.<\/p>\n<p><strong><a class=\"a_md_a_n\" title=\"Ver todas las noticias de Javier Yanes\" href=\"https:\/\/elpais.com\/autor\/javier-yanes-gomez\/#?rel=author_top\" data-mrf-link=\"https:\/\/elpais.com\/autor\/javier-yanes-gomez\/\">Javier Yanes<\/a><\/strong><\/p>\n<p>FOTO: Recreaci\u00f3n art\u00edstica de un asteroide en las proximidades de la Tierra.<span class=\"a_m_m\">NASA<\/span><\/p>\n<p>https:\/\/elpais.com\/ciencia\/2024-09-27\/la-tierra-tendra-una-miniluna-de-quita-y-pon-durante-dos-meses.html#?rel=lom<\/p>\n<\/div>\n<\/article>\n<div class=\"a_md _g _g-xs ni\">\n<div class=\"a_md_txt\">\n<div class=\"a_md_a\" data-dtm-region=\"articulo_firma\">\u00a0<\/div>\n<\/div>\n<\/div>\n","protected":false},"excerpt":{"rendered":"<p>Una roca del tama\u00f1o de un cami\u00f3n, llamada 2024 PT5, caer\u00e1 en la \u00f3rbita terrestre&#8230;<\/p>\n","protected":false},"author":1,"featured_media":71484,"comment_status":"closed","ping_status":"closed","sticky":false,"template":"","format":"standard","meta":{"_coblocks_attr":"","_coblocks_dimensions":"","_coblocks_responsive_height":"","_coblocks_accordion_ie_support":"","jetpack_post_was_ever_published":false,"_jetpack_newsletter_access":"","_jetpack_dont_email_post_to_subs":false,"_jetpack_newsletter_tier_id":0,"_jetpack_memberships_contains_paywalled_content":false,"_jetpack_memberships_contains_paid_content":false,"footnotes":"","jetpack_publicize_message":"","jetpack_publicize_feature_enabled":true,"jetpack_social_post_already_shared":true,"jetpack_social_options":{"image_generator_settings":{"template":"highway","default_image_id":0,"enabled":false},"version":2}},"categories":[9,44,6937],"tags":[],"class_list":["post-71478","post","type-post","status-publish","format-standard","has-post-thumbnail","hentry","category-medio-ambiente","category-noticias-de-hoy","category-sociedad"],"jetpack_publicize_connections":[],"jetpack_featured_media_url":"https:\/\/i0.wp.com\/miradordeatarfe.es\/wp-content\/uploads\/2024\/09\/Screenshot-2024-09-29-at-21-27-19-La-Tierra-tendra-una-miniluna-de-quita-y-pon-durante-dos-meses-Ciencia-EL-PAIS.png?fit=651%2C523&ssl=1","jetpack_likes_enabled":true,"jetpack_sharing_enabled":true,"_links":{"self":[{"href":"https:\/\/miradordeatarfe.es\/index.php?rest_route=\/wp\/v2\/posts\/71478","targetHints":{"allow":["GET"]}}],"collection":[{"href":"https:\/\/miradordeatarfe.es\/index.php?rest_route=\/wp\/v2\/posts"}],"about":[{"href":"https:\/\/miradordeatarfe.es\/index.php?rest_route=\/wp\/v2\/types\/post"}],"author":[{"embeddable":true,"href":"https:\/\/miradordeatarfe.es\/index.php?rest_route=\/wp\/v2\/users\/1"}],"replies":[{"embeddable":true,"href":"https:\/\/miradordeatarfe.es\/index.php?rest_route=%2Fwp%2Fv2%2Fcomments&post=71478"}],"version-history":[{"count":2,"href":"https:\/\/miradordeatarfe.es\/index.php?rest_route=\/wp\/v2\/posts\/71478\/revisions"}],"predecessor-version":[{"id":71486,"href":"https:\/\/miradordeatarfe.es\/index.php?rest_route=\/wp\/v2\/posts\/71478\/revisions\/71486"}],"wp:featuredmedia":[{"embeddable":true,"href":"https:\/\/miradordeatarfe.es\/index.php?rest_route=\/wp\/v2\/media\/71484"}],"wp:attachment":[{"href":"https:\/\/miradordeatarfe.es\/index.php?rest_route=%2Fwp%2Fv2%2Fmedia&parent=71478"}],"wp:term":[{"taxonomy":"category","embeddable":true,"href":"https:\/\/miradordeatarfe.es\/index.php?rest_route=%2Fwp%2Fv2%2Fcategories&post=71478"},{"taxonomy":"post_tag","embeddable":true,"href":"https:\/\/miradordeatarfe.es\/index.php?rest_route=%2Fwp%2Fv2%2Ftags&post=71478"}],"curies":[{"name":"wp","href":"https:\/\/api.w.org\/{rel}","templated":true}]}}